{"id":141403,"date":"2026-04-27T17:26:03","date_gmt":"2026-04-27T17:26:03","guid":{"rendered":"https:\/\/rdnews.al\/?p=141403"},"modified":"2026-04-27T17:26:03","modified_gmt":"2026-04-27T17:26:03","slug":"berisha-ne-kemi-rrezuar-shpifjet-antishqiptare-te-lobisteve-te-korruptuar-te-rames","status":"publish","type":"post","link":"https:\/\/rdnews.al\/index.php\/2026\/04\/27\/berisha-ne-kemi-rrezuar-shpifjet-antishqiptare-te-lobisteve-te-korruptuar-te-rames\/","title":{"rendered":"Berisha: Ne kemi rr\u00ebzuar shpifjet antishqiptare t\u00eb lobist\u00ebve t\u00eb korruptuar t\u00eb Ram\u00ebs!"},"content":{"rendered":"<p>Kryetari i PD, Sali Berisha, duke folur n\u00eb mbledhjen me drejtuesit e deg\u00ebve t\u00eb PD s\u00eb vendit, \u00ebsht\u00eb shprehur se, Edi Rama e ka pengmarrja kultur\u00eb t\u00eb tij, dhe ajo nuk \u00ebsht\u00eb kultur\u00eb e shqiptar\u00ebve.<\/p>\n<p>Berisha tha se, ne kemi rr\u00ebzuar shpifjet antishqiptare t\u00eb lobist\u00ebve t\u00eb korruptuar t\u00eb Ram\u00ebs!<\/p>\n<p><strong>Berisha: <\/strong>Ju duhet t\u00eb dini nj\u00eb gj\u00eb, q\u00eb k\u00ebto aferat e Ballukut shkojn\u00eb miliarda.<\/p>\n<p>Ato 6 dosje q\u00eb jan\u00eb marr\u00eb nga prokuror\u00ebt, ishin 1.2 miliard\u00eb.<\/p>\n<p>Por ajo absolutisht n\u00eb \u00e7do firm\u00eb q\u00eb ka, ka nj\u00eb afer\u00eb t\u00eb saj.<\/p>\n<p>Ajo ka administruar 12 miliard\u00eb euro t\u00eb taksapaguesve shqiptar\u00eb.<\/p>\n<p>Por duhet t\u00eb themi se p\u00ebrkrah virulenc\u00ebs s\u00eb krimit, n\u00eb krye t\u00eb t\u00eb gjithave q\u00ebndron AKSHI, q\u00ebndron gropa e zez\u00eb e Edi Ram\u00ebs, kopshti i Edi Ram\u00ebs.<\/p>\n<p>E theksova dhe para dy dit\u00ebve, ua them edhe ju k\u00ebtu, AKSHI jan\u00eb qindra e qindra milion\u00eb euro t\u00eb pla\u00e7kitura nga kunati i Linda Ram\u00ebs dhe t\u00eb gjith\u00eb skenar\u00ebt q\u00eb keni d\u00ebguar ju t\u00eb pengmarrjeve, kan\u00eb pasur vet\u00ebm nj\u00eb q\u00ebllim, q\u00eb tenderat t\u2019i fitoj\u00eb Linda Rama me kunatin e saj, Armand Frangu.<\/p>\n<p>Po \u00ebsht\u00eb vet\u00ebm nj\u00ebri aspekt kjo q\u00eb po u them ju, aspekti tjet\u00ebr \u00ebsht\u00eb se jan\u00eb fshir\u00eb dhe ndryshuar pron\u00ebsi n\u00eb mij\u00ebra e mij\u00ebra raste.<\/p>\n<p>Se Ergys Agasi me porosi t\u00eb Edi Ram\u00ebs dhe n\u00ebn udh\u00ebheqjen e Ram\u00ebs ka shtrir\u00eb duart e tij t\u00eb zeza n\u00eb t\u00eb gjith\u00eb materialin dixhital q\u00eb ka pasur e-Albania apo institucionet e vendit.<\/p>\n<p>Dhe m\u00eb i \u00e7muari natyrisht jan\u00eb pronat.<\/p>\n<p>Kan\u00eb dekodifikuar emailet e qytetar\u00ebve dhe pastaj kan\u00eb b\u00ebr\u00eb transferta dhe zhdukjen, zhvendosjet e mij\u00ebra e mij\u00ebra pronave.<\/p>\n<p>Sukses i madh \u00ebsht\u00eb AKSHI, thoshte Edi Rama.<\/p>\n<p>Dhe sot Edi Rama ka vendosur n\u00eb drejtim t\u00eb atij institucioni nj\u00eb delinkuent q\u00eb ka marr\u00eb pjes\u00eb n\u00eb k\u00ebto operacione, n\u00eb m\u00ebnyr\u00eb q\u00eb t\u00eb ruaj\u00eb kontrollin e plot\u00eb. Nj\u00eb Igli Tafaj.<\/p>\n<p>Pra, Edi Rama mbron me \u00e7do kusht t\u00eb gjith\u00eb zot\u00ebrimin mbi AKSHI-n.<\/p>\n<p>Publikisht, pafytyr\u00ebsisht e paraqet Mirlind\u00ebn si t\u00eb pafajshme, si t\u00eb gjor\u00eb.<\/p>\n<p>\u00c7far\u00eb u thot\u00eb shqiptar\u00ebve ky sot? Ky \u00ebsht\u00eb i pafytyr\u00eb. Kur u thoshte ajo e ndershmja edhe apartamentin e ka me qira, n\u00eb nj\u00eb koh\u00eb kur ajo ka vila dhe apartamente t\u00eb bler\u00eb me parat\u00eb e vjedhura t\u00eb qytetar\u00ebve shqiptar\u00eb.<\/p>\n<p>Pse po i them k\u00ebto?<\/p>\n<p>I them k\u00ebto p\u00ebr t\u00eb mos pasur asnj\u00eb iluzion se sot \u00ebsht\u00eb m\u00eb keq se dje.<\/p>\n<p>Se largimi i Ballukut nuk p\u00ebrb\u00ebn kurrfar\u00eb arritje, p\u00ebrkundrazi p\u00ebrb\u00ebn nj\u00eb p\u00ebrpjekje t\u00eb Edi Ram\u00ebs p\u00ebr t\u2019u fshehur pas k\u00ebtij akti p\u00ebr krimet e r\u00ebnda q\u00eb ka kryer.<\/p>\n<p>Ndaj dhe PD ndodhet para nj\u00eb situate t\u00eb jasht\u00ebzakonshme.<\/p>\n<p>An\u00ebtar\u00ebt dhe mb\u00ebshtet\u00ebsit e saj jan\u00eb para nj\u00eb situat\u00eb t\u00eb jasht\u00ebzakonshme dhe duhet t\u2019i p\u00ebrgjigjen n\u00eb m\u00ebnyr\u00eb t\u00eb jasht\u00ebzakonshme.<\/p>\n<p>Duhet t\u2019i p\u00ebrgjigjemi me kryengritje paq\u00ebsore gjer n\u00eb realizimin e q\u00ebllimit ton\u00eb.<\/p>\n<p>Un\u00eb e kuptoj se jan\u00eb jo t\u00eb pakt\u00eb ata q\u00eb shtrojn\u00eb pyetjen: \u00e7far\u00eb arrit\u00ebm.<\/p>\n<p>Me durim u shpjegohet se \u00e7far\u00eb do t\u00eb ndodhte po t\u00eb mos ishim ngritur.<\/p>\n<p>Ia dol\u00ebm q\u00eb t\u00eb hedhim posht\u00eb shpifjen m\u00eb antishqiptare q\u00eb kisha d\u00ebgjuar ndonj\u00ebher\u00eb, lobimet korruptive t\u00eb Edi Ram\u00ebs n\u00eb qendra shum\u00eb t\u00eb r\u00ebnd\u00ebsishme vendimmarrje, deklaronin p\u00ebr t\u00eb mbrojtur Edi Ram\u00ebn, se imuniteti i Ballukut \u00ebsht\u00eb interpretim shqiptar.<\/p>\n<p>Dhe se kur qytetar\u00ebt nuk ngrihen kund\u00ebr, se ne nuk jemi qytetar\u00eb sipas k\u00ebtyre racist\u00ebve, at\u00ebher\u00eb nuk ke \u00e7far\u00eb t\u2019i b\u00ebsh korrupsionit.<\/p>\n<p>Nuk ka faj Edi Rama q\u00eb vjedh.<\/p>\n<p>Duhet t\u00eb vjedh\u00eb Edi Rama meq\u00eb qytetar\u00ebt nuk ngrihen.<\/p>\n<p>Logjik\u00eb e till\u00eb.<\/p>\n<p>E para nj\u00ebher\u00eb, ju jeni k\u00ebtu dhe shqiptar\u00ebt e din\u00eb se n\u00eb vitin 2009, 2010, 2011 jan\u00eb k\u00ebrkuar imunitete ministrash, z\u00ebvend\u00ebsministrash dhe askujt nuk i ka shkuar kurr\u00eb nd\u00ebrmend p\u00ebr t\u2019i bllokuar ato.<\/p>\n<p>Jan\u00eb dor\u00ebzuar pa u hequr nga parlamenti.<\/p>\n<p>Kurse tani q\u00eb bllokohen, tani duan t\u00eb na paraqesin si interpretim.<\/p>\n<p>Dhe e b\u00ebjn\u00eb k\u00ebt\u00eb lobist\u00eb t\u00eb korruptuar nga Edi Rama.<\/p>\n<p>Por fatmir\u00ebsisht jan\u00eb t\u00eb shumt\u00eb miqt\u00eb e Shqip\u00ebris\u00eb q\u00eb nuk e pranojn\u00eb nj\u00eb logjik\u00eb t\u00eb till\u00eb.<\/p>\n<p>Ose p\u00ebr AKSHI-n, q\u00eb qenka kultur\u00eb shqiptare kjo pengmarrja. Ka turp m\u00eb t\u00eb madh?<\/p>\n<p>N\u00eb memorien 34-vje\u00e7are un\u00eb mbaj mend vet\u00ebm nj\u00eb biznesmen t\u00eb marr\u00eb peng. Dhe po t\u00eb marr\u00ebsh \u00e7do vend tjet\u00ebr e ka nj\u00eb biznesmen t\u00eb marr\u00eb peng.<\/p>\n<p>Por nuk \u00ebsht\u00eb kultur\u00eb shqiptare pengmarrja.<\/p>\n<p>N\u00eb nj\u00eb koh\u00eb kur sip\u00ebrmarrja shtet\u00ebrore e ka t\u00eb pakt\u00ebn tre t\u00eb deklaruara gjer tani t\u00eb marr\u00eb peng.<\/p>\n<p>Pengmarrja \u00ebsht\u00eb kultur\u00eb e Edi Ram\u00ebs dhe jo e shqiptar\u00ebve.<\/p>\n<p>Por lobist\u00ebt e paraqesin se qenka kultur\u00eb e jona.<\/p>\n","protected":false},"excerpt":{"rendered":"<p>Kryetari i PD, Sali Berisha, duke folur n\u00eb mbledhjen me drejtuesit e deg\u00ebve t\u00eb PD s\u00eb vendit, \u00ebsht\u00eb shprehur se, Edi Rama e ka pengmarrja kultur\u00eb t\u00eb tij, dhe ajo nuk \u00ebsht\u00eb kultur\u00eb e shqiptar\u00ebve. Berisha tha se, ne kemi rr\u00ebzuar shpifjet antishqiptare t\u00eb lobist\u00ebve t\u00eb korruptuar t\u00eb Ram\u00ebs! Berisha: Ju duhet t\u00eb dini nj\u00eb &hellip;<\/p>\n","protected":false},"author":4,"featured_media":141404,"comment_status":"closed","ping_status":"closed","sticky":false,"template":"","format":"standard","meta":{"footnotes":""},"categories":[37],"tags":[],"class_list":["post-141403","post","type-post","status-publish","format-standard","has-post-thumbnail","","category-politike"],"_links":{"self":[{"href":"https:\/\/rdnews.al\/index.php\/wp-json\/wp\/v2\/posts\/141403","targetHints":{"allow":["GET"]}}],"collection":[{"href":"https:\/\/rdnews.al\/index.php\/wp-json\/wp\/v2\/posts"}],"about":[{"href":"https:\/\/rdnews.al\/index.php\/wp-json\/wp\/v2\/types\/post"}],"author":[{"embeddable":true,"href":"https:\/\/rdnews.al\/index.php\/wp-json\/wp\/v2\/users\/4"}],"replies":[{"embeddable":true,"href":"https:\/\/rdnews.al\/index.php\/wp-json\/wp\/v2\/comments?post=141403"}],"version-history":[{"count":1,"href":"https:\/\/rdnews.al\/index.php\/wp-json\/wp\/v2\/posts\/141403\/revisions"}],"predecessor-version":[{"id":141405,"href":"https:\/\/rdnews.al\/index.php\/wp-json\/wp\/v2\/posts\/141403\/revisions\/141405"}],"wp:featuredmedia":[{"embeddable":true,"href":"https:\/\/rdnews.al\/index.php\/wp-json\/wp\/v2\/media\/141404"}],"wp:attachment":[{"href":"https:\/\/rdnews.al\/index.php\/wp-json\/wp\/v2\/media?parent=141403"}],"wp:term":[{"taxonomy":"category","embeddable":true,"href":"https:\/\/rdnews.al\/index.php\/wp-json\/wp\/v2\/categories?post=141403"},{"taxonomy":"post_tag","embeddable":true,"href":"https:\/\/rdnews.al\/index.php\/wp-json\/wp\/v2\/tags?post=141403"}],"curies":[{"name":"wp","href":"https:\/\/api.w.org\/{rel}","templated":true}]}}