{"id":141414,"date":"2026-04-27T17:53:46","date_gmt":"2026-04-27T17:53:46","guid":{"rendered":"https:\/\/rdnews.al\/?p=141414"},"modified":"2026-04-27T17:53:46","modified_gmt":"2026-04-27T17:53:46","slug":"rama-e-paralajmeroi-per-perjashtim-spiropali-nuk-me-perjashton-dot-ajo","status":"publish","type":"post","link":"https:\/\/rdnews.al\/index.php\/2026\/04\/27\/rama-e-paralajmeroi-per-perjashtim-spiropali-nuk-me-perjashton-dot-ajo\/","title":{"rendered":"Rama e paralajm\u00ebroi p\u00ebr p\u00ebrjashtim, Spiropali: Nuk m\u00eb p\u00ebrjashton dot ajo&#8230;"},"content":{"rendered":"<p class=\"TableParagraph\">Nj\u00eb tjet\u00ebr situat\u00eb tensioni raportohet t\u00eb ket\u00eb ndodhur gjat\u00eb mbledhjes s\u00eb grupit parlamentar socialist, mes Edi Ram\u00ebs dhe Elisa Spiropalit.<\/p>\n<p class=\"TableParagraph\">Burime p\u00ebr mediat b\u00ebjn\u00eb me dije se teksa Rama ka marr\u00eb fjal\u00ebn, i \u00ebsht\u00eb drejtuar me kritika Spiropalit, nd\u00ebrsa ka paralajm\u00ebruar k\u00ebt\u00eb t\u00eb fundit p\u00ebr p\u00ebrjashtim nga grupi.<\/p>\n<p class=\"TableParagraph\">Ai i tha Spiropalit se her\u00ebn e par\u00eb nuk votoi p\u00ebr \u00e7\u00ebshtjen e Belinda Ballukut, her\u00ebn e dyt\u00eb b\u00ebri nj\u00eb postim kund\u00ebr Partis\u00eb Socialiste.<\/p>\n<p class=\"TableParagraph\">\u201cHer\u00ebn e tret\u00eb do dal\u00ebsh nga grupi,\u201d i tha Rama.<\/p>\n<p class=\"TableParagraph\">Edhe pse Spiropali k\u00ebrkoi t\u00eb drejt\u00ebn e fjal\u00ebs, Rama nuk e lejoi.<\/p>\n<p class=\"TableParagraph\">Megjithat\u00eb ish-ministrja e Jashtme m\u00ebsohet se i tha Ram\u00ebs se nuk e p\u00ebrjashton Belinda Balluku, por e p\u00ebrjashton Rama.<\/p>\n<p class=\"TableParagraph\">\u201cNuk \u00ebsht\u00eb trim\u00ebri t\u00eb p\u00ebrjashtosh, trim\u00ebri \u00ebsht\u00eb t\u00eb d\u00ebgjosh. M\u00eb p\u00ebrjashton ti, jo ajo\u201d, \u00ebsht\u00eb p\u00ebrgjigjur Spiropali.<\/p>\n<p class=\"TableParagraph\">Kurse Rama vazhdoi k\u00ebrc\u00ebnimet duke i th\u00ebn\u00eb se ose do jesh me ne, ose p\u00ebrball\u00eb nesh.<\/p>\n","protected":false},"excerpt":{"rendered":"<p>Nj\u00eb tjet\u00ebr situat\u00eb tensioni raportohet t\u00eb ket\u00eb ndodhur gjat\u00eb mbledhjes s\u00eb grupit parlamentar socialist, mes Edi Ram\u00ebs dhe Elisa Spiropalit. Burime p\u00ebr mediat b\u00ebjn\u00eb me dije se teksa Rama ka marr\u00eb fjal\u00ebn, i \u00ebsht\u00eb drejtuar me kritika Spiropalit, nd\u00ebrsa ka paralajm\u00ebruar k\u00ebt\u00eb t\u00eb fundit p\u00ebr p\u00ebrjashtim nga grupi. Ai i tha Spiropalit se her\u00ebn e &hellip;<\/p>\n","protected":false},"author":4,"featured_media":141415,"comment_status":"closed","ping_status":"closed","sticky":false,"template":"","format":"standard","meta":{"footnotes":""},"categories":[37],"tags":[],"class_list":["post-141414","post","type-post","status-publish","format-standard","has-post-thumbnail","","category-politike"],"_links":{"self":[{"href":"https:\/\/rdnews.al\/index.php\/wp-json\/wp\/v2\/posts\/141414","targetHints":{"allow":["GET"]}}],"collection":[{"href":"https:\/\/rdnews.al\/index.php\/wp-json\/wp\/v2\/posts"}],"about":[{"href":"https:\/\/rdnews.al\/index.php\/wp-json\/wp\/v2\/types\/post"}],"author":[{"embeddable":true,"href":"https:\/\/rdnews.al\/index.php\/wp-json\/wp\/v2\/users\/4"}],"replies":[{"embeddable":true,"href":"https:\/\/rdnews.al\/index.php\/wp-json\/wp\/v2\/comments?post=141414"}],"version-history":[{"count":1,"href":"https:\/\/rdnews.al\/index.php\/wp-json\/wp\/v2\/posts\/141414\/revisions"}],"predecessor-version":[{"id":141416,"href":"https:\/\/rdnews.al\/index.php\/wp-json\/wp\/v2\/posts\/141414\/revisions\/141416"}],"wp:featuredmedia":[{"embeddable":true,"href":"https:\/\/rdnews.al\/index.php\/wp-json\/wp\/v2\/media\/141415"}],"wp:attachment":[{"href":"https:\/\/rdnews.al\/index.php\/wp-json\/wp\/v2\/media?parent=141414"}],"wp:term":[{"taxonomy":"category","embeddable":true,"href":"https:\/\/rdnews.al\/index.php\/wp-json\/wp\/v2\/categories?post=141414"},{"taxonomy":"post_tag","embeddable":true,"href":"https:\/\/rdnews.al\/index.php\/wp-json\/wp\/v2\/tags?post=141414"}],"curies":[{"name":"wp","href":"https:\/\/api.w.org\/{rel}","templated":true}]}}