{"id":141425,"date":"2026-04-27T18:21:42","date_gmt":"2026-04-27T18:21:42","guid":{"rendered":"https:\/\/rdnews.al\/?p=141425"},"modified":"2026-04-27T18:21:42","modified_gmt":"2026-04-27T18:21:42","slug":"berisha-ramen-e-mbron-vetem-mafia-shqiptaret-po-blejne-jashte-per-shkak-te-kostos-se-larte-te-jeteses","status":"publish","type":"post","link":"https:\/\/rdnews.al\/index.php\/2026\/04\/27\/berisha-ramen-e-mbron-vetem-mafia-shqiptaret-po-blejne-jashte-per-shkak-te-kostos-se-larte-te-jeteses\/","title":{"rendered":"Berisha: Ram\u00ebn e mbron vet\u00ebm mafia, shqiptar\u00ebt po blejn\u00eb jasht\u00eb p\u00ebr shkak t\u00eb kostos s\u00eb lart\u00eb t\u00eb jetes\u00ebs!"},"content":{"rendered":"<p>Kryetari i PD, Sali Berisha ka ashp\u00ebrsuar akuzat ndaj Ram\u00ebs, duke deklaruar se ai mbrohet vet\u00ebm nga mafia, nd\u00ebrsa sipas tij qytetar\u00ebt shqiptar\u00eb po detyrohen t\u00eb b\u00ebjn\u00eb pazaret n\u00eb vendet fqinje p\u00ebr shkak t\u00eb kostos s\u00eb lart\u00eb t\u00eb jetes\u00ebs n\u00eb vend.<\/p>\n<p>Gjat\u00eb fjal\u00ebs para qytetar\u00ebve, Berisha theksoi se, Shqip\u00ebria ka paga t\u00eb ul\u00ebta dhe \u00e7mime t\u00eb larta, duke e cil\u00ebsuar vendin si nj\u00eb nga m\u00eb t\u00eb shtrenjt\u00ebt p\u00ebr t\u00eb jetuar n\u00eb raport me t\u00eb ardhurat.<\/p>\n<p><strong>Berisha: <\/strong>Edi Rama k\u00ebrkoi mbrojtje n\u00eb Dib\u00ebr, n\u00eb nj\u00eb koh\u00eb kur Dibra \u00ebsht\u00eb boshatisur si kurr\u00eb n\u00eb historin\u00eb e saj.<\/p>\n<p>Jo vet\u00ebm Dibra, por pothuajse e gjith\u00eb Shqip\u00ebria rurale \u00ebsht\u00eb b\u00ebr\u00eb si pothuajse e paqen\u00eb.<\/p>\n<p>\u00cbsht\u00eb vendosur n\u00eb hap\u00ebsir\u00ebn e ekzistenc\u00ebs apo mosekzistenc\u00ebs s\u00eb saj.<\/p>\n<p>Sot, mij\u00ebra qytetar\u00eb nga Dibra, nga Kor\u00e7a, nga Tropoja, Kuk\u00ebsi, Shkodra, vrapojn\u00eb t\u00eb blejn\u00eb naft\u00ebn n\u00eb vendet p\u00ebrreth.<\/p>\n<p>Vrapojn\u00eb t\u00eb b\u00ebjn\u00eb pazaret n\u00eb vendet p\u00ebrreth sepse Shqip\u00ebria \u00ebsht\u00eb vendi me rrogat m\u00eb t\u00eb ul\u00ebta dhe \u00e7mimet m\u00eb t\u00eb larta.<\/p>\n<p>\u00cbsht\u00eb vendi i shnd\u00ebrruar n\u00eb koston m\u00eb t\u00eb lart\u00eb t\u00eb jetes\u00ebs dhe t\u00eb pap\u00ebrballueshme.<\/p>\n<p>At\u00ebher\u00eb kush mund ta mbroj\u00eb Edi Ram\u00ebn sot? Askush.<\/p>\n<p>Por Edi Ram\u00ebn nuk e mbrojn\u00eb dot as socialist\u00ebt.<\/p>\n<p>E mbron vet\u00ebm mafia q\u00eb ndan me ta krimin.<\/p>\n<p>Dhe mos harroni se ajo parti \u00ebsht\u00eb themeluar mbi krimin, ka vazhduar mbi krimin dhe sot \u00ebsht\u00eb e pushtuar nga krimi.<\/p>\n<p>Socialist t\u00eb ndersh\u00ebm q\u00eb e mbron at\u00eb, nuk ka.<\/p>\n<p>Qytetar t\u00eb ndersh\u00ebm q\u00eb e mbron at\u00eb, nuk ka.<\/p>\n<p>Shqiptar t\u00eb ndersh\u00ebm q\u00eb i thot\u00eb vet\u00ebs shqiptar dhe mbron at\u00eb, nuk ka.<\/p>\n<p>Nuk ka pasur antishqiptar m\u00eb t\u00eb hapur pas Enver Hoxh\u00ebs se Edi Rama.<\/p>\n<p>Imagjinoni pak, cila ishte pozita e Beogradit n\u00eb vitin 2013 dhe si e ndihmoi ky q\u00eb dele t\u00eb zez\u00eb t\u00eb b\u00ebj\u00eb Prishtin\u00ebn dhe t\u00eb nxjerr\u00eb Beogradin si konstruktiv, sh\u00ebrb\u00ebtori i Vu\u00e7i\u00e7it.<\/p>\n<p>Nuk e harrojn\u00eb shqiptar\u00ebt k\u00ebt\u00eb.<\/p>\n<p>Nuk e harrojn\u00eb shqiptar\u00ebt kurr\u00eb shpalljen e veriut t\u00eb Kosov\u00ebs si tok\u00eb e askujt.<\/p>\n<p>Nuk harrojn\u00eb shqiptar\u00ebt kurr\u00eb projektin e shtrirjes s\u00eb shtetit serb n\u00eb Kosov\u00eb, t\u00eb asociacionit q\u00eb thot\u00eb ky.<\/p>\n<p>Nuk harrojn\u00eb shqiptar\u00ebt kurr\u00eb k\u00ebrc\u00ebnimin q\u00eb i b\u00ebri me Vu\u00e7i\u00e7in dhe Putinin Kosov\u00ebs se do p\u00ebrfundojn\u00eb n\u00eb koh\u00ebn e bronzit.<\/p>\n<p>Nuk harrojn\u00eb shqiptar\u00ebt kurr\u00eb zhdukjen e Kosov\u00ebs nga harta e Ballkanit t\u00eb Hapur dhe paraqitjen e saj si territori i Serbis\u00eb.<\/p>\n<p>Nuk harrojn\u00eb shqiptar\u00ebt kurr\u00eb sanksionet q\u00eb vendosi ndaj qeveris\u00eb s\u00eb Kosov\u00ebs dhe Kosov\u00ebs ky bastard vet\u00ebm p\u00ebr t\u00eb zbatuar urdhrat e Beogradit.<\/p>\n<p>Nuk harrojn\u00eb shqiptar\u00ebt kurr\u00eb Ballkanin e Hapur q\u00eb shkat\u00ebrroi bujq\u00ebsin\u00eb shqiptare dhe tregun shqiptar.<\/p>\n","protected":false},"excerpt":{"rendered":"<p>Kryetari i PD, Sali Berisha ka ashp\u00ebrsuar akuzat ndaj Ram\u00ebs, duke deklaruar se ai mbrohet vet\u00ebm nga mafia, nd\u00ebrsa sipas tij qytetar\u00ebt shqiptar\u00eb po detyrohen t\u00eb b\u00ebjn\u00eb pazaret n\u00eb vendet fqinje p\u00ebr shkak t\u00eb kostos s\u00eb lart\u00eb t\u00eb jetes\u00ebs n\u00eb vend. Gjat\u00eb fjal\u00ebs para qytetar\u00ebve, Berisha theksoi se, Shqip\u00ebria ka paga t\u00eb ul\u00ebta dhe \u00e7mime &hellip;<\/p>\n","protected":false},"author":4,"featured_media":141426,"comment_status":"closed","ping_status":"closed","sticky":false,"template":"","format":"standard","meta":{"footnotes":""},"categories":[37],"tags":[],"class_list":["post-141425","post","type-post","status-publish","format-standard","has-post-thumbnail","","category-politike"],"_links":{"self":[{"href":"https:\/\/rdnews.al\/index.php\/wp-json\/wp\/v2\/posts\/141425","targetHints":{"allow":["GET"]}}],"collection":[{"href":"https:\/\/rdnews.al\/index.php\/wp-json\/wp\/v2\/posts"}],"about":[{"href":"https:\/\/rdnews.al\/index.php\/wp-json\/wp\/v2\/types\/post"}],"author":[{"embeddable":true,"href":"https:\/\/rdnews.al\/index.php\/wp-json\/wp\/v2\/users\/4"}],"replies":[{"embeddable":true,"href":"https:\/\/rdnews.al\/index.php\/wp-json\/wp\/v2\/comments?post=141425"}],"version-history":[{"count":2,"href":"https:\/\/rdnews.al\/index.php\/wp-json\/wp\/v2\/posts\/141425\/revisions"}],"predecessor-version":[{"id":141428,"href":"https:\/\/rdnews.al\/index.php\/wp-json\/wp\/v2\/posts\/141425\/revisions\/141428"}],"wp:featuredmedia":[{"embeddable":true,"href":"https:\/\/rdnews.al\/index.php\/wp-json\/wp\/v2\/media\/141426"}],"wp:attachment":[{"href":"https:\/\/rdnews.al\/index.php\/wp-json\/wp\/v2\/media?parent=141425"}],"wp:term":[{"taxonomy":"category","embeddable":true,"href":"https:\/\/rdnews.al\/index.php\/wp-json\/wp\/v2\/categories?post=141425"},{"taxonomy":"post_tag","embeddable":true,"href":"https:\/\/rdnews.al\/index.php\/wp-json\/wp\/v2\/tags?post=141425"}],"curies":[{"name":"wp","href":"https:\/\/api.w.org\/{rel}","templated":true}]}}