{"id":141429,"date":"2026-04-27T18:25:52","date_gmt":"2026-04-27T18:25:52","guid":{"rendered":"https:\/\/rdnews.al\/?p=141429"},"modified":"2026-04-27T18:25:52","modified_gmt":"2026-04-27T18:25:52","slug":"berisha-rama-eshte-serb-e-kaluar-serbeve-me-8-maj-do-ti-japim-mesimin-qe-meriton","status":"publish","type":"post","link":"https:\/\/rdnews.al\/index.php\/2026\/04\/27\/berisha-rama-eshte-serb-e-kaluar-serbeve-me-8-maj-do-ti-japim-mesimin-qe-meriton\/","title":{"rendered":"Berisha: Rama \u00ebsht\u00eb serb e kaluar serb\u00ebve! M\u00eb 8 maj do t\u2019i japim m\u00ebsimin q\u00eb meriton!"},"content":{"rendered":"<p>Kryetari i Partis\u00eb Demokratike, Sali Berisha, u shpreh gjat\u00eb fjal\u00ebs s\u00eb tij n\u00eb \u201cFoltoren\u201d para kryeministris\u00eb, se, n\u00eb 8 maj qytetar\u00ebt do ti japin Edi Ram\u00ebs, m\u00ebsimin q\u00eb meriton.<\/p>\n<p>Ai kritikoi gjithashtu iniciativat rajonale dhe marr\u00ebdh\u00ebniet me Aleksandar Vu\u00e7i\u00e7 si dhe q\u00ebndrimet ndaj Kosova, duke i cil\u00ebsuar ato si t\u00eb d\u00ebmshme p\u00ebr interesat shqiptare.<\/p>\n<p><strong>Berisha: <\/strong>Nuk harrojn\u00eb shqiptar\u00ebt, kan\u00eb memorie.<\/p>\n<p>Dhe thirrjet e tij nga samiti n\u00eb samit n\u00eb mbrojtje t\u00eb padronit t\u00eb tij Vu\u00e7i\u00e7, q\u00eb t\u00eb mos zbatoj\u00eb sanksionet e Rusis\u00eb. Se k\u00ebt\u00eb nuk mund ta b\u00ebj\u00eb.<\/p>\n<p>Nuk harrojn\u00eb shqiptar\u00ebt q\u00eb ky serb e kaluar serb\u00ebve, q\u00eb me t\u00eb drejt\u00eb \u00ebsht\u00eb quajtur kryeministri m\u00eb i mir\u00eb i Serbis\u00eb pas Pashiqit, vallen e Ballkanit t\u00eb Hapur, duke p\u00ebrjashtuar Kosov\u00ebn.<\/p>\n<p>Nuk harrojn\u00eb shqiptar\u00ebt kurr\u00eb dhe thirrjen q\u00eb drejtonte ky paranojak i shpifur, i turpsh\u00ebm, i cili vet\u00ebm para dy muajsh deklaronte n\u00eb samite nd\u00ebrkomb\u00ebtare se Europa \u00ebsht\u00eb paqja, se Europa \u00ebsht\u00eb morali i paqes, se Europa \u00ebsht\u00eb kultura e paqes dhe se Europa nuk ka nevoj\u00eb t\u00eb marr\u00eb k\u00ebshilla nga p\u00ebrtej Atlantikut.<\/p>\n<p>Ky, ky, po, po.<\/p>\n<p>Kurse dje, dilte si z\u00ebdh\u00ebn\u00ebs i Putinit, Europa nuk i flet Putinit, duhet t\u00eb dialogoj\u00eb me Putinin.<\/p>\n<p>Asnj\u00eb komb i qytet\u00ebruar nuk mban n\u00eb krye nj\u00eb tradhtar si ky.<\/p>\n<p>Asnj\u00eb komb i qytet\u00ebruar nuk pranon t\u00eb qeveriset nga nj\u00eb apatrid si ky.<\/p>\n<p>Miq, Edi Rama \u00ebsht\u00eb i plagosur p\u00ebr vdekje, nuk ka shpres\u00eb.<\/p>\n<p>Ai mendoi se e mbylli \u00e7\u00ebshtjen e Ballukut dhe t\u00eb Lind\u00ebs s\u00eb tij, gjysm\u00ebs m\u00eb t\u00eb mir\u00eb si\u00e7 e quan ai Lind\u00ebn e Surrelit me AKSHI-n.<\/p>\n<p>Asgj\u00eb nuk ke mbyllur Edi Rama.<\/p>\n<p>Gropa t\u00eb hapura do t\u00eb mbeten p\u00ebr ty, p\u00ebr Lindat dhe t\u00eb gjith\u00eb ata q\u00eb kan\u00eb vjedhur shqiptar\u00ebt.<\/p>\n<p>Opozita \u00ebsht\u00eb n\u00eb k\u00ebmb\u00eb.<\/p>\n<p>Opozita \u00ebsht\u00eb e pamposhtur.<\/p>\n<p>Opozita, n\u00eb protest\u00ebn e saj t\u00eb 8 majit, do t\u00eb jap\u00eb m\u00ebsimin q\u00eb meriton.<\/p>\n<p>Opozita sot \u00ebsht\u00eb m\u00eb e pamposhtur se kurr\u00eb.<\/p>\n<p>Rrofshi ju, rroft\u00eb Shqip\u00ebria.<\/p>\n<p>Fitore, fitore, fitore!<\/p>\n","protected":false},"excerpt":{"rendered":"<p>Kryetari i Partis\u00eb Demokratike, Sali Berisha, u shpreh gjat\u00eb fjal\u00ebs s\u00eb tij n\u00eb \u201cFoltoren\u201d para kryeministris\u00eb, se, n\u00eb 8 maj qytetar\u00ebt do ti japin Edi Ram\u00ebs, m\u00ebsimin q\u00eb meriton. Ai kritikoi gjithashtu iniciativat rajonale dhe marr\u00ebdh\u00ebniet me Aleksandar Vu\u00e7i\u00e7 si dhe q\u00ebndrimet ndaj Kosova, duke i cil\u00ebsuar ato si t\u00eb d\u00ebmshme p\u00ebr interesat shqiptare. Berisha: &hellip;<\/p>\n","protected":false},"author":4,"featured_media":141430,"comment_status":"closed","ping_status":"closed","sticky":false,"template":"","format":"standard","meta":{"footnotes":""},"categories":[37],"tags":[],"class_list":["post-141429","post","type-post","status-publish","format-standard","has-post-thumbnail","","category-politike"],"_links":{"self":[{"href":"https:\/\/rdnews.al\/index.php\/wp-json\/wp\/v2\/posts\/141429","targetHints":{"allow":["GET"]}}],"collection":[{"href":"https:\/\/rdnews.al\/index.php\/wp-json\/wp\/v2\/posts"}],"about":[{"href":"https:\/\/rdnews.al\/index.php\/wp-json\/wp\/v2\/types\/post"}],"author":[{"embeddable":true,"href":"https:\/\/rdnews.al\/index.php\/wp-json\/wp\/v2\/users\/4"}],"replies":[{"embeddable":true,"href":"https:\/\/rdnews.al\/index.php\/wp-json\/wp\/v2\/comments?post=141429"}],"version-history":[{"count":1,"href":"https:\/\/rdnews.al\/index.php\/wp-json\/wp\/v2\/posts\/141429\/revisions"}],"predecessor-version":[{"id":141431,"href":"https:\/\/rdnews.al\/index.php\/wp-json\/wp\/v2\/posts\/141429\/revisions\/141431"}],"wp:featuredmedia":[{"embeddable":true,"href":"https:\/\/rdnews.al\/index.php\/wp-json\/wp\/v2\/media\/141430"}],"wp:attachment":[{"href":"https:\/\/rdnews.al\/index.php\/wp-json\/wp\/v2\/media?parent=141429"}],"wp:term":[{"taxonomy":"category","embeddable":true,"href":"https:\/\/rdnews.al\/index.php\/wp-json\/wp\/v2\/categories?post=141429"},{"taxonomy":"post_tag","embeddable":true,"href":"https:\/\/rdnews.al\/index.php\/wp-json\/wp\/v2\/tags?post=141429"}],"curies":[{"name":"wp","href":"https:\/\/api.w.org\/{rel}","templated":true}]}}