{"id":141439,"date":"2026-04-27T20:54:24","date_gmt":"2026-04-27T20:54:24","guid":{"rendered":"https:\/\/rdnews.al\/?p=141439"},"modified":"2026-04-27T20:54:24","modified_gmt":"2026-04-27T20:54:24","slug":"rama-kercenon-spiropalin-po-fole-edhe-nje-here","status":"publish","type":"post","link":"https:\/\/rdnews.al\/index.php\/2026\/04\/27\/rama-kercenon-spiropalin-po-fole-edhe-nje-here\/","title":{"rendered":"Rama k\u00ebrc\u00ebnon Spiropalin\/ &#8220;Po fole edhe nj\u00eb her\u00eb&#8230;&#8221;"},"content":{"rendered":"<p>Rama e ka paralajm\u00ebruar Spiropalin nga mbledhja e grupit parlmentar q\u00eb t\u00eb ndal\u00eb kritikat e saj ndaj Partis\u00eb Socialiste dhe qeveris\u00eb.<\/p>\n<p>\u201cKe b\u00ebr\u00eb dy \u00e7ar\u00e7af\u00eb, nj\u00ebrin k\u00ebtu dhe tjetrin n\u00eb rrjetet sociale. E b\u00ebre m\u00eb, nuk do t\u00eb jesh m\u00eb k\u00ebtu\u201d, \u2013 i \u00ebsht\u00eb drejtuar Rama ish-bashk\u00ebpun\u00ebtores s\u00eb tij t\u00eb ngusht\u00eb n\u00eb prani t\u00eb gjith\u00eb ministrave dhe deputet\u00ebve.<\/p>\n<p>Sipas d\u00ebshmive nga brenda mbledhjes,\u00a0Rama ka qen\u00eb i ashp\u00ebr dhe i drejp\u00ebrdrejt\u00eb.<\/p>\n<p>\u201cS\u2019lejoj njeri q\u00eb nga brenda t\u00eb shani partin\u00eb. Nga jasht\u00eb b\u00ebni \u00e7far\u00eb t\u00eb doni\u201d, \u2013 ka vijuar ai.<\/p>\n<p>Spiropali ka tentuar t\u2019i p\u00ebrgjigjet, por Rama ka ngritur z\u00ebrin dhe nuk e ka lejuar.<\/p>\n<p>\u201cKam edhe un\u00eb te drejt\u00ebn e replik\u00ebs\u201d, \u2013 ka th\u00ebn ish -ministrja. Por Rama i ka prer\u00eb shkurt: \u201cTi nuk merr fjal\u00eb, sepse p\u00ebr ty \u00ebsht\u00eb investuar Partia Socialiste dhe un\u00eb\u201d<\/p>\n<p>Ky shp\u00ebrthim i Ram\u00ebs\u00a0vjen pasi Spiropali \u00ebsht\u00eb pozicionuar n\u00eb nj\u00eb llogore kritikash kund\u00ebr qeveris\u00eb dhe PS-s\u00eb, q\u00eb kur Rama e shkarkoi si Ministre t\u00eb Jashtme,\u00a0<a id=\"https:\/\/zoom.al\/sa-vlen-realisht-rebelimi-i-elisa-spiropalit\/\" href=\"https:\/\/zoom.al\/sa-vlen-realisht-rebelimi-i-elisa-spiropalit\/\" type=\"link\" target=\"_blank\" rel=\"noopener\">\u00e7ka duket se q\u00ebndron edhe n\u00eb theblin e rebelimit\u00a0<\/a>t\u00eb saj apo k\u00ebrkes\u00ebs p\u00ebr ruajtjen e standardeve n\u00eb qeveri dhe t\u00eb demokracis\u00eb n\u00eb parti.<\/p>\n","protected":false},"excerpt":{"rendered":"<p>Rama e ka paralajm\u00ebruar Spiropalin nga mbledhja e grupit parlmentar q\u00eb t\u00eb ndal\u00eb kritikat e saj ndaj Partis\u00eb Socialiste dhe qeveris\u00eb. \u201cKe b\u00ebr\u00eb dy \u00e7ar\u00e7af\u00eb, nj\u00ebrin k\u00ebtu dhe tjetrin n\u00eb rrjetet sociale. E b\u00ebre m\u00eb, nuk do t\u00eb jesh m\u00eb k\u00ebtu\u201d, \u2013 i \u00ebsht\u00eb drejtuar Rama ish-bashk\u00ebpun\u00ebtores s\u00eb tij t\u00eb ngusht\u00eb n\u00eb prani t\u00eb gjith\u00eb &hellip;<\/p>\n","protected":false},"author":3,"featured_media":141440,"comment_status":"closed","ping_status":"closed","sticky":false,"template":"","format":"standard","meta":{"footnotes":""},"categories":[37],"tags":[],"class_list":["post-141439","post","type-post","status-publish","format-standard","has-post-thumbnail","","category-politike"],"_links":{"self":[{"href":"https:\/\/rdnews.al\/index.php\/wp-json\/wp\/v2\/posts\/141439","targetHints":{"allow":["GET"]}}],"collection":[{"href":"https:\/\/rdnews.al\/index.php\/wp-json\/wp\/v2\/posts"}],"about":[{"href":"https:\/\/rdnews.al\/index.php\/wp-json\/wp\/v2\/types\/post"}],"author":[{"embeddable":true,"href":"https:\/\/rdnews.al\/index.php\/wp-json\/wp\/v2\/users\/3"}],"replies":[{"embeddable":true,"href":"https:\/\/rdnews.al\/index.php\/wp-json\/wp\/v2\/comments?post=141439"}],"version-history":[{"count":1,"href":"https:\/\/rdnews.al\/index.php\/wp-json\/wp\/v2\/posts\/141439\/revisions"}],"predecessor-version":[{"id":141441,"href":"https:\/\/rdnews.al\/index.php\/wp-json\/wp\/v2\/posts\/141439\/revisions\/141441"}],"wp:featuredmedia":[{"embeddable":true,"href":"https:\/\/rdnews.al\/index.php\/wp-json\/wp\/v2\/media\/141440"}],"wp:attachment":[{"href":"https:\/\/rdnews.al\/index.php\/wp-json\/wp\/v2\/media?parent=141439"}],"wp:term":[{"taxonomy":"category","embeddable":true,"href":"https:\/\/rdnews.al\/index.php\/wp-json\/wp\/v2\/categories?post=141439"},{"taxonomy":"post_tag","embeddable":true,"href":"https:\/\/rdnews.al\/index.php\/wp-json\/wp\/v2\/tags?post=141439"}],"curies":[{"name":"wp","href":"https:\/\/api.w.org\/{rel}","templated":true}]}}