{"id":141457,"date":"2026-04-28T08:34:51","date_gmt":"2026-04-28T08:34:51","guid":{"rendered":"https:\/\/rdnews.al\/?p=141457"},"modified":"2026-04-28T08:34:51","modified_gmt":"2026-04-28T08:34:51","slug":"cmitizimi-i-diaspores","status":"publish","type":"post","link":"https:\/\/rdnews.al\/index.php\/2026\/04\/28\/cmitizimi-i-diaspores\/","title":{"rendered":"(\u00c7)mitizimi i Diaspor\u00ebs&#8230;"},"content":{"rendered":"<div dir=\"auto\">\n<p><strong>Nga Iva V.GRILLO<\/strong><\/p>\n<p>Dalja e nj\u00eb profesionisteje t\u00eb fush\u00ebs s\u00eb drejt\u00ebsis\u00eb n\u00eb podcastin autoreferencial t\u00eb p\u00ebrjavsh\u00ebm t\u00eb kryeministrit m\u00eb t\u00eb korruptuar n\u00eb Evrop\u00eb, duke folur &#8220;kodra pas bregut&#8221; e me nj\u00eb serviliz\u00ebm t\u00eb dalluesh\u00ebm, ka \u00e7uditur, nervozuar dhe zhg\u00ebnjyer jo pak qytetar\u00eb shqiptar\u00eb t\u00eb cil\u00ebt mbajn\u00eb \u00e7do dit\u00eb mbi supe barr\u00ebn e nj\u00eb regjimi kleptokratik.<\/p>\n<p>Zhg\u00ebnjimet e m\u00ebdha vijn\u00eb zakonisht nga pritshm\u00ebrit\u00eb e m\u00ebdha dhe pyetja se si i rakordon nj\u00eb gjykat\u00ebse e bot\u00ebs s\u00eb lir\u00eb standartet profesionale e etike t\u00eb saj me standartet e nj\u00eb shkel\u00ebsi serial ligjesh e p\u00ebrdhos\u00ebsi instutucionesh, mbetet nj\u00eb pyetje 1 milion dollar\u00ebshe&#8230;<\/p>\n<p>Por ja pra q\u00eb ndodh! Fakti \u00ebsht\u00eb q\u00eb p\u00ebr shkak t\u00eb historis\u00eb, emigracionit masiv por edhe kultur\u00ebs son\u00eb si popull, shqiptar\u00ebt e mitizojn\u00eb pa limit figur\u00ebn e dikujt q\u00eb \u00ebsht\u00eb disi m\u00eb larg perimetrit t\u00eb realitetit t\u00eb tyre t\u00eb p\u00ebrditsh\u00ebm.<\/p>\n<p>Sigurisht q\u00eb shqiptar\u00eb t\u00eb suksessh\u00ebm ka plot, sidomos ata q\u00eb jan\u00eb ekspozuar ndaj nj\u00eb bote q\u00eb t\u00eb jep mund\u00ebsi p\u00ebr t&#8217;u zhvilluar. Por mitizimi i Disspor\u00ebs dhe pritshm\u00ebrit\u00eb ndaj saj p\u00ebr zgjidhje e nd\u00ebrhyrje titanike q\u00eb do ndryshojn\u00eb rrjedh\u00ebn e historis\u00eb duhet t\u00eb ridimensionohen duke e b\u00ebr\u00eb marr\u00ebdh\u00ebnien disi m\u00eb realiste.<\/p>\n<p>Eksperienca e k\u00ebtyre viteve ka treguar se as ne t\u00eb diaspor\u00ebs fatkeq\u00ebsisht nuk jemi t\u00eb vaksinuar nga ndjenja njer\u00ebzore t\u00eb d\u00ebshir\u00ebs p\u00ebr v\u00ebmendje, miklime apo ambicieve p\u00ebr pushtet, fuqi apo dhe nevoj\u00ebs p\u00ebr t\u00eb q\u00ebn\u00eb n\u00eb krah t\u00eb m\u00eb t\u00eb fuqishm\u00ebve dhe p\u00ebr t\u00eb zgjidhur edhe ndonj\u00eb hall q\u00eb kemi, me ndonj\u00eb kompromis aty e k\u00ebtu.<\/p>\n<p>Por kjo gj\u00eb vjen me kosto&#8230; me kosto t\u00eb madhe p\u00ebr njer\u00ebzit tan\u00eb n\u00eb atdhe pik\u00ebrisht sepse b\u00ebhemi garnitur\u00eb bajate e nj\u00eb regjimi t\u00eb krimbur&#8230; Ndaj sa m\u00eb shpejt t\u00eb largohemi nga mitet e sajuara aq m\u00eb e sh\u00ebndetshme, e sinqert\u00eb dhe realiste b\u00ebhet marr\u00ebdh\u00ebnia midis shqiptar\u00ebve brenda e jasht\u00eb kufirit. E mbi t\u00eb gjitha, i evitojm\u00eb njeri tjetrit zhg\u00ebnjimet e m\u00ebdha&#8230;<\/p>\n<\/div>\n<div dir=\"auto\"><\/div>\n<div class=\"x14z9mp xat24cr x1lziwak x1vvkbs xtlvy1s x126k92a\">\n<div dir=\"auto\"><img decoding=\"async\" src=\"https:\/\/scontent.ftia9-1.fna.fbcdn.net\/v\/t39.30808-6\/681219196_1506479444634163_227081768399152697_n.jpg?stp=dst-jpg_p526x296_tt6&amp;_nc_cat=105&amp;ccb=1-7&amp;_nc_sid=7b2446&amp;_nc_ohc=friwjBBRtRsQ7kNvwGzQxfI&amp;_nc_oc=AdoMHzpew7gC44-taVYoPPkQztsQAOjHEdrNGSdUaA-8OkhoHQAPhaMF5_LWWRVdXaA&amp;_nc_zt=23&amp;_nc_ht=scontent.ftia9-1.fna&amp;_nc_gid=4fkX9BA5ZmNuMw581wyE1g&amp;_nc_ss=7f2a8&amp;oh=00_Af30WgGeYG6SONF558pAyHyz7ktE8ZDxZxJVYWa0uvMysg&amp;oe=69F65BE1\" alt=\"Mund t\u00eb jet\u00eb nj\u00eb imazh i nj\u00eb ose m\u00eb shum\u00eb persona dhe teksti q\u00eb thot\u00eb &quot;ee 118 94 Gjyqtarja shkodrane n\u00eb SHBA Edit Shkreli: Shkodra ka ndryshu keto dy&quot;\" \/><\/div>\n<\/div>\n","protected":false},"excerpt":{"rendered":"<p>Nga Iva V.GRILLO Dalja e nj\u00eb profesionisteje t\u00eb fush\u00ebs s\u00eb drejt\u00ebsis\u00eb n\u00eb podcastin autoreferencial t\u00eb p\u00ebrjavsh\u00ebm t\u00eb kryeministrit m\u00eb t\u00eb korruptuar n\u00eb Evrop\u00eb, duke folur &#8220;kodra pas bregut&#8221; e me nj\u00eb serviliz\u00ebm t\u00eb dalluesh\u00ebm, ka \u00e7uditur, nervozuar dhe zhg\u00ebnjyer jo pak qytetar\u00eb shqiptar\u00eb t\u00eb cil\u00ebt mbajn\u00eb \u00e7do dit\u00eb mbi supe barr\u00ebn e nj\u00eb regjimi kleptokratik. &hellip;<\/p>\n","protected":false},"author":4,"featured_media":51216,"comment_status":"closed","ping_status":"closed","sticky":false,"template":"","format":"standard","meta":{"footnotes":""},"categories":[44],"tags":[],"class_list":["post-141457","post","type-post","status-publish","format-standard","has-post-thumbnail","","category-editorial"],"_links":{"self":[{"href":"https:\/\/rdnews.al\/index.php\/wp-json\/wp\/v2\/posts\/141457","targetHints":{"allow":["GET"]}}],"collection":[{"href":"https:\/\/rdnews.al\/index.php\/wp-json\/wp\/v2\/posts"}],"about":[{"href":"https:\/\/rdnews.al\/index.php\/wp-json\/wp\/v2\/types\/post"}],"author":[{"embeddable":true,"href":"https:\/\/rdnews.al\/index.php\/wp-json\/wp\/v2\/users\/4"}],"replies":[{"embeddable":true,"href":"https:\/\/rdnews.al\/index.php\/wp-json\/wp\/v2\/comments?post=141457"}],"version-history":[{"count":2,"href":"https:\/\/rdnews.al\/index.php\/wp-json\/wp\/v2\/posts\/141457\/revisions"}],"predecessor-version":[{"id":141459,"href":"https:\/\/rdnews.al\/index.php\/wp-json\/wp\/v2\/posts\/141457\/revisions\/141459"}],"wp:featuredmedia":[{"embeddable":true,"href":"https:\/\/rdnews.al\/index.php\/wp-json\/wp\/v2\/media\/51216"}],"wp:attachment":[{"href":"https:\/\/rdnews.al\/index.php\/wp-json\/wp\/v2\/media?parent=141457"}],"wp:term":[{"taxonomy":"category","embeddable":true,"href":"https:\/\/rdnews.al\/index.php\/wp-json\/wp\/v2\/categories?post=141457"},{"taxonomy":"post_tag","embeddable":true,"href":"https:\/\/rdnews.al\/index.php\/wp-json\/wp\/v2\/tags?post=141457"}],"curies":[{"name":"wp","href":"https:\/\/api.w.org\/{rel}","templated":true}]}}