{"id":141462,"date":"2026-04-28T09:52:46","date_gmt":"2026-04-28T09:52:46","guid":{"rendered":"https:\/\/rdnews.al\/?p=141462"},"modified":"2026-04-28T09:52:46","modified_gmt":"2026-04-28T09:52:46","slug":"fadromat-ne-theth-jane-fytyra-reale-e-paketes-se-maleve","status":"publish","type":"post","link":"https:\/\/rdnews.al\/index.php\/2026\/04\/28\/fadromat-ne-theth-jane-fytyra-reale-e-paketes-se-maleve\/","title":{"rendered":"Fadromat n\u00eb Theth jan\u00eb fytyra reale e \u201cPaket\u00ebs s\u00eb Maleve\u201d!"},"content":{"rendered":"<p><strong>Nga Lu\u00e7iano BO\u00c7I<\/strong><\/p>\n<p>Me nj\u00eb dor\u00eb qeveria premton zhvillim, agroturiz\u00ebm, leht\u00ebsira fiskale e \u201ctok\u00ebn e t\u00eb par\u00ebve\u201d (tok\u00ebn e klient\u00ebve), nd\u00ebrsa me dor\u00ebn tjet\u00ebr \u00e7on IKMT-n\u00eb, policin\u00eb dhe fadromat.<\/p>\n<p>Pra, fillimisht shteti fle, pastaj zgjohet me kaz\u00ebm n\u00eb dor\u00eb kund\u00ebr banor\u00ebve.<\/p>\n<p>Si zakonisht, fajin e paguan qytetari, jo administrata q\u00eb lejoi nd\u00ebrtimin.<\/p>\n<p>Paketa zyrtarisht premton 10 vite p\u00ebrjashtime nga disa taksa p\u00ebr 500 aplikuesit e par\u00eb.<\/p>\n<p>Por n\u00eb Theth, raportimet flasin p\u00ebr prishje masive, 130 t\u00eb tilla q\u00eb nga korriku dhe pasiguri pron\u00ebsie q\u00eb sa vjen e shtohet.<\/p>\n<p>Kjo nuk \u00ebsht\u00eb politik\u00eb e ky nuk \u00ebsht\u00eb zhvillim malor.<\/p>\n<p>\u00cbsht\u00eb eksperiment grabit\u00ebs pushteti mbi pron\u00ebn, turizmin dhe banor\u00ebt e veriut.<\/p>\n<p>\u201cPaketa e Maleve\u201d ka nisur si paket\u00eb frike, do vazhdoj\u00eb si paket\u00eb grabitje dhe do p\u00ebrfundoj\u00eb si paket\u00eb votash!<\/p>\n<p><img decoding=\"async\" src=\"https:\/\/scontent.ftia9-1.fna.fbcdn.net\/v\/t39.30808-6\/681074863_1528036472024207_5080478845639339592_n.jpg?_nc_cat=104&amp;ccb=1-7&amp;_nc_sid=7b2446&amp;_nc_ohc=UwNxDlkjs_UQ7kNvwGjEjW9&amp;_nc_oc=AdoBw2AGYKUVHwxo74P3tun3cXZ0q0EwIOSBj4xJ-2pkYPZTI33dUa8L5xCgIF6Irw0&amp;_nc_zt=23&amp;_nc_ht=scontent.ftia9-1.fna&amp;_nc_gid=5i4iEDWA53QHmfmQtszdtQ&amp;_nc_ss=7f2a8&amp;oh=00_Af1JXp57hBTfzLt6kJX1vSwcBa7TRVx9DeVBwAUbN0618g&amp;oe=69F66332\" alt=\"Mund t\u00eb jet\u00eb nj\u00eb imazh i pem\u00eb\" \/><\/p>\n","protected":false},"excerpt":{"rendered":"<p>Nga Lu\u00e7iano BO\u00c7I Me nj\u00eb dor\u00eb qeveria premton zhvillim, agroturiz\u00ebm, leht\u00ebsira fiskale e \u201ctok\u00ebn e t\u00eb par\u00ebve\u201d (tok\u00ebn e klient\u00ebve), nd\u00ebrsa me dor\u00ebn tjet\u00ebr \u00e7on IKMT-n\u00eb, policin\u00eb dhe fadromat. Pra, fillimisht shteti fle, pastaj zgjohet me kaz\u00ebm n\u00eb dor\u00eb kund\u00ebr banor\u00ebve. Si zakonisht, fajin e paguan qytetari, jo administrata q\u00eb lejoi nd\u00ebrtimin. Paketa zyrtarisht premton &hellip;<\/p>\n","protected":false},"author":4,"featured_media":127597,"comment_status":"closed","ping_status":"closed","sticky":false,"template":"","format":"standard","meta":{"footnotes":""},"categories":[37],"tags":[],"class_list":["post-141462","post","type-post","status-publish","format-standard","has-post-thumbnail","","category-politike"],"_links":{"self":[{"href":"https:\/\/rdnews.al\/index.php\/wp-json\/wp\/v2\/posts\/141462","targetHints":{"allow":["GET"]}}],"collection":[{"href":"https:\/\/rdnews.al\/index.php\/wp-json\/wp\/v2\/posts"}],"about":[{"href":"https:\/\/rdnews.al\/index.php\/wp-json\/wp\/v2\/types\/post"}],"author":[{"embeddable":true,"href":"https:\/\/rdnews.al\/index.php\/wp-json\/wp\/v2\/users\/4"}],"replies":[{"embeddable":true,"href":"https:\/\/rdnews.al\/index.php\/wp-json\/wp\/v2\/comments?post=141462"}],"version-history":[{"count":1,"href":"https:\/\/rdnews.al\/index.php\/wp-json\/wp\/v2\/posts\/141462\/revisions"}],"predecessor-version":[{"id":141463,"href":"https:\/\/rdnews.al\/index.php\/wp-json\/wp\/v2\/posts\/141462\/revisions\/141463"}],"wp:featuredmedia":[{"embeddable":true,"href":"https:\/\/rdnews.al\/index.php\/wp-json\/wp\/v2\/media\/127597"}],"wp:attachment":[{"href":"https:\/\/rdnews.al\/index.php\/wp-json\/wp\/v2\/media?parent=141462"}],"wp:term":[{"taxonomy":"category","embeddable":true,"href":"https:\/\/rdnews.al\/index.php\/wp-json\/wp\/v2\/categories?post=141462"},{"taxonomy":"post_tag","embeddable":true,"href":"https:\/\/rdnews.al\/index.php\/wp-json\/wp\/v2\/tags?post=141462"}],"curies":[{"name":"wp","href":"https:\/\/api.w.org\/{rel}","templated":true}]}}