{"id":141468,"date":"2026-04-28T10:23:57","date_gmt":"2026-04-28T10:23:57","guid":{"rendered":"https:\/\/rdnews.al\/?p=141468"},"modified":"2026-04-28T10:25:31","modified_gmt":"2026-04-28T10:25:31","slug":"berisha-pd-denon-trajtimin-cnjerezor-te-ilir-metes-dhe-kerkon-lirimin-e-tij-te-menjehershem-keto-akte-jane-urdheruar-direkt-nga-edi-rama","status":"publish","type":"post","link":"https:\/\/rdnews.al\/index.php\/2026\/04\/28\/berisha-pd-denon-trajtimin-cnjerezor-te-ilir-metes-dhe-kerkon-lirimin-e-tij-te-menjehershem-keto-akte-jane-urdheruar-direkt-nga-edi-rama\/","title":{"rendered":"Berisha: PD d\u00ebnon trajtimin \u00e7njer\u00ebzor t\u00eb Ilir Met\u00ebs dhe k\u00ebrkon lirimin e tij t\u00eb menj\u00ebhersh\u00ebm! K\u00ebto akte jan\u00eb urdh\u00ebruar direkt nga Edi Rama!"},"content":{"rendered":"<p>Kryetari i PD, Sali Berisha, n\u00eb konferenc\u00ebn me gazetar\u00ebt \u00ebsht\u00eb shprehur p\u00ebr trajtimin e kreut t\u00eb PL, Ilir Meta n\u00eb burg.<\/p>\n<p>Berisha ka th\u00ebn\u00eb se, PD e d\u00ebnon trajtimin \u00e7njer\u00ebzor t\u00eb Ilir Met\u00ebs dhe k\u00ebrkon lirimin e tij t\u00eb menj\u00ebhersh\u00ebm. Nd\u00ebrsa trajtimi i tij \u00ebsht\u00eb urdh\u00ebruar direkt nga Edi Rama.<\/p>\n<p><strong>Deklarat\u00eb e Partis\u00eb Demokratike<\/strong><\/p>\n<p>Trajtimi \u00e7njer\u00ebzor i kryetarit t\u00eb PL, Ilir Meta, akt i hakmarrjes primitive t\u00eb Edi Ram\u00ebs.<\/p>\n<p>Ish-presidenti i Republik\u00ebs, ish-kryetari i parlamentit dhe ish-kryeministri i vendit, Ilir Meta, aktualisht kryetari i partis\u00eb s\u00eb dyt\u00eb m\u00eb t\u00eb madhe opozitare, Partis\u00eb s\u00eb Liris\u00eb, i burgosur politik, u paraqit dje n\u00eb sall\u00ebn e gjyqit i ndryr\u00eb n\u00eb kafaz xhami sikur t\u00eb ishte nj\u00eb terrorist i rreziksh\u00ebm, ndon\u00ebse ndaj tij nuk ekziston asnj\u00eb prov\u00eb e faktuar p\u00ebr nj\u00eb vep\u00ebr penale t\u00eb \u00e7do natyre qoft\u00eb ajo.<\/p>\n<p>Ky akt \u00e7njer\u00ebzor brutal, i urdh\u00ebruar direkt nga Edi Rama, riktheu para shqiptar\u00ebve skenat e gjyqeve politike staliniste t\u00eb Enver Hoxh\u00ebs, babait shpirt\u00ebror t\u00eb Edi Ram\u00ebs, dhe skulptorit xhelat, Kristaq Rama, babait biologjik t\u00eb Edi Ram\u00ebs.<\/p>\n<p>Ky akt hakmarr\u00ebs i verb\u00ebr nuk \u00ebsht\u00eb nj\u00eb q\u00ebndrim i rastit dhe as i izoluar ndaj ish-presidentit, ish-kryeministrit, ish-kryetarit t\u00eb parlamentit, zotit Ilir Meta.<\/p>\n<p>N\u00eb tetor t\u00eb vitit 2024, me urdh\u00ebr direkt t\u00eb Edi Ram\u00ebs, Ilir Meta u arrestua n\u00ebn filmim, tek hynte n\u00eb Tiran\u00eb, nga policia pa i paraqitur asnj\u00eb flet\u00eb arresti.<\/p>\n<p>Ai u nxor me forc\u00eb n\u00eb rrug\u00eb nga makina me t\u00eb cil\u00ebn udh\u00ebtonte n\u00ebn mbrojtjen e Gard\u00ebs s\u00eb Republik\u00ebs, u t\u00ebrhoq zvarr\u00eb dhe u godit para kamerave nga polic\u00eb t\u00eb porositur p\u00ebr aktin e tyre dhe si person n\u00ebn hetim u d\u00ebrgua n\u00eb burg.<\/p>\n<p>Gjat\u00eb k\u00ebtyre 17 muajve n\u00eb burg, si person n\u00ebn hetim dhe n\u00eb kund\u00ebrshtim me Kushtetut\u00ebn, ndaj Ilir Met\u00ebs, \u00ebsht\u00eb ushtruar dhun\u00eb dhe terror psikologjik periodik, madje edhe fizik.<\/p>\n<p>Jan\u00eb organizuar provokacione nd\u00ebr m\u00eb t\u00eb ul\u00ebtat dhe m\u00eb t\u00eb rrezikshme.<\/p>\n<p>I jan\u00eb dhunuar t\u00eb drejtat kushtetuese m\u00eb elementare.<\/p>\n<p>Partia Demokratike denoncon dhe d\u00ebnon me forc\u00ebn m\u00eb t\u00eb madhe arrestimin, paraburgimin, q\u00ebndrimet \u00e7njer\u00ebzore n\u00eb burg dhe n\u00eb sall\u00ebn e gjyqit, t\u00eb urdh\u00ebruara direkt nga Edi Rama, bastardi i bllokmen\u00ebve hoxhist\u00eb ndaj kryetarit t\u00eb PL, Ilir Meta dhe k\u00ebrkon lirimin e tij t\u00eb menj\u00ebhersh\u00ebm nga paraburgimi.<\/p>\n<p>PD i b\u00ebn thirrje Komitetit Antitortur\u00eb t\u00eb K\u00ebshillit t\u00eb Europ\u00ebs t\u00eb nd\u00ebrhyj\u00eb me urgjenc\u00eb ndaj akteve t\u00eb hakmarrjes primitive antikushtetuese ndaj Ilir Met\u00ebs t\u00eb Edi Ram\u00ebs, armik i eg\u00ebr i pluralizmit politik dhe Ramaduro i par\u00eb dhe i vet\u00ebm n\u00eb Europ\u00eb.<\/p>\n","protected":false},"excerpt":{"rendered":"<p>Kryetari i PD, Sali Berisha, n\u00eb konferenc\u00ebn me gazetar\u00ebt \u00ebsht\u00eb shprehur p\u00ebr trajtimin e kreut t\u00eb PL, Ilir Meta n\u00eb burg. Berisha ka th\u00ebn\u00eb se, PD e d\u00ebnon trajtimin \u00e7njer\u00ebzor t\u00eb Ilir Met\u00ebs dhe k\u00ebrkon lirimin e tij t\u00eb menj\u00ebhersh\u00ebm. Nd\u00ebrsa trajtimi i tij \u00ebsht\u00eb urdh\u00ebruar direkt nga Edi Rama. Deklarat\u00eb e Partis\u00eb Demokratike Trajtimi &hellip;<\/p>\n","protected":false},"author":4,"featured_media":141469,"comment_status":"closed","ping_status":"closed","sticky":false,"template":"","format":"standard","meta":{"footnotes":""},"categories":[37],"tags":[],"class_list":["post-141468","post","type-post","status-publish","format-standard","has-post-thumbnail","","category-politike"],"_links":{"self":[{"href":"https:\/\/rdnews.al\/index.php\/wp-json\/wp\/v2\/posts\/141468","targetHints":{"allow":["GET"]}}],"collection":[{"href":"https:\/\/rdnews.al\/index.php\/wp-json\/wp\/v2\/posts"}],"about":[{"href":"https:\/\/rdnews.al\/index.php\/wp-json\/wp\/v2\/types\/post"}],"author":[{"embeddable":true,"href":"https:\/\/rdnews.al\/index.php\/wp-json\/wp\/v2\/users\/4"}],"replies":[{"embeddable":true,"href":"https:\/\/rdnews.al\/index.php\/wp-json\/wp\/v2\/comments?post=141468"}],"version-history":[{"count":4,"href":"https:\/\/rdnews.al\/index.php\/wp-json\/wp\/v2\/posts\/141468\/revisions"}],"predecessor-version":[{"id":141473,"href":"https:\/\/rdnews.al\/index.php\/wp-json\/wp\/v2\/posts\/141468\/revisions\/141473"}],"wp:featuredmedia":[{"embeddable":true,"href":"https:\/\/rdnews.al\/index.php\/wp-json\/wp\/v2\/media\/141469"}],"wp:attachment":[{"href":"https:\/\/rdnews.al\/index.php\/wp-json\/wp\/v2\/media?parent=141468"}],"wp:term":[{"taxonomy":"category","embeddable":true,"href":"https:\/\/rdnews.al\/index.php\/wp-json\/wp\/v2\/categories?post=141468"},{"taxonomy":"post_tag","embeddable":true,"href":"https:\/\/rdnews.al\/index.php\/wp-json\/wp\/v2\/tags?post=141468"}],"curies":[{"name":"wp","href":"https:\/\/api.w.org\/{rel}","templated":true}]}}