{"id":141487,"date":"2026-04-28T10:40:32","date_gmt":"2026-04-28T10:40:32","guid":{"rendered":"https:\/\/rdnews.al\/?p=141487"},"modified":"2026-04-28T10:41:09","modified_gmt":"2026-04-28T10:41:09","slug":"skandali-te-burgu-313-deputetit-balliu-i-ndalohet-hyrja-te-meta","status":"publish","type":"post","link":"https:\/\/rdnews.al\/index.php\/2026\/04\/28\/skandali-te-burgu-313-deputetit-balliu-i-ndalohet-hyrja-te-meta\/","title":{"rendered":"Skandal te burgu 313, deputetit Balliu i ndalohet hyrja te Ilir Meta!"},"content":{"rendered":"<p>Deputetit Klevis Balliu i \u00ebsht\u00eb ndaluar t\u00eb mart\u00ebn t\u00eb kryej\u00eb nj\u00eb inspektim n\u00eb ambientet e burgut 313 dhe n\u00eb qelin\u00eb ku mbahet ish-presidenti Ilir Meta. N\u00eb nj\u00eb deklarat\u00eb p\u00ebr mediat pas incidentit, Balliu e cil\u00ebsoi burgosjen e Met\u00ebs si politike dhe akuzoi se ndalimi i tij ishte nj\u00eb urdh\u00ebr i ardhur direkt nga kryeministria p\u00ebr t\u00eb fshehur kushtet dhe presionin politik ndaj ish-kreut t\u00eb shtetit.<\/p>\n<p>Sipas deputetit, ai kishte njoftuar nj\u00eb dit\u00eb m\u00eb par\u00eb drejtorin\u00eb e burgut p\u00ebr vizit\u00ebn inspektuese, por pavar\u00ebsisht konfirmimit fillestar, n\u00eb momentin q\u00eb u paraqit, iu bllokua hyrja. Drejtori i burgut i ka k\u00ebrkuar nj\u00eb autorizim nga Kryetari i Kuvendit, nj\u00eb praktik\u00eb q\u00eb sipas Balliut nuk ekziston dhe \u00ebsht\u00eb n\u00eb kund\u00ebrshtim me statusin e deputetit.<\/p>\n<p>P\u00ebr t\u00eb zgjidhur situat\u00ebn, Balliu deklaroi se ka telefonuar Kryetarin e Kuvendit, Niko Peleshi, n\u00eb prani t\u00eb drejtorit t\u00eb burgut. Sipas tij, Peleshi i ka konfirmuar drejtorit se deputeti ka t\u00eb drejt\u00eb t\u00eb kryej\u00eb inspektime pa pasur nevoj\u00eb p\u00ebr autorizim. Megjithat\u00eb, edhe pas k\u00ebsaj nd\u00ebrhyrjeje nga zyrtari i dyt\u00eb m\u00eb i lart\u00eb i shtetit, drejtori i burgut ka refuzuar s\u00ebrish, duke th\u00ebn\u00eb se zbatonte urdhrat e Drejtorit t\u00eb P\u00ebrgjithsh\u00ebm t\u00eb Burgjeve. &#8220;Kryeparlamentari i shpjegoi se nuk \u00ebsht\u00eb nj\u00eb pun\u00eb q\u00eb e zgjidh parlamenti, por drejtori iu referua s\u00ebrish Drejtorit t\u00eb P\u00ebrgjithsh\u00ebm&#8221;, tha Balliu.<\/p>\n<p>Duke e cil\u00ebsuar ngjarjen si nj\u00eb shkelje t\u00eb hapur t\u00eb ligjit dhe mohim t\u00eb detyr\u00ebs s\u00eb tij kushtetuese, Balliu tha se do t\u00eb b\u00ebj\u00eb kall\u00ebzim penal ndaj personave p\u00ebrgjegj\u00ebs. Ai theksoi se q\u00ebllimi i k\u00ebtij bllokimi \u00ebsht\u00eb fshehja e &#8220;krimeve politike&#8221; dhe &#8220;kushteve skandaloze&#8221; n\u00eb t\u00eb cilat mbahet Meta, duke e quajtur at\u00eb nj\u00eb &#8220;t\u00eb burgosur politik&#8221;.<\/p>\n<p>&#8220;Ata duan t\u00eb fshehin presionet politike q\u00eb b\u00ebjn\u00eb. Kjo nuk ndodh n\u00eb asnj\u00eb vend tjet\u00ebr t\u00eb bot\u00ebs,&#8221; shtoi ai, duke b\u00ebr\u00eb nj\u00eb paralele me raste t\u00eb tjera, t\u00eb cilat sipas tij kan\u00eb marr\u00eb trajtim preferencial nga drejt\u00ebsia.<\/p>\n<p><strong>Klevis Balliu:<\/strong> Qartazi kemi t\u00eb b\u00ebjm\u00eb me nj\u00eb burg politik, me nj\u00eb burg i cili ka p\u00ebr sh\u00ebnjest\u00ebr Ilir Met\u00ebn, p\u00ebr ta sulmuar Ilir Met\u00ebn, p\u00ebr t&#8217;ia v\u00ebshtir\u00ebsuar situat\u00ebn Ilir Met\u00ebs, q\u00eb patjet\u00ebr b\u00ebhen me urdh\u00ebra politik\u00eb nga kryeministria. Dhe sot un\u00eb do t&#8217;ju jap nj\u00eb fakt q\u00eb nuk besoj t\u00eb ket\u00eb ndodhur ndonj\u00ebher\u00eb n\u00eb asnj\u00eb vend t\u00eb bot\u00ebs. Deputet\u00ebt kan\u00eb t\u00eb drejt\u00ebn t\u00eb vijn\u00eb dhe t\u00eb shikojn\u00eb kushtet se ku jan\u00eb burgjet dhe kushtet se ku jan\u00eb t\u00eb burgosurit. Se si po jetojn\u00eb n\u00eb k\u00ebto qeli. P\u00ebr k\u00ebt\u00eb \u00e7\u00ebshtje un\u00eb s&#8217;kam nevoj\u00eb as t\u00eb marr leje dhe as t\u00eb informoj njeri sepse k\u00ebt\u00eb e jep statusi i deputetit. Po gjithsesi, nj\u00eb dit\u00eb p\u00ebrpara un\u00eb lajm\u00ebrova 313-\u00ebn q\u00eb do t\u00eb vij nes\u00ebr p\u00ebr t\u00eb inspektuar kushtet e burgut dhe kushtet e qelis\u00eb s\u00eb presidentit Ilir Meta. Dhe pavar\u00ebsisht se u tha po, erdha sot k\u00ebtu dhe pasi prita t\u00eb vinte drejtori i burgut, erdhi dhe m\u00eb tha q\u00eb nuk lejohet, sepse na ka th\u00ebn\u00eb tha, drejtori i p\u00ebrgjithsh\u00ebm q\u00eb juve ju duhet nj\u00eb autorizim nga kryetari i Kuvendit.<\/p>\n<p>Mora kryetarin e Kuvendit n\u00eb telefon n\u00eb sy t\u00eb drejtorit, pra Niko Peleshin. Dhe ja shpjegova situat\u00ebn dhe \u00e7far\u00eb ndodhi? Niko Peleshi tha, nj\u00eb praktik\u00eb e till\u00eb nuk ekziston. q\u00eb duhet t&#8217;i japi autorizim kryetari i Kuvendit p\u00ebr t\u00eb b\u00ebr\u00eb inspektime deputeti, sepse at\u00eb e jep statusi i deputetit, i jep mund\u00ebsin\u00eb \u00e7do deputeti t\u00eb b\u00ebj\u00eb inspektimin kudo. Dhe pavar\u00ebsisht se numri dy i shtetit, kryetari i Kuvendit i shpjegonte q\u00eb nuk e ka k\u00ebt\u00eb funksion kryetari i Kuvendit, p\u00ebrs\u00ebri drejtori foli me drejtorin e p\u00ebrgjithsh\u00ebm, po thon\u00eb dhe ai tha, jo tha, duhet t&#8217;ia japi autorizimin kryetari. Nd\u00ebrkoh\u00eb q\u00eb \u00ebsht\u00eb nj\u00eb pun\u00eb q\u00eb nuk e ka kuvendi. Nuk u lejua pra takimi me Ilir Met\u00ebn n\u00eb shkelje t\u00eb shkelje t\u00eb ligjit.<\/p>\n<p>Un\u00eb kam \u00e7uar dhe nj\u00eb let\u00ebr se pata njoftuar SPAK, institucionin e SPAK-ut, t\u00eb cil\u00ebt m\u00eb kan\u00eb kthyer nj\u00eb p\u00ebrgjigje dhe m\u00eb than\u00eb, ju sipas ligjit 51, neni 51, keni t\u00eb drejt\u00eb t\u00eb shkoni dhe t\u00eb b\u00ebni inspektime n\u00eb institucione, qoft\u00eb k\u00ebto institucione burgut apo \u00e7far\u00ebdo lloj institucioni tjet\u00ebr, kurdo q\u00eb t\u00eb jet\u00eb e mundur sepse ju e keni nga statusi i deputetit. Pra jo vet\u00ebm q\u00eb shkel ligjin, por e merr kryetari i Kuvendit, ja shpjegon drejtorit t\u00eb burgut q\u00eb nuk \u00ebsht\u00eb nj\u00eb pun\u00eb q\u00eb e zgjidh parlamenti kjo. Ai ka t\u00eb drejt\u00ebn t\u00eb futet dhe t\u00eb b\u00ebj\u00eb inspektimin. Dhe drejtori i p\u00ebrgjithsh\u00ebm, i thot\u00eb, joduhet t&#8217;ia japi ai. Pra Kupi e di m\u00eb mir\u00eb se kryetari i Kuvendit se \u00e7far\u00eb funksionesh ka kryetari i Kuvendit.<\/p>\n<p><strong>Gazetari:<\/strong> Zoti Balliu, m\u00eb her\u00ebt jan\u00eb penguar Tedi Blushi, po ashtu dhe deputet\u00eb t\u00eb tjer\u00eb p\u00ebr inspektim. Tani q\u00eb ligji ju njeh k\u00ebt\u00eb t\u00eb drejt\u00eb, SPAK-u ju ka th\u00ebn\u00eb mund ta b\u00ebni, drejtori ju pengon. \u00c7far\u00eb do b\u00ebni ju?<\/p>\n<p><strong>Klevis Balliu:<\/strong> E para do b\u00ebj kall\u00ebzim penal sepse sot m\u00eb \u00ebsht\u00eb mohuar e drejta p\u00ebr t\u00eb ushtruar detyr\u00ebn time si deputet. Patjet\u00ebr q\u00eb do b\u00ebj kall\u00ebzim penal ndaj k\u00ebtyre njer\u00ebzve q\u00eb si e lejoni ju q\u00eb t\u00eb m\u00eb ndalohet kjo pun\u00eb. Ajo \u00e7far\u00eb ka r\u00ebnd\u00ebsi t\u00eb kuptohet \u00ebsht\u00eb q\u00eb arsyeja pse k\u00ebta nuk e lejojn\u00eb, sidomos n\u00eb k\u00ebt\u00eb institucion, kushtet e t\u00eb cilit jan\u00eb shum\u00eb t\u00eb k\u00ebqija, arsyeja q\u00eb pse nuk lejohet \u00ebsht\u00eb sepse k\u00ebta duan t\u00eb fshehin krimet politike q\u00eb b\u00ebjn\u00eb n\u00eb burgje. Ju i keni par\u00eb si dalin k\u00ebta q\u00eb b\u00ebjn\u00eb sikur b\u00ebjn\u00eb burg t\u00eb Partis\u00eb Socialiste, dalin sikur kan\u00eb dal\u00eb nga SPA-ja. Dometh\u00ebn\u00eb ju keni Saimir Tahirin q\u00eb erdhi p\u00ebr kanabizimin e nj\u00eb shteti t\u00eb t\u00ebr\u00eb, doli p\u00ebr nj\u00eb vit, me nj\u00eb vit burg, nd\u00ebrkoh\u00eb Ilir Meta paraburgim, po b\u00ebhet gati dy vjet burg. Kemi raste t\u00eb tjera q\u00eb kan\u00eb hyr\u00eb dhe kan\u00eb dal\u00eb po nj\u00ebsoj. Nd\u00ebrkoh\u00eb ju e pat\u00eb dje Ilir Met\u00ebn se si ishte. Pra, arsyeja e vetme pse sot k\u00ebtu pengohet hyrja p\u00ebr inspektim, \u00ebsht\u00eb se k\u00ebto duan t\u00eb fshehin k\u00ebto akte kriminale q\u00eb b\u00ebjn\u00eb me r\u00ebnien e kushteve dhe t\u00eb kritereve t\u00eb burgjeve\u2026<\/p>\n","protected":false},"excerpt":{"rendered":"<p>Deputetit Klevis Balliu i \u00ebsht\u00eb ndaluar t\u00eb mart\u00ebn t\u00eb kryej\u00eb nj\u00eb inspektim n\u00eb ambientet e burgut 313 dhe n\u00eb qelin\u00eb ku mbahet ish-presidenti Ilir Meta. N\u00eb nj\u00eb deklarat\u00eb p\u00ebr mediat pas incidentit, Balliu e cil\u00ebsoi burgosjen e Met\u00ebs si politike dhe akuzoi se ndalimi i tij ishte nj\u00eb urdh\u00ebr i ardhur direkt nga kryeministria p\u00ebr &hellip;<\/p>\n","protected":false},"author":4,"featured_media":141443,"comment_status":"closed","ping_status":"closed","sticky":false,"template":"","format":"standard","meta":{"footnotes":""},"categories":[37],"tags":[],"class_list":["post-141487","post","type-post","status-publish","format-standard","has-post-thumbnail","","category-politike"],"_links":{"self":[{"href":"https:\/\/rdnews.al\/index.php\/wp-json\/wp\/v2\/posts\/141487","targetHints":{"allow":["GET"]}}],"collection":[{"href":"https:\/\/rdnews.al\/index.php\/wp-json\/wp\/v2\/posts"}],"about":[{"href":"https:\/\/rdnews.al\/index.php\/wp-json\/wp\/v2\/types\/post"}],"author":[{"embeddable":true,"href":"https:\/\/rdnews.al\/index.php\/wp-json\/wp\/v2\/users\/4"}],"replies":[{"embeddable":true,"href":"https:\/\/rdnews.al\/index.php\/wp-json\/wp\/v2\/comments?post=141487"}],"version-history":[{"count":4,"href":"https:\/\/rdnews.al\/index.php\/wp-json\/wp\/v2\/posts\/141487\/revisions"}],"predecessor-version":[{"id":141492,"href":"https:\/\/rdnews.al\/index.php\/wp-json\/wp\/v2\/posts\/141487\/revisions\/141492"}],"wp:featuredmedia":[{"embeddable":true,"href":"https:\/\/rdnews.al\/index.php\/wp-json\/wp\/v2\/media\/141443"}],"wp:attachment":[{"href":"https:\/\/rdnews.al\/index.php\/wp-json\/wp\/v2\/media?parent=141487"}],"wp:term":[{"taxonomy":"category","embeddable":true,"href":"https:\/\/rdnews.al\/index.php\/wp-json\/wp\/v2\/categories?post=141487"},{"taxonomy":"post_tag","embeddable":true,"href":"https:\/\/rdnews.al\/index.php\/wp-json\/wp\/v2\/tags?post=141487"}],"curies":[{"name":"wp","href":"https:\/\/api.w.org\/{rel}","templated":true}]}}