{"id":14149,"date":"2022-06-03T10:01:39","date_gmt":"2022-06-03T10:01:39","guid":{"rendered":"https:\/\/rdnews.al\/?p=14149"},"modified":"2022-06-03T10:03:57","modified_gmt":"2022-06-03T10:03:57","slug":"spak-dumani-nuk-ka-deklaruar-asnje-te-dhene-ne-lidhje-me-presidentin","status":"publish","type":"post","link":"https:\/\/rdnews.al\/index.php\/2022\/06\/03\/spak-dumani-nuk-ka-deklaruar-asnje-te-dhene-ne-lidhje-me-presidentin\/","title":{"rendered":"SPAK: Dumani nuk ka deklaruar asnj\u00eb t\u00eb dh\u00ebn\u00eb n\u00eb lidhje me Presidentin"},"content":{"rendered":"<p>Pas deklarimeve n\u00eb media, referuar d\u00ebshmis\u00eb n\u00eb SPAK t\u00eb Nuredin Dumanit ku sipas gazetarit Artan Hoxha, p\u00ebrmendet edhe emri i Presidentit t\u00eb Republik\u00ebs, Ilir Meta, SPAK ka dal\u00eb\u00a0m\u00eb nj\u00eb deklarat\u00eb shtypi gjat\u00eb dit\u00ebs s\u00eb sotme ku jep sqarimet e plota.<\/p>\n<p>\u201cN\u00eb deklarimet e dh\u00ebna n\u00eb kuad\u00ebr t\u00eb procedimit penal nr.75\/2022 q\u00eb po heton Prokuroria e Posa\u00e7me, shtetasi n\u00ebn hetim N.D., nuk ka deklaruar asnj\u00eb t\u00eb dh\u00ebn\u00eb n\u00eb lidhje me Presidentin e Republik\u00ebs s\u00eb Shqip\u00ebris\u00eb\u201d, thuhet\u00a0n\u00eb njoftimin e SPAK.<\/p>\n<p><strong>Deklarata e plot\u00eb<\/strong><\/p>\n<p><em>PROKURORIA E POSA\u00c7ME KUND\u00cbR KORRUPSIONIT DHE KRIMIT T\u00cb ORGANIZUAR, TIRAN\u00cb<\/em><\/p>\n<p><em>NJOFTIM P\u00cbR SHTYP<\/em><\/p>\n<p><em>N\u00eb vijim t\u00eb interesimit t\u00eb shtuar t\u00eb mediave, n\u00eb lidhje me deklarimin e gazetarit Artan Hoxha p\u00ebr sa i p\u00ebrket t\u00eb dh\u00ebnave t\u00eb pretenduara si t\u00eb deklaruara nga shtetasi<\/em><em> n\u00ebn hetim N.D. p\u00ebr Presidentin\u00a0e Republik\u00ebs s\u00eb Shqip\u00ebris\u00eb, t\u00eb transmetuar n\u00eb televizionin Komb\u00ebtar \u201cKlan\u201d, n\u00eb emisionin \u201cOpinion\u201d t\u00eb dat\u00ebs 02.06.2022, sqarojm\u00eb opinionin publik se:<\/em><\/p>\n<p><em>N\u00eb deklarimet e dh\u00ebna n\u00eb kuad\u00ebr t\u00eb procedimit penal nr.75\/2022 q\u00eb po heton Prokuroria e Posa\u00e7me, shtetasi n\u00ebn hetim N.D., nuk ka deklaruar asnj\u00eb t\u00eb dh\u00ebn\u00eb n\u00eb lidhje me Presidentin e Republik\u00ebs s\u00eb Shqip\u00ebris\u00eb.<\/em><\/p>\n<p><em>Duke marr\u00eb shkas nga ky rast, si dhe duke mbajtur n\u00eb konsiderat\u00eb edhe trajtimet q\u00eb i jan\u00eb b\u00ebr\u00eb deklarimeve t\u00eb shtetasit N.D. n\u00eb emisione t\u00eb ndryshme televizive, ftojm\u00eb mediat q\u00eb t\u00eb jen\u00eb t\u00eb kujdesshme, t\u00eb mbajn\u00eb n\u00eb konsiderat\u00eb ndjeshm\u00ebrin\u00eb e k\u00ebsaj \u00e7\u00ebshtje, t\u00eb respektojn\u00eb viktimat dhe familjar\u00ebt e tyre, si dhe faktin se \u00e7\u00ebshtja \u00ebsht\u00eb n\u00eb faz\u00ebn e hetimit paraprak dhe Gjykata e Posa\u00e7me e Shkall\u00ebs s\u00eb Par\u00eb P\u00ebr Korrupsionin dhe Krimin e Organizuar referuar nenit 103 t\u00eb Kodit t\u00eb Procedur\u00ebs Penale ka vendosur ndalimin e publikimit t\u00eb vendimit nr.42 dat\u00eb 17.05.2022 (me objekt caktimin e masave t\u00eb sigurimit).<\/em><\/p>\n","protected":false},"excerpt":{"rendered":"<p>Pas deklarimeve n\u00eb media, referuar d\u00ebshmis\u00eb n\u00eb SPAK t\u00eb Nuredin Dumanit ku sipas gazetarit Artan Hoxha, p\u00ebrmendet edhe emri i Presidentit t\u00eb Republik\u00ebs, Ilir Meta, SPAK ka dal\u00eb\u00a0m\u00eb nj\u00eb deklarat\u00eb shtypi gjat\u00eb dit\u00ebs s\u00eb sotme ku jep sqarimet e plota. \u201cN\u00eb deklarimet e dh\u00ebna n\u00eb kuad\u00ebr t\u00eb procedimit penal nr.75\/2022 q\u00eb po heton Prokuroria e &hellip;<\/p>\n","protected":false},"author":4,"featured_media":8128,"comment_status":"open","ping_status":"open","sticky":false,"template":"","format":"standard","meta":{"footnotes":""},"categories":[40],"tags":[],"class_list":["post-14149","post","type-post","status-publish","format-standard","has-post-thumbnail","","category-aktualitet"],"_links":{"self":[{"href":"https:\/\/rdnews.al\/index.php\/wp-json\/wp\/v2\/posts\/14149","targetHints":{"allow":["GET"]}}],"collection":[{"href":"https:\/\/rdnews.al\/index.php\/wp-json\/wp\/v2\/posts"}],"about":[{"href":"https:\/\/rdnews.al\/index.php\/wp-json\/wp\/v2\/types\/post"}],"author":[{"embeddable":true,"href":"https:\/\/rdnews.al\/index.php\/wp-json\/wp\/v2\/users\/4"}],"replies":[{"embeddable":true,"href":"https:\/\/rdnews.al\/index.php\/wp-json\/wp\/v2\/comments?post=14149"}],"version-history":[{"count":0,"href":"https:\/\/rdnews.al\/index.php\/wp-json\/wp\/v2\/posts\/14149\/revisions"}],"wp:featuredmedia":[{"embeddable":true,"href":"https:\/\/rdnews.al\/index.php\/wp-json\/wp\/v2\/media\/8128"}],"wp:attachment":[{"href":"https:\/\/rdnews.al\/index.php\/wp-json\/wp\/v2\/media?parent=14149"}],"wp:term":[{"taxonomy":"category","embeddable":true,"href":"https:\/\/rdnews.al\/index.php\/wp-json\/wp\/v2\/categories?post=14149"},{"taxonomy":"post_tag","embeddable":true,"href":"https:\/\/rdnews.al\/index.php\/wp-json\/wp\/v2\/tags?post=14149"}],"curies":[{"name":"wp","href":"https:\/\/api.w.org\/{rel}","templated":true}]}}