{"id":141507,"date":"2026-04-28T17:16:43","date_gmt":"2026-04-28T17:16:43","guid":{"rendered":"https:\/\/rdnews.al\/?p=141507"},"modified":"2026-04-28T17:16:43","modified_gmt":"2026-04-28T17:16:43","slug":"burri-i-ministres-ibrahimaj-mbeshtet-spiropalin-bravo-elisa-qendrim-dinjitoz","status":"publish","type":"post","link":"https:\/\/rdnews.al\/index.php\/2026\/04\/28\/burri-i-ministres-ibrahimaj-mbeshtet-spiropalin-bravo-elisa-qendrim-dinjitoz\/","title":{"rendered":"Burri i ministres Ibrahimaj mb\u00ebshtet Spiropalin: Bravo Elisa, q\u00ebndrim dinjitoz!"},"content":{"rendered":"<p>Nj\u00eb reagim i publikuar n\u00eb rrjetet sociale ka rikthyer v\u00ebmendjen te debatet e brendshme n\u00eb radh\u00ebt e Partia Socialiste.<\/p>\n<p>Andri Ibrahimi, ish-bashk\u00ebshorti i ministres Delina Ibrahimaj, ka shprehur hapur mb\u00ebshtetjen e tij p\u00ebr q\u00ebndrimin e mbajtur nga Elisa Spiropali, duke e cil\u00ebsuar at\u00eb si nj\u00eb z\u00eb t\u00eb rrall\u00eb kritik brenda partis\u00eb.<\/p>\n<p>Nj\u00eb reagim i publikuar n\u00eb rrjetet sociale ka rikthyer v\u00ebmendjen te debatet e brendshme n\u00eb radh\u00ebt e Partia Socialiste.<\/p>\n<p>Reagimi i Ibrahimit vjen n\u00eb vijim t\u00eb nj\u00eb deklarate publike t\u00eb Spiropalit, ku kjo e fundit thekson r\u00ebnd\u00ebsin\u00eb e debateve t\u00eb brendshme n\u00eb nj\u00eb forc\u00eb politike, pavar\u00ebsisht intensitetit t\u00eb tyre.<\/p>\n<p>N\u00eb thelb, mesazhi i saj duket se synon t\u00eb nxis\u00eb reflektim dhe hapje m\u00eb t\u00eb madhe brenda partis\u00eb, n\u00eb nj\u00eb moment kur diskursi politik shpesh dominohet nga q\u00ebndrime t\u00eb unifikuara.<\/p>\n<p>Ky zhvillim, ndon\u00ebse i nisur nga nj\u00eb postim n\u00eb rrjete sociale, ka marr\u00eb jehon\u00eb m\u00eb t\u00eb gjer\u00eb p\u00ebr shkak t\u00eb profilit t\u00eb personave t\u00eb p\u00ebrfshir\u00eb dhe kontekstit politik. Mb\u00ebshtetja e nj\u00eb figure t\u00eb af\u00ebrt me qeverin\u00eb p\u00ebr nj\u00eb q\u00ebndrim kritik brenda partis\u00eb shihet nga analist\u00ebt si nj\u00eb sinjal i tensioneve t\u00eb heshtura, por t\u00eb pranishme, n\u00eb radh\u00ebt e socialist\u00ebve.<\/p>\n<p>N\u00eb munges\u00eb t\u00eb reagimeve zyrtare nga drejtuesit e Partis\u00eb Socialiste, mbetet p\u00ebr t\u2019u par\u00eb n\u00ebse kjo do t\u00eb mbetet nj\u00eb shk\u00ebndij\u00eb e izoluar apo do t\u00eb sh\u00ebrbej\u00eb si katalizator p\u00ebr debate m\u00eb t\u00eb gjera politike n\u00eb vijim.\/ Publik.al\/<\/p>\n<p><img loading=\"lazy\" decoding=\"async\" class=\"alignnone size-medium wp-image-1686014\" src=\"https:\/\/boldnews.al\/wp-content\/uploads\/2026\/04\/auto_aa-21777383571-640x700.jpg\" sizes=\"auto, (max-width: 640px) 100vw, 640px\" srcset=\"https:\/\/boldnews.al\/wp-content\/uploads\/2026\/04\/auto_aa-21777383571-640x700.jpg 640w, https:\/\/boldnews.al\/wp-content\/uploads\/2026\/04\/auto_aa-21777383571-750x821.jpg 750w, https:\/\/boldnews.al\/wp-content\/uploads\/2026\/04\/auto_aa-21777383571.jpg 900w\" alt=\"\" width=\"640\" height=\"700\" data-pin-no-hover=\"true\" \/><\/p>\n","protected":false},"excerpt":{"rendered":"<p>Nj\u00eb reagim i publikuar n\u00eb rrjetet sociale ka rikthyer v\u00ebmendjen te debatet e brendshme n\u00eb radh\u00ebt e Partia Socialiste. Andri Ibrahimi, ish-bashk\u00ebshorti i ministres Delina Ibrahimaj, ka shprehur hapur mb\u00ebshtetjen e tij p\u00ebr q\u00ebndrimin e mbajtur nga Elisa Spiropali, duke e cil\u00ebsuar at\u00eb si nj\u00eb z\u00eb t\u00eb rrall\u00eb kritik brenda partis\u00eb. Nj\u00eb reagim i publikuar &hellip;<\/p>\n","protected":false},"author":4,"featured_media":141508,"comment_status":"closed","ping_status":"closed","sticky":false,"template":"","format":"standard","meta":{"footnotes":""},"categories":[37],"tags":[],"class_list":["post-141507","post","type-post","status-publish","format-standard","has-post-thumbnail","","category-politike"],"_links":{"self":[{"href":"https:\/\/rdnews.al\/index.php\/wp-json\/wp\/v2\/posts\/141507","targetHints":{"allow":["GET"]}}],"collection":[{"href":"https:\/\/rdnews.al\/index.php\/wp-json\/wp\/v2\/posts"}],"about":[{"href":"https:\/\/rdnews.al\/index.php\/wp-json\/wp\/v2\/types\/post"}],"author":[{"embeddable":true,"href":"https:\/\/rdnews.al\/index.php\/wp-json\/wp\/v2\/users\/4"}],"replies":[{"embeddable":true,"href":"https:\/\/rdnews.al\/index.php\/wp-json\/wp\/v2\/comments?post=141507"}],"version-history":[{"count":1,"href":"https:\/\/rdnews.al\/index.php\/wp-json\/wp\/v2\/posts\/141507\/revisions"}],"predecessor-version":[{"id":141509,"href":"https:\/\/rdnews.al\/index.php\/wp-json\/wp\/v2\/posts\/141507\/revisions\/141509"}],"wp:featuredmedia":[{"embeddable":true,"href":"https:\/\/rdnews.al\/index.php\/wp-json\/wp\/v2\/media\/141508"}],"wp:attachment":[{"href":"https:\/\/rdnews.al\/index.php\/wp-json\/wp\/v2\/media?parent=141507"}],"wp:term":[{"taxonomy":"category","embeddable":true,"href":"https:\/\/rdnews.al\/index.php\/wp-json\/wp\/v2\/categories?post=141507"},{"taxonomy":"post_tag","embeddable":true,"href":"https:\/\/rdnews.al\/index.php\/wp-json\/wp\/v2\/tags?post=141507"}],"curies":[{"name":"wp","href":"https:\/\/api.w.org\/{rel}","templated":true}]}}