{"id":141510,"date":"2026-04-28T17:20:48","date_gmt":"2026-04-28T17:20:48","guid":{"rendered":"https:\/\/rdnews.al\/?p=141510"},"modified":"2026-04-28T17:21:10","modified_gmt":"2026-04-28T17:21:10","slug":"ndahet-nga-jeta-ish-kryetari-i-gjykates-kushtetuese-dhe-ish-deputeti-i-pd-rustem-gjata","status":"publish","type":"post","link":"https:\/\/rdnews.al\/index.php\/2026\/04\/28\/ndahet-nga-jeta-ish-kryetari-i-gjykates-kushtetuese-dhe-ish-deputeti-i-pd-rustem-gjata\/","title":{"rendered":"Ndahet nga jeta ish-kryetari i Gjykat\u00ebs Kushtetuese dhe ish-deputeti i PD, Rustem Gjata"},"content":{"rendered":"<p>Ish-kryetari i Gjykat\u00ebs Kushtetuese t\u00eb Shqip\u00ebris\u00eb, Rustem Gjata, \u00ebsht\u00eb ndar\u00eb nga jeta k\u00ebt\u00eb t\u00eb mart\u00eb. Lajmin e trisht\u00eb e ka dh\u00ebn\u00eb p\u00ebrmes nj\u00eb njoftimi n\u00eb rrjetet sociale djali i tij, juristi \u00c7lirim Gjata.<\/p>\n<p><em>\u201cT\u00eb nderuar miq! Me hidh\u00ebrim ju njoftoj se babai, Rustem Gjata, nd\u00ebrroi jet\u00eb sot. Procesioni b\u00ebhet nes\u00ebr, e m\u00ebrkur\u00eb, dt. 29 prill, ora 11:00, duke u nisur nga sht\u00ebpia funerale \u2018Alba 2000\u2019, te Rruga e Durr\u00ebsit. Me respekt, \u00c7lirim Gjata\u201d<\/em>, shkruan ai n\u00eb Facebook.<\/p>\n<p>Rustem Gjata \u00ebsht\u00eb zgjedhur deputet i Partis\u00eb Demokratike n\u00eb zgjedhjet e para pluraliste n\u00eb vitin 1992. Gjata ishte angazhuar n\u00eb hartimin e ligjit p\u00ebr Gjykat\u00ebn Kushtetuese, si an\u00ebtar i Komisionit t\u00eb Ligjeve.<\/p>\n<p>M\u00eb pas, Partia Demokratike e propozoi p\u00ebr kryetar t\u00eb Gjykat\u00ebs Kushtetuese, post q\u00eb e mbajti deri n\u00eb vitin 1995, pasi mandati ishte vet\u00ebm 3-vje\u00e7ar.<\/p>\n","protected":false},"excerpt":{"rendered":"<p>Ish-kryetari i Gjykat\u00ebs Kushtetuese t\u00eb Shqip\u00ebris\u00eb, Rustem Gjata, \u00ebsht\u00eb ndar\u00eb nga jeta k\u00ebt\u00eb t\u00eb mart\u00eb. Lajmin e trisht\u00eb e ka dh\u00ebn\u00eb p\u00ebrmes nj\u00eb njoftimi n\u00eb rrjetet sociale djali i tij, juristi \u00c7lirim Gjata. \u201cT\u00eb nderuar miq! Me hidh\u00ebrim ju njoftoj se babai, Rustem Gjata, nd\u00ebrroi jet\u00eb sot. Procesioni b\u00ebhet nes\u00ebr, e m\u00ebrkur\u00eb, dt. 29 prill, &hellip;<\/p>\n","protected":false},"author":4,"featured_media":141511,"comment_status":"closed","ping_status":"closed","sticky":false,"template":"","format":"standard","meta":{"footnotes":""},"categories":[37],"tags":[],"class_list":["post-141510","post","type-post","status-publish","format-standard","has-post-thumbnail","","category-politike"],"_links":{"self":[{"href":"https:\/\/rdnews.al\/index.php\/wp-json\/wp\/v2\/posts\/141510","targetHints":{"allow":["GET"]}}],"collection":[{"href":"https:\/\/rdnews.al\/index.php\/wp-json\/wp\/v2\/posts"}],"about":[{"href":"https:\/\/rdnews.al\/index.php\/wp-json\/wp\/v2\/types\/post"}],"author":[{"embeddable":true,"href":"https:\/\/rdnews.al\/index.php\/wp-json\/wp\/v2\/users\/4"}],"replies":[{"embeddable":true,"href":"https:\/\/rdnews.al\/index.php\/wp-json\/wp\/v2\/comments?post=141510"}],"version-history":[{"count":1,"href":"https:\/\/rdnews.al\/index.php\/wp-json\/wp\/v2\/posts\/141510\/revisions"}],"predecessor-version":[{"id":141512,"href":"https:\/\/rdnews.al\/index.php\/wp-json\/wp\/v2\/posts\/141510\/revisions\/141512"}],"wp:featuredmedia":[{"embeddable":true,"href":"https:\/\/rdnews.al\/index.php\/wp-json\/wp\/v2\/media\/141511"}],"wp:attachment":[{"href":"https:\/\/rdnews.al\/index.php\/wp-json\/wp\/v2\/media?parent=141510"}],"wp:term":[{"taxonomy":"category","embeddable":true,"href":"https:\/\/rdnews.al\/index.php\/wp-json\/wp\/v2\/categories?post=141510"},{"taxonomy":"post_tag","embeddable":true,"href":"https:\/\/rdnews.al\/index.php\/wp-json\/wp\/v2\/tags?post=141510"}],"curies":[{"name":"wp","href":"https:\/\/api.w.org\/{rel}","templated":true}]}}