{"id":141513,"date":"2026-04-28T17:33:26","date_gmt":"2026-04-28T17:33:26","guid":{"rendered":"https:\/\/rdnews.al\/?p=141513"},"modified":"2026-04-28T17:33:26","modified_gmt":"2026-04-28T17:33:26","slug":"kryebashkiaku-i-rames-rrezikon-mandatin-gjykata-e-larte-kqz-te-vendose-u-fsheh-denimi-ne-greqi","status":"publish","type":"post","link":"https:\/\/rdnews.al\/index.php\/2026\/04\/28\/kryebashkiaku-i-rames-rrezikon-mandatin-gjykata-e-larte-kqz-te-vendose-u-fsheh-denimi-ne-greqi\/","title":{"rendered":"Kryebashkiaku i Ram\u00ebs rrezikon mandatin, Gjykata e Lart\u00eb: KQZ t\u00eb vendos\u00eb, u fsheh d\u00ebnimi n\u00eb Greqi"},"content":{"rendered":"<p>Edhe pse \u00ebsht\u00eb n\u00eb detyr\u00eb dhe i d\u00ebnuar p\u00ebr vepr\u00ebn penale t\u00eb falsifikimit t\u00eb formular\u00ebve, vulave e stampave, n\u00eb rrug\u00eb administrative mandati i kryebashkiakut t\u00eb Ku\u00e7ov\u00ebs konsiderohet ende \u00e7\u00ebshtje e pazgjidhur.<\/p>\n<p>Pa p\u00ebrgjigje n\u00eb k\u00ebt\u00eb situat\u00eb rezulton, sipas Gjykat\u00ebs s\u00eb Lart\u00eb, ta ket\u00eb l\u00ebn\u00eb k\u00ebt\u00eb \u00e7\u00ebshtje Komisioni Shtet\u00ebror i Zgjedhjeve. Sipas vendimit t\u00eb siguruar nga WebLajm.com, rekursi i Kreshnik Hajdarit \u00ebsht\u00eb rr\u00ebzuar, duke l\u00ebn\u00eb n\u00eb fuqi vendimin e gjykat\u00ebs administrative.<\/p>\n<p><img loading=\"lazy\" decoding=\"async\" class=\"alignnone size-medium wp-image-1686025\" src=\"https:\/\/boldnews.al\/wp-content\/uploads\/2026\/04\/vendimi-hajdari-1024x502-1-640x314.png\" sizes=\"auto, (max-width: 640px) 100vw, 640px\" srcset=\"https:\/\/boldnews.al\/wp-content\/uploads\/2026\/04\/vendimi-hajdari-1024x502-1-640x314.png 640w, https:\/\/boldnews.al\/wp-content\/uploads\/2026\/04\/vendimi-hajdari-1024x502-1-750x368.png 750w, https:\/\/boldnews.al\/wp-content\/uploads\/2026\/04\/vendimi-hajdari-1024x502-1.png 1024w\" alt=\"\" width=\"640\" height=\"314\" data-pin-no-hover=\"true\" \/><\/p>\n<p>Sipas k\u00ebsaj t\u00eb fundit, p\u00ebr aq koh\u00eb sa KQZ nuk \u00ebsht\u00eb shprehur me nj\u00eb vendim shterues n\u00ebse z. Hajdari preket apo jo nga ligji i dekriminalizimit, nuk ka \u00e7far\u00eb t\u00eb gjykoj\u00eb kjo gjykat\u00eb.<\/p>\n<p>Kjo pasi KQZ e ka lejuar z. Hajdari t\u00eb kandidoj\u00eb, duke vler\u00ebsuar se ai nuk preket nga efektet e dekriminalizimit, por ka qen\u00eb Komisioni i Apelimeve n\u00eb KQZ, KAS, q\u00eb ka k\u00ebrkuar q\u00eb \u00e7\u00ebshtja t\u00eb rihetohet dhe KQZ t\u00eb dal\u00eb me nj\u00eb vendimmarrje. Pik\u00ebrisht p\u00ebr mosdeklarim e d\u00ebnimit z.Hajdari u d\u00ebnua me k\u00ebrkes t\u00eb SPAK m\u00eb 27 Janar 2024.<\/p>\n<p><strong>Ja nj\u00eb p\u00ebrmbledhje e shkurt\u00ebr dhe e qart\u00eb e vendimit dhe rrug\u00ebs q\u00eb ka ndjekur \u00e7\u00ebshtja:<\/strong><\/p>\n<p>\u00c7\u00ebshtja lidhet me Kreshnik Hajdari, i cili u zgjodh kryetar bashkie n\u00eb zgjedhjet vendore 2023. Pas kandidimit, u pretendua se ai kishte nj\u00eb d\u00ebnim t\u00eb hersh\u00ebm n\u00eb Greqi q\u00eb nuk ishte deklaruar. Komisioni Qendror i Zgjedhjeve e referoi rastin p\u00ebr verifikim te Prokuroria e P\u00ebrgjithshme, e cila arriti n\u00eb p\u00ebrfundimin se nuk kishte ndalim p\u00ebr ushtrimin e funksionit publik. Si rezultat, Komisioneri Shtet\u00ebror i Zgjedhjeve vendosi q\u00eb Hajdari t\u00eb vazhdonte mandatin.<\/p>\n<p>M\u00eb pas, Komisioni i Ankimeve dhe Sanksioneve, pas ankimit nga Partia e Liris\u00eb, e rr\u00ebzoi k\u00ebt\u00eb vendim dhe e ktheu \u00e7\u00ebshtjen p\u00ebr rishqyrtim te Komisioneri, duke k\u00ebrkuar t\u00eb vler\u00ebsohej n\u00ebse procedura duhej pezulluar p\u00ebr shkak t\u00eb nj\u00eb hetimi penal paralel.<\/p>\n<p>Gjykata Administrative e Shkall\u00ebs s\u00eb Par\u00eb Tiran\u00eb nuk e shqyrtoi \u00e7\u00ebshtjen n\u00eb themel, por e nxori jasht\u00eb juridiksionit, duke argumentuar se procedura administrative nuk kishte p\u00ebrfunduar ende (sepse ishte kthyer p\u00ebr rishqyrtim).<\/p>\n<p>N\u00eb fund, Gjykata e Lart\u00eb e Shqip\u00ebris\u00eb vendosi t\u00eb l\u00ebr\u00eb n\u00eb fuqi k\u00ebt\u00eb q\u00ebndrim. Ajo arriti n\u00eb p\u00ebrfundimin se nuk kishte ende nj\u00eb vendim p\u00ebrfundimtar administrativ dhe se padit\u00ebsi duhet t\u00eb pres\u00eb p\u00ebrfundimin e procesit n\u00eb KQZ para se t\u2019i drejtohet gjykat\u00ebs.<\/p>\n<p>P\u00ebrmbledhje n\u00eb nj\u00eb fjali: Gjykata e Lart\u00eb vendosi q\u00eb \u00e7\u00ebshtja e mandatit t\u00eb Kreshnik Hajdarit nuk mund t\u00eb gjykohet ende nga gjykata, sepse procedura administrative n\u00eb KQZ nuk ka p\u00ebrfunduar.<\/p>\n<p><strong>Reagimi KQZ<\/strong><\/p>\n<p>WebLajm.com u interesuar pran\u00eb KQZ p\u00ebr rastin dhe n\u00ebse jan\u00eb njohur me vendimin e gjykat\u00ebs dhe p\u00ebrgjigja q\u00eb mor\u00ebm ishte \u201cKQZ ka k\u00ebrkuar informacione shtes\u00eb nga organet e drejt\u00ebsis\u00eb p\u00ebr k\u00ebt\u00eb \u00e7\u00ebshtje p\u00ebr t\u00eb vijuar me procedurat ligjore t\u00eb rishqyrtimit n\u00ebse do t\u00eb ket\u00eb nevoj\u00eb\u201d.\u00a0<a href=\"https:\/\/www.weblajm.com\/2026\/04\/28\/ekskluzive-kryebashkiaku-i-kucoves-rrezikon-mandatit-gjykata-e-larte-kqz-te-vendos-u-fsheh-denimin-ne-greqi\/\" target=\"_blank\" rel=\"noopener\">\/WebLajm.com \/<\/a><\/p>\n","protected":false},"excerpt":{"rendered":"<p>Edhe pse \u00ebsht\u00eb n\u00eb detyr\u00eb dhe i d\u00ebnuar p\u00ebr vepr\u00ebn penale t\u00eb falsifikimit t\u00eb formular\u00ebve, vulave e stampave, n\u00eb rrug\u00eb administrative mandati i kryebashkiakut t\u00eb Ku\u00e7ov\u00ebs konsiderohet ende \u00e7\u00ebshtje e pazgjidhur. Pa p\u00ebrgjigje n\u00eb k\u00ebt\u00eb situat\u00eb rezulton, sipas Gjykat\u00ebs s\u00eb Lart\u00eb, ta ket\u00eb l\u00ebn\u00eb k\u00ebt\u00eb \u00e7\u00ebshtje Komisioni Shtet\u00ebror i Zgjedhjeve. Sipas vendimit t\u00eb siguruar nga &hellip;<\/p>\n","protected":false},"author":4,"featured_media":141514,"comment_status":"closed","ping_status":"closed","sticky":false,"template":"","format":"standard","meta":{"footnotes":""},"categories":[37],"tags":[],"class_list":["post-141513","post","type-post","status-publish","format-standard","has-post-thumbnail","","category-politike"],"_links":{"self":[{"href":"https:\/\/rdnews.al\/index.php\/wp-json\/wp\/v2\/posts\/141513","targetHints":{"allow":["GET"]}}],"collection":[{"href":"https:\/\/rdnews.al\/index.php\/wp-json\/wp\/v2\/posts"}],"about":[{"href":"https:\/\/rdnews.al\/index.php\/wp-json\/wp\/v2\/types\/post"}],"author":[{"embeddable":true,"href":"https:\/\/rdnews.al\/index.php\/wp-json\/wp\/v2\/users\/4"}],"replies":[{"embeddable":true,"href":"https:\/\/rdnews.al\/index.php\/wp-json\/wp\/v2\/comments?post=141513"}],"version-history":[{"count":1,"href":"https:\/\/rdnews.al\/index.php\/wp-json\/wp\/v2\/posts\/141513\/revisions"}],"predecessor-version":[{"id":141515,"href":"https:\/\/rdnews.al\/index.php\/wp-json\/wp\/v2\/posts\/141513\/revisions\/141515"}],"wp:featuredmedia":[{"embeddable":true,"href":"https:\/\/rdnews.al\/index.php\/wp-json\/wp\/v2\/media\/141514"}],"wp:attachment":[{"href":"https:\/\/rdnews.al\/index.php\/wp-json\/wp\/v2\/media?parent=141513"}],"wp:term":[{"taxonomy":"category","embeddable":true,"href":"https:\/\/rdnews.al\/index.php\/wp-json\/wp\/v2\/categories?post=141513"},{"taxonomy":"post_tag","embeddable":true,"href":"https:\/\/rdnews.al\/index.php\/wp-json\/wp\/v2\/tags?post=141513"}],"curies":[{"name":"wp","href":"https:\/\/api.w.org\/{rel}","templated":true}]}}