{"id":141537,"date":"2026-04-28T21:45:40","date_gmt":"2026-04-28T21:45:40","guid":{"rendered":"https:\/\/rdnews.al\/?p=141537"},"modified":"2026-04-28T21:45:40","modified_gmt":"2026-04-28T21:45:40","slug":"leshohet-urdherarresti-per-ish-drejtorin-e-fbi-se-james-comey","status":"publish","type":"post","link":"https:\/\/rdnews.al\/index.php\/2026\/04\/28\/leshohet-urdherarresti-per-ish-drejtorin-e-fbi-se-james-comey\/","title":{"rendered":"L\u00ebshohet urdh\u00ebrarresti p\u00ebr ish-Drejtorin e FBI-s\u00eb, James Comey"},"content":{"rendered":"<p class=\"selectionShareable\">Prokuror\u00ebt federal\u00eb konfirmuan se nj\u00eb juri e madhe ka l\u00ebshuar nj\u00eb urdh\u00ebrarrest p\u00ebr ish-Drejtorin e FBI-s\u00eb, James Comey, pas padis\u00eb m\u00eb t\u00eb fundit ndaj tij, megjith\u00ebse zyrtar\u00ebt theksuan se Departamenti i Drejt\u00ebsis\u00eb nuk l\u00ebshon drejtp\u00ebrdrejt urdh\u00ebr-arreste t\u00eb tilla.<\/p>\n<p class=\"selectionShareable\">Kur u pyet p\u00ebr zhvillimin, Z\u00ebvend\u00ebs Prokurori i P\u00ebrgjithsh\u00ebm Todd Blanche sqaroi se urdhri ishte dh\u00ebn\u00eb s\u00eb bashku me aktpadin\u00eb nga nj\u00eb juri e madhe, dhe nuk ishte \u00a0k\u00ebrkuar n\u00eb m\u00ebnyr\u00eb t\u00eb nj\u00ebanshme nga prokuror\u00ebt.<\/p>\n<p class=\"selectionShareable\"><em>\u201cDepartamenti i Drejt\u00ebsis\u00eb nuk l\u00ebshon urdh\u00ebrarreste. Jurit\u00eb e m\u00ebdha i l\u00ebshojn\u00eb,\u201d<\/em>\u00a0tha Blanche, duke shtuar se \u201c<em>juria e madhe ka kthyer nj\u00eb aktpadi dhe nj\u00eb urdh\u00ebr-arresti.\u201d<\/em><\/p>\n<p class=\"selectionShareable\">Blanche nuk pranoi t\u00eb jepte detaje n\u00ebse prokuror\u00ebt e kishin k\u00ebrkuar specifikisht urdhrin.<\/p>\n<p class=\"selectionShareable\"><em>\u201cNuk mendoj se \u00ebsht\u00eb publike apo e qart\u00eb se \u00e7far\u00eb ka k\u00ebrkuar departamenti,\u201d<\/em>\u00a0u tha ai gazetar\u00ebve, duke p\u00ebrs\u00ebritur se n\u00eb fund urdhri \u00ebsht\u00eb l\u00ebshuar nga juria e madhe.<\/p>\n<p class=\"selectionShareable\">Ai tha se \u00e7\u00ebshtja pritet t\u00eb vazhdoj\u00eb sipas procesit normal ligjor, p\u00ebrfshir\u00eb koordinimin me ekipin ligjor t\u00eb Comey-t dhe nj\u00eb paraqitje t\u00eb ardhshme para nj\u00eb gjykat\u00ebsi ose magjistrati.<\/p>\n<p class=\"selectionShareable\"><em>\u201cKy rast do t\u00eb vazhdoj\u00eb si qindra t\u00eb tjer\u00eb \u00e7do vit,\u201d<\/em>\u00a0tha Blanche.<\/p>\n<p class=\"selectionShareable\">Urdh\u00ebr-arresti sh\u00ebnon nj\u00eb zhvillim t\u00eb r\u00ebnd\u00ebsish\u00ebm n\u00eb \u00e7\u00ebshtje, duke sinjalizuar faz\u00ebn e radh\u00ebs t\u00eb procedurave nd\u00ebrsa autoritetet l\u00ebvizin drejt paraqitjes zyrtare t\u00eb Comey-t para gjykat\u00ebs, shkruan\u00a0<a href=\"https:\/\/www.foxnews.com\/live-news\/james-comey-indicted-again-as-doj-probe-deepens-into-ex-fbi-chief\" target=\"_blank\" rel=\"noopener\">Fox<\/a>.<\/p>\n","protected":false},"excerpt":{"rendered":"<p>Prokuror\u00ebt federal\u00eb konfirmuan se nj\u00eb juri e madhe ka l\u00ebshuar nj\u00eb urdh\u00ebrarrest p\u00ebr ish-Drejtorin e FBI-s\u00eb, James Comey, pas padis\u00eb m\u00eb t\u00eb fundit ndaj tij, megjith\u00ebse zyrtar\u00ebt theksuan se Departamenti i Drejt\u00ebsis\u00eb nuk l\u00ebshon drejtp\u00ebrdrejt urdh\u00ebr-arreste t\u00eb tilla. Kur u pyet p\u00ebr zhvillimin, Z\u00ebvend\u00ebs Prokurori i P\u00ebrgjithsh\u00ebm Todd Blanche sqaroi se urdhri ishte dh\u00ebn\u00eb s\u00eb &hellip;<\/p>\n","protected":false},"author":3,"featured_media":141538,"comment_status":"closed","ping_status":"closed","sticky":false,"template":"","format":"standard","meta":{"footnotes":""},"categories":[37],"tags":[],"class_list":["post-141537","post","type-post","status-publish","format-standard","has-post-thumbnail","","category-politike"],"_links":{"self":[{"href":"https:\/\/rdnews.al\/index.php\/wp-json\/wp\/v2\/posts\/141537","targetHints":{"allow":["GET"]}}],"collection":[{"href":"https:\/\/rdnews.al\/index.php\/wp-json\/wp\/v2\/posts"}],"about":[{"href":"https:\/\/rdnews.al\/index.php\/wp-json\/wp\/v2\/types\/post"}],"author":[{"embeddable":true,"href":"https:\/\/rdnews.al\/index.php\/wp-json\/wp\/v2\/users\/3"}],"replies":[{"embeddable":true,"href":"https:\/\/rdnews.al\/index.php\/wp-json\/wp\/v2\/comments?post=141537"}],"version-history":[{"count":1,"href":"https:\/\/rdnews.al\/index.php\/wp-json\/wp\/v2\/posts\/141537\/revisions"}],"predecessor-version":[{"id":141539,"href":"https:\/\/rdnews.al\/index.php\/wp-json\/wp\/v2\/posts\/141537\/revisions\/141539"}],"wp:featuredmedia":[{"embeddable":true,"href":"https:\/\/rdnews.al\/index.php\/wp-json\/wp\/v2\/media\/141538"}],"wp:attachment":[{"href":"https:\/\/rdnews.al\/index.php\/wp-json\/wp\/v2\/media?parent=141537"}],"wp:term":[{"taxonomy":"category","embeddable":true,"href":"https:\/\/rdnews.al\/index.php\/wp-json\/wp\/v2\/categories?post=141537"},{"taxonomy":"post_tag","embeddable":true,"href":"https:\/\/rdnews.al\/index.php\/wp-json\/wp\/v2\/tags?post=141537"}],"curies":[{"name":"wp","href":"https:\/\/api.w.org\/{rel}","templated":true}]}}