{"id":141543,"date":"2026-04-29T08:24:55","date_gmt":"2026-04-29T08:24:55","guid":{"rendered":"https:\/\/rdnews.al\/?p=141543"},"modified":"2026-04-29T08:24:55","modified_gmt":"2026-04-29T08:24:55","slug":"ceo-i-sigal-ne-festen-e-vellezerve-arbereshe-avni-ponari-ne-konventen-arberore-per-teatrin-e-ri","status":"publish","type":"post","link":"https:\/\/rdnews.al\/index.php\/2026\/04\/29\/ceo-i-sigal-ne-festen-e-vellezerve-arbereshe-avni-ponari-ne-konventen-arberore-per-teatrin-e-ri\/","title":{"rendered":"CEO i SIGAL n\u00eb fest\u00ebn e v\u00ebllez\u00ebrve arb\u00ebresh\u00eb, Avni Ponari n\u00eb \u201cKonvent\u00ebn Arb\u00ebrore\u201d p\u00ebr teatrin e ri"},"content":{"rendered":"<p>N\u00eb komun\u00ebn arb\u00ebreshe t\u00eb San Demetrio Koron\u00ebs n\u00eb Kalabri, vendlindjen e ideologut t\u00eb madh t\u00eb rilindjes shqiptare, Jeronim De Rada, u p\u00ebrurua teatri i par\u00eb arb\u00ebresh me kapacitet 500 vendesh.<\/p>\n<p>Ceremonia inauguruese, e mbajtur n\u00eb kuad\u00ebr t\u00eb \u201cKonvent\u00ebs Arb\u00ebrore\u201d, u kthye n\u00eb nj\u00eb fest\u00eb t\u00eb madhe q\u00eb bashkoi pjes\u00ebmarr\u00ebs nga Shqip\u00ebria, Kosova, Maqedonia e Veriut dhe Mali i Zi.<\/p>\n<p>N\u00eb k\u00ebt\u00eb ngjarje ishte i pranish\u00ebm edhe CEO i SIGAL INSURANCE GROUP, z. Avni Ponari, si administrator i p\u00ebrgjithsh\u00ebm i kompanis\u00eb m\u00eb t\u00eb madhe t\u00eb sigurimeve n\u00eb rajon.<\/p>\n<p><iframe loading=\"lazy\" title=\"CEO i SIGAL n\u00eb fest\u00ebn e v\u00ebllez\u00ebrve arb\u00ebresh\u00eb, Avni Ponari n\u00eb \u201cKonvent\u00ebn Arb\u00ebrore\u201d p\u00ebr teatrin e ri\" width=\"618\" height=\"348\" src=\"https:\/\/www.youtube.com\/embed\/MzcgI45-OqA?feature=oembed\" frameborder=\"0\" allow=\"accelerometer; autoplay; clipboard-write; encrypted-media; gyroscope; picture-in-picture; web-share\" referrerpolicy=\"strict-origin-when-cross-origin\" allowfullscreen><\/iframe><\/p>\n<p>SIGAL rikonfirmoi angazhimin e tij p\u00ebr promovimin e kultur\u00ebs shqiptare dhe arb\u00ebreshe, duke mb\u00ebshtetur aktivitetin me pranin\u00eb e 15 instrumentist\u00ebve t\u00eb Orkestr\u00ebs s\u00eb Harqeve SIGAL, n\u00ebn dirigjimin e Mjeshtrit t\u00eb Madh Ermir Dizdari.<\/p>\n<p>Orkestra e Harqeve SIGAL e gjall\u00ebroi sken\u00ebn e teatrit t\u00eb ri. S\u00eb bashku me solist\u00eb k\u00ebng\u00ebtar\u00eb dhe grupin e valleve, luajt\u00ebn nj\u00eb repertor t\u00eb pasur me pjes\u00eb muzikore, k\u00ebng\u00eb shqiptare dhe arb\u00ebreshe dhe krijuan nj\u00eb spektak\u00ebl treor\u00ebsh t\u00eb mbushur perplot me emocione.<\/p>\n<p>Orkestra e Harqeve SIGAL, e krijuar n\u00eb vitin 2013, e p\u00ebrb\u00ebr\u00eb nga instrumentist\u00eb t\u00eb njohur dhe t\u00eb rinj t\u00eb talentuar, vijon aktivitetin e saj artistik n\u00eb Shqip\u00ebri, Kosov\u00eb dhe rajon. Me k\u00ebt\u00eb shfaqje formacioni shtoi edhe nj\u00eb sken\u00eb t\u00eb r\u00ebnd\u00ebsishme nd\u00ebrkomb\u00ebtare n\u00eb repertorin e saj, teatrin me te ri arberesh ne Kalabri.<\/p>\n<p>Kryetari i Komun\u00ebs s\u00eb San Demetrio Koron\u00ebs, z. Ernesto Madeo, fal\u00ebnderoi artist\u00ebt dhe z. Avni Ponari, duke vler\u00ebsuar k\u00ebt\u00eb bashk\u00ebpunim si nj\u00eb d\u00ebshmi t\u00eb fort\u00eb t\u00eb lidhjeve kulturore mes bot\u00ebs arb\u00ebreshe dhe shqiptare.<\/p>\n<p>Teatri i ri arb\u00ebresh pritet t\u00eb sh\u00ebrbej\u00eb si nj\u00eb qend\u00ebr e r\u00ebnd\u00ebsishme e artit, kultur\u00ebs dhe edukimit t\u00eb brezave t\u00eb rinj me dashurin\u00eb p\u00ebr identitetin shqiptar dhe Arb\u00ebresh, komunitet i cili p\u00ebr m\u00eb shum\u00eb se 500 vite ka ruajtur gjuh\u00ebn, kultur\u00ebn dhe identitetin e tij n\u00eb zem\u00ebr t\u00eb Europ\u00ebs si nj\u00eb pasuri e \u00e7muar t\u00eb kultur\u00ebs shqiptare.<\/p>\n","protected":false},"excerpt":{"rendered":"<p>N\u00eb komun\u00ebn arb\u00ebreshe t\u00eb San Demetrio Koron\u00ebs n\u00eb Kalabri, vendlindjen e ideologut t\u00eb madh t\u00eb rilindjes shqiptare, Jeronim De Rada, u p\u00ebrurua teatri i par\u00eb arb\u00ebresh me kapacitet 500 vendesh. Ceremonia inauguruese, e mbajtur n\u00eb kuad\u00ebr t\u00eb \u201cKonvent\u00ebs Arb\u00ebrore\u201d, u kthye n\u00eb nj\u00eb fest\u00eb t\u00eb madhe q\u00eb bashkoi pjes\u00ebmarr\u00ebs nga Shqip\u00ebria, Kosova, Maqedonia e Veriut &hellip;<\/p>\n","protected":false},"author":4,"featured_media":141544,"comment_status":"closed","ping_status":"closed","sticky":false,"template":"","format":"standard","meta":{"footnotes":""},"categories":[46],"tags":[],"class_list":["post-141543","post","type-post","status-publish","format-standard","has-post-thumbnail","","category-ekonomi"],"_links":{"self":[{"href":"https:\/\/rdnews.al\/index.php\/wp-json\/wp\/v2\/posts\/141543","targetHints":{"allow":["GET"]}}],"collection":[{"href":"https:\/\/rdnews.al\/index.php\/wp-json\/wp\/v2\/posts"}],"about":[{"href":"https:\/\/rdnews.al\/index.php\/wp-json\/wp\/v2\/types\/post"}],"author":[{"embeddable":true,"href":"https:\/\/rdnews.al\/index.php\/wp-json\/wp\/v2\/users\/4"}],"replies":[{"embeddable":true,"href":"https:\/\/rdnews.al\/index.php\/wp-json\/wp\/v2\/comments?post=141543"}],"version-history":[{"count":1,"href":"https:\/\/rdnews.al\/index.php\/wp-json\/wp\/v2\/posts\/141543\/revisions"}],"predecessor-version":[{"id":141545,"href":"https:\/\/rdnews.al\/index.php\/wp-json\/wp\/v2\/posts\/141543\/revisions\/141545"}],"wp:featuredmedia":[{"embeddable":true,"href":"https:\/\/rdnews.al\/index.php\/wp-json\/wp\/v2\/media\/141544"}],"wp:attachment":[{"href":"https:\/\/rdnews.al\/index.php\/wp-json\/wp\/v2\/media?parent=141543"}],"wp:term":[{"taxonomy":"category","embeddable":true,"href":"https:\/\/rdnews.al\/index.php\/wp-json\/wp\/v2\/categories?post=141543"},{"taxonomy":"post_tag","embeddable":true,"href":"https:\/\/rdnews.al\/index.php\/wp-json\/wp\/v2\/tags?post=141543"}],"curies":[{"name":"wp","href":"https:\/\/api.w.org\/{rel}","templated":true}]}}