{"id":141557,"date":"2026-04-29T08:45:59","date_gmt":"2026-04-29T08:45:59","guid":{"rendered":"https:\/\/rdnews.al\/?p=141557"},"modified":"2026-04-29T08:45:59","modified_gmt":"2026-04-29T08:45:59","slug":"apeli-i-gjkko-rrezon-veliajn","status":"publish","type":"post","link":"https:\/\/rdnews.al\/index.php\/2026\/04\/29\/apeli-i-gjkko-rrezon-veliajn\/","title":{"rendered":"Apeli i GJKKO rr\u00ebzon Veliajn"},"content":{"rendered":"<p>Apeli i Gjykat\u00ebs s\u00eb Posa\u00e7me ka rr\u00ebzuar k\u00ebrkes\u00ebn e kryetarit t\u00eb arrestuar t\u00eb Bashkis\u00eb s\u00eb Tiran\u00ebs, Erion Veliaj, i cili kund\u00ebrshtoi vendimin e shkall\u00ebs s\u00eb par\u00eb p\u00ebr pezullimin e afateve t\u00eb paraburgimit.<\/p>\n<p>Seanca e m\u00ebparshme u shty p\u00ebr shkak t\u00eb problemeve procedurale q\u00eb lidhen me njoftimin e t\u00eb pandehurit nga Drejtoria e Burgut t\u00eb Durr\u00ebsit. Sipas gjyqtares Saida Dollani, institucioni kishte paraqitur vet\u00ebm nj\u00eb kopje t\u00eb dokumentit q\u00eb provonte dijenin\u00eb e Veliajt p\u00ebr gjyqin, dhe jo versionin origjinal, \u00e7ka u konsiderua parregullsi.<\/p>\n<p>Vendimi p\u00ebr pezullimin e afateve ishte marr\u00eb m\u00eb her\u00ebt nga Gjykata e Posa\u00e7me kund\u00ebr Korrupsionit dhe Krimit t\u00eb Organizuar, n\u00eb dy seanca t\u00eb ndara, p\u00ebr shkak t\u00eb munges\u00ebs s\u00eb disa t\u00eb pandehurve t\u00eb tjer\u00eb n\u00eb proces.<\/p>\n<p>Veliaj e kund\u00ebrshton k\u00ebt\u00eb praktik\u00eb, duke argumentuar se ka qen\u00eb vazhdimisht i p\u00ebrfaq\u00ebsuar nga avokati i tij dhe se afatet e paraburgimit nuk duhet t\u00eb pezullohen n\u00eb m\u00ebnyr\u00eb kolektive p\u00ebr t\u00eb gjith\u00eb t\u00eb akuzuarit, p\u00ebr shkak t\u00eb vonesave q\u00eb lidhen me persona t\u00eb tjer\u00eb. \u00c7\u00ebshtja ka nxitur debat m\u00eb t\u00eb gjer\u00eb n\u00eb sistemin e drejt\u00ebsis\u00eb, pasi praktika e pezullimit t\u00eb afateve p\u00ebr t\u00eb gjith\u00eb t\u00eb pandehurit po konsiderohet problematike nga jurist\u00ebt. Avokat\u00ebt k\u00ebrkojn\u00eb rishikim t\u00eb dispozitave n\u00eb Kodi i Procedur\u00ebs Penale, duke theksuar se kjo qasje mund t\u00eb cenoj\u00eb t\u00eb drejtat individuale dhe t\u00eb mbaj\u00eb n\u00eb paraburgim persona q\u00eb nuk kan\u00eb p\u00ebrgjegj\u00ebsi p\u00ebr zvarritjet e procesit.<\/p>\n<p>Sipas legjislacionit n\u00eb fuqi, koha e kaluar n\u00eb paraburgim llogaritet me koeficient m\u00eb t\u00eb lart\u00eb n\u00eb d\u00ebnimin p\u00ebrfundimtar, duke e b\u00ebr\u00eb k\u00ebt\u00eb \u00e7\u00ebshtje edhe m\u00eb t\u00eb ndjeshme p\u00ebr t\u00eb pandehurit.<\/p>\n<p>Veliaj ndodhet n\u00eb mas\u00eb sigurie \u201carrest me burg\u201d q\u00eb prej 10 shkurtit 2025. Ndaj tij r\u00ebndojn\u00eb disa akuza, p\u00ebrfshir\u00eb korrupsion pasiv n\u00eb disa raste, pastrim parash, mosdeklarim pasurie dhe shp\u00ebrdorim detyre.<\/p>\n","protected":false},"excerpt":{"rendered":"<p>Apeli i Gjykat\u00ebs s\u00eb Posa\u00e7me ka rr\u00ebzuar k\u00ebrkes\u00ebn e kryetarit t\u00eb arrestuar t\u00eb Bashkis\u00eb s\u00eb Tiran\u00ebs, Erion Veliaj, i cili kund\u00ebrshtoi vendimin e shkall\u00ebs s\u00eb par\u00eb p\u00ebr pezullimin e afateve t\u00eb paraburgimit. Seanca e m\u00ebparshme u shty p\u00ebr shkak t\u00eb problemeve procedurale q\u00eb lidhen me njoftimin e t\u00eb pandehurit nga Drejtoria e Burgut t\u00eb Durr\u00ebsit. &hellip;<\/p>\n","protected":false},"author":4,"featured_media":105690,"comment_status":"closed","ping_status":"closed","sticky":false,"template":"","format":"standard","meta":{"footnotes":""},"categories":[37],"tags":[],"class_list":["post-141557","post","type-post","status-publish","format-standard","has-post-thumbnail","","category-politike"],"_links":{"self":[{"href":"https:\/\/rdnews.al\/index.php\/wp-json\/wp\/v2\/posts\/141557","targetHints":{"allow":["GET"]}}],"collection":[{"href":"https:\/\/rdnews.al\/index.php\/wp-json\/wp\/v2\/posts"}],"about":[{"href":"https:\/\/rdnews.al\/index.php\/wp-json\/wp\/v2\/types\/post"}],"author":[{"embeddable":true,"href":"https:\/\/rdnews.al\/index.php\/wp-json\/wp\/v2\/users\/4"}],"replies":[{"embeddable":true,"href":"https:\/\/rdnews.al\/index.php\/wp-json\/wp\/v2\/comments?post=141557"}],"version-history":[{"count":1,"href":"https:\/\/rdnews.al\/index.php\/wp-json\/wp\/v2\/posts\/141557\/revisions"}],"predecessor-version":[{"id":141558,"href":"https:\/\/rdnews.al\/index.php\/wp-json\/wp\/v2\/posts\/141557\/revisions\/141558"}],"wp:featuredmedia":[{"embeddable":true,"href":"https:\/\/rdnews.al\/index.php\/wp-json\/wp\/v2\/media\/105690"}],"wp:attachment":[{"href":"https:\/\/rdnews.al\/index.php\/wp-json\/wp\/v2\/media?parent=141557"}],"wp:term":[{"taxonomy":"category","embeddable":true,"href":"https:\/\/rdnews.al\/index.php\/wp-json\/wp\/v2\/categories?post=141557"},{"taxonomy":"post_tag","embeddable":true,"href":"https:\/\/rdnews.al\/index.php\/wp-json\/wp\/v2\/tags?post=141557"}],"curies":[{"name":"wp","href":"https:\/\/api.w.org\/{rel}","templated":true}]}}