{"id":141559,"date":"2026-04-29T08:49:25","date_gmt":"2026-04-29T08:49:25","guid":{"rendered":"https:\/\/rdnews.al\/?p=141559"},"modified":"2026-04-29T08:49:25","modified_gmt":"2026-04-29T08:49:25","slug":"forumi-i-idu-2026-mbledh-lideret-e-djathte-nga-e-gjithe-bota-ne-zagreb-berisha-ne-panelin-kryesor-per-ballkanin-perendimor","status":"publish","type":"post","link":"https:\/\/rdnews.al\/index.php\/2026\/04\/29\/forumi-i-idu-2026-mbledh-lideret-e-djathte-nga-e-gjithe-bota-ne-zagreb-berisha-ne-panelin-kryesor-per-ballkanin-perendimor\/","title":{"rendered":"Forumi i IDU 2026 mbledh lider\u00ebt e djatht\u00eb nga e gjith\u00eb bota n\u00eb Zagreb, Berisha n\u00eb panelin kryesor p\u00ebr Ballkanin Per\u00ebndimor"},"content":{"rendered":"<p>N\u00eb datat 29\u201330 prill 2026, n\u00eb Zagreb t\u00eb Kroacis\u00eb, do t\u00eb zhvillohet Forumi i IDU 2026, nj\u00eb nga ngjarjet m\u00eb t\u00eb r\u00ebnd\u00ebsishme nd\u00ebrkomb\u00ebtare q\u00eb mbledh lider\u00eb politik\u00eb, vendimmarr\u00ebs dhe p\u00ebrfaq\u00ebsues t\u00eb partive t\u00eb qendr\u00ebs s\u00eb djatht\u00eb nga e gjith\u00eb bota.<\/p>\n<p>Ky forum synon t\u00eb trajtoj\u00eb sfidat aktuale globale, t\u00eb forcoj\u00eb bashk\u00ebpunimin nd\u00ebrkomb\u00ebtar dhe t\u00eb promovoj\u00eb vlerat e demokracis\u00eb, ekonomis\u00eb s\u00eb tregut dhe shtetit t\u00eb s\u00eb drejt\u00ebs.<\/p>\n<p>N\u00eb kuad\u00ebr t\u00eb agjend\u00ebs, nj\u00eb nga panelet kryesore do t\u2019i kushtohet Ballkanit Per\u00ebndimor, me tem\u00eb \u201cKufiri i Harruar: Ballkani Per\u00ebndimor dhe Premtimi i Pap\u00ebrmbushur i Europ\u00ebs\u201d. N\u00eb k\u00ebt\u00eb panel do t\u00eb marr\u00eb pjes\u00eb edhe Kryetari i Partis\u00eb Demokratike, Prof. Dr. Sali Berisha.<\/p>\n<p>Pjes\u00ebmarrja e tij do t\u00eb p\u00ebrqendrohet n\u00eb zhvillimet politike n\u00eb rajon, sfidat e demokracis\u00eb dhe procesin e integrimit europian.<\/p>\n<p>Forumi i IDU 2026 pritet t\u00eb sh\u00ebrbej\u00eb si nj\u00eb platform\u00eb e r\u00ebnd\u00ebsishme p\u00ebr diskutim dhe koordinim politik mbi \u00e7\u00ebshtjet kryesore q\u00eb prekin rajonin dhe m\u00eb gjer\u00eb, me theks t\u00eb ve\u00e7ant\u00eb n\u00eb t\u00eb ardhmen euro-atlantike t\u00eb Ballkanit Per\u00ebndimor.<\/p>\n<div class=\"wp-block-file\" data-wp-interactive=\"core\/file\"><object class=\"wp-block-file__embed\" data=\"https:\/\/pd.al\/wp-content\/uploads\/2026\/04\/IDU_Agenda_2804.5.pdf\" type=\"application\/pdf\" width=\"300\" height=\"150\" data-wp-bind--hidden=\"!state.hasPdfPreview\" aria-label=\"Trup\u00ebzim i IDU_Agenda_2804.5.\" data-mce-fragment=\"1\"><\/object><\/div>\n","protected":false},"excerpt":{"rendered":"<p>N\u00eb datat 29\u201330 prill 2026, n\u00eb Zagreb t\u00eb Kroacis\u00eb, do t\u00eb zhvillohet Forumi i IDU 2026, nj\u00eb nga ngjarjet m\u00eb t\u00eb r\u00ebnd\u00ebsishme nd\u00ebrkomb\u00ebtare q\u00eb mbledh lider\u00eb politik\u00eb, vendimmarr\u00ebs dhe p\u00ebrfaq\u00ebsues t\u00eb partive t\u00eb qendr\u00ebs s\u00eb djatht\u00eb nga e gjith\u00eb bota. Ky forum synon t\u00eb trajtoj\u00eb sfidat aktuale globale, t\u00eb forcoj\u00eb bashk\u00ebpunimin nd\u00ebrkomb\u00ebtar dhe t\u00eb promovoj\u00eb &hellip;<\/p>\n","protected":false},"author":4,"featured_media":141560,"comment_status":"closed","ping_status":"closed","sticky":false,"template":"","format":"standard","meta":{"footnotes":""},"categories":[37],"tags":[],"class_list":["post-141559","post","type-post","status-publish","format-standard","has-post-thumbnail","","category-politike"],"_links":{"self":[{"href":"https:\/\/rdnews.al\/index.php\/wp-json\/wp\/v2\/posts\/141559","targetHints":{"allow":["GET"]}}],"collection":[{"href":"https:\/\/rdnews.al\/index.php\/wp-json\/wp\/v2\/posts"}],"about":[{"href":"https:\/\/rdnews.al\/index.php\/wp-json\/wp\/v2\/types\/post"}],"author":[{"embeddable":true,"href":"https:\/\/rdnews.al\/index.php\/wp-json\/wp\/v2\/users\/4"}],"replies":[{"embeddable":true,"href":"https:\/\/rdnews.al\/index.php\/wp-json\/wp\/v2\/comments?post=141559"}],"version-history":[{"count":1,"href":"https:\/\/rdnews.al\/index.php\/wp-json\/wp\/v2\/posts\/141559\/revisions"}],"predecessor-version":[{"id":141561,"href":"https:\/\/rdnews.al\/index.php\/wp-json\/wp\/v2\/posts\/141559\/revisions\/141561"}],"wp:featuredmedia":[{"embeddable":true,"href":"https:\/\/rdnews.al\/index.php\/wp-json\/wp\/v2\/media\/141560"}],"wp:attachment":[{"href":"https:\/\/rdnews.al\/index.php\/wp-json\/wp\/v2\/media?parent=141559"}],"wp:term":[{"taxonomy":"category","embeddable":true,"href":"https:\/\/rdnews.al\/index.php\/wp-json\/wp\/v2\/categories?post=141559"},{"taxonomy":"post_tag","embeddable":true,"href":"https:\/\/rdnews.al\/index.php\/wp-json\/wp\/v2\/tags?post=141559"}],"curies":[{"name":"wp","href":"https:\/\/api.w.org\/{rel}","templated":true}]}}