{"id":141591,"date":"2026-04-29T13:14:13","date_gmt":"2026-04-29T13:14:13","guid":{"rendered":"https:\/\/rdnews.al\/?p=141591"},"modified":"2026-04-29T13:14:13","modified_gmt":"2026-04-29T13:14:13","slug":"vendimi-partia-demokratike-therret-me-30-maj-kuvendin-kombetar-axhenda","status":"publish","type":"post","link":"https:\/\/rdnews.al\/index.php\/2026\/04\/29\/vendimi-partia-demokratike-therret-me-30-maj-kuvendin-kombetar-axhenda\/","title":{"rendered":"Vendimi\/ Partia Demokratike th\u00ebrret me 30 maj Kuvendin Komb\u00ebtar, axhenda"},"content":{"rendered":"<p>Partia Demokratike ka vendosur thirrjen e Kuvendit Komb\u00ebtar m\u00eb 30 maj 2026, n\u00eb or\u00ebn 11:00. N\u00eb vendimin e b\u00ebr\u00eb publik, \u00ebsht\u00eb p\u00ebrcaktuar edhe rendi i dit\u00ebs.<\/p>\n<p>Vendimi p\u00ebr thirrjen e Kuvendit \u00ebsht\u00eb marr\u00eb n\u00eb mb\u00ebshtetje t\u00eb Statutit t\u00eb partis\u00eb dhe parashikon diskutime mbi situat\u00ebn politike n\u00eb vend, sfidat e integrimit evropian, si dhe \u00e7\u00ebshtje q\u00eb lidhen me funksionimin e demokracis\u00eb dhe shtetit ligjor.<\/p>\n<p>N\u00eb fokus do t\u00eb jet\u00eb edhe p\u00ebrcaktimi i vij\u00ebs s\u00eb aksionit politik t\u00eb PD-s\u00eb, nd\u00ebrsa pritet prezantimi i ndryshimeve statutore nga grupet e pun\u00ebs p\u00ebrkat\u00ebse.<\/p>\n<p>N\u00eb axhend\u00eb p\u00ebrfshihen platforma p\u00ebr dixhitalizimin dhe modernizimin e partis\u00eb, si dhe organizimi i strukturave t\u00eb saj n\u00eb diaspor\u00eb.<\/p>\n<p>Gjat\u00eb k\u00ebtij Kuvendi do t\u00eb zgjidhen dhe an\u00ebtar\u00ebt e K\u00ebshillit Komb\u00ebtar.<\/p>\n<p>Vendimi hyn n\u00eb fuqi menj\u00ebher\u00eb.<\/p>\n<div class=\"wp-block-file\" data-wp-interactive=\"core\/file\"><object class=\"wp-block-file__embed\" data=\"https:\/\/pd.al\/wp-content\/uploads\/2026\/04\/Nr.-207-prot.-date-27.04.2026-Vendim-nr.-113-i-Kryesise-Per-thirrjen-e-Kuvendit-Kombetar-te-PDSH-1.pdf\" type=\"application\/pdf\" width=\"300\" height=\"150\" data-wp-bind--hidden=\"!state.hasPdfPreview\" aria-label=\"Trup\u00ebzim i Nr. 207 prot. date 27.04.2026 Vendim nr. 113 i Kryesise Per thirrjen e Kuvendit Kombetar te PDSH.\" data-mce-fragment=\"1\"><\/object><a id=\"wp-block-file--media-8b0c87d8-96d8-40e9-9613-62ac1e8dd49b\" href=\"https:\/\/pd.al\/wp-content\/uploads\/2026\/04\/Nr.-207-prot.-date-27.04.2026-Vendim-nr.-113-i-Kryesise-Per-thirrjen-e-Kuvendit-Kombetar-te-PDSH-1.pdf\" target=\"_blank\" rel=\"noopener\">Nr. 207 prot. date 27.04.2026 Vendim nr. 113 i Kryesise Per thirrjen e Kuvendit Kombetar te PDSH<\/a><\/div>\n","protected":false},"excerpt":{"rendered":"<p>Partia Demokratike ka vendosur thirrjen e Kuvendit Komb\u00ebtar m\u00eb 30 maj 2026, n\u00eb or\u00ebn 11:00. N\u00eb vendimin e b\u00ebr\u00eb publik, \u00ebsht\u00eb p\u00ebrcaktuar edhe rendi i dit\u00ebs. Vendimi p\u00ebr thirrjen e Kuvendit \u00ebsht\u00eb marr\u00eb n\u00eb mb\u00ebshtetje t\u00eb Statutit t\u00eb partis\u00eb dhe parashikon diskutime mbi situat\u00ebn politike n\u00eb vend, sfidat e integrimit evropian, si dhe \u00e7\u00ebshtje q\u00eb &hellip;<\/p>\n","protected":false},"author":4,"featured_media":89408,"comment_status":"closed","ping_status":"closed","sticky":false,"template":"","format":"standard","meta":{"footnotes":""},"categories":[37],"tags":[],"class_list":["post-141591","post","type-post","status-publish","format-standard","has-post-thumbnail","","category-politike"],"_links":{"self":[{"href":"https:\/\/rdnews.al\/index.php\/wp-json\/wp\/v2\/posts\/141591","targetHints":{"allow":["GET"]}}],"collection":[{"href":"https:\/\/rdnews.al\/index.php\/wp-json\/wp\/v2\/posts"}],"about":[{"href":"https:\/\/rdnews.al\/index.php\/wp-json\/wp\/v2\/types\/post"}],"author":[{"embeddable":true,"href":"https:\/\/rdnews.al\/index.php\/wp-json\/wp\/v2\/users\/4"}],"replies":[{"embeddable":true,"href":"https:\/\/rdnews.al\/index.php\/wp-json\/wp\/v2\/comments?post=141591"}],"version-history":[{"count":1,"href":"https:\/\/rdnews.al\/index.php\/wp-json\/wp\/v2\/posts\/141591\/revisions"}],"predecessor-version":[{"id":141592,"href":"https:\/\/rdnews.al\/index.php\/wp-json\/wp\/v2\/posts\/141591\/revisions\/141592"}],"wp:featuredmedia":[{"embeddable":true,"href":"https:\/\/rdnews.al\/index.php\/wp-json\/wp\/v2\/media\/89408"}],"wp:attachment":[{"href":"https:\/\/rdnews.al\/index.php\/wp-json\/wp\/v2\/media?parent=141591"}],"wp:term":[{"taxonomy":"category","embeddable":true,"href":"https:\/\/rdnews.al\/index.php\/wp-json\/wp\/v2\/categories?post=141591"},{"taxonomy":"post_tag","embeddable":true,"href":"https:\/\/rdnews.al\/index.php\/wp-json\/wp\/v2\/tags?post=141591"}],"curies":[{"name":"wp","href":"https:\/\/api.w.org\/{rel}","templated":true}]}}