{"id":141595,"date":"2026-04-29T17:22:23","date_gmt":"2026-04-29T17:22:23","guid":{"rendered":"https:\/\/rdnews.al\/?p=141595"},"modified":"2026-04-29T17:22:23","modified_gmt":"2026-04-29T17:22:23","slug":"berisha-shqiperia-epiqendra-e-mashtrimeve-call-center-at-lidhje-me-olsi-ramen","status":"publish","type":"post","link":"https:\/\/rdnews.al\/index.php\/2026\/04\/29\/berisha-shqiperia-epiqendra-e-mashtrimeve-call-center-at-lidhje-me-olsi-ramen\/","title":{"rendered":"Berisha: Shqip\u00ebria epiqendra e mashtrimeve, call center-at lidhje me Olsi Ram\u00ebn"},"content":{"rendered":"<p>Kryetari i PD, Sali Berisha duke komentuar aksionet e fundit policore, ja deklaruar se Shqip\u00ebria \u00ebsht\u00eb kthyer n\u00eb nj\u00eb qend\u00ebr kryesore t\u00eb aktiviteteve mashtruese p\u00ebrmes call center-ave q\u00eb, sipas tij, zhvasin miliarda euro nga pensionist\u00eb n\u00eb vende t\u00eb ndryshme t\u00eb bot\u00ebs.<\/p>\n<div class=\"jeg_ad jeg_ad_article jnews_content_inline_ads  \">\n<div class=\"ads-wrapper align-center \">\n<div class=\"ads_code\">Ai theksoi se p\u00ebrhapja e k\u00ebtyre zyrave \u201csi k\u00ebrpudha\u201d n\u00eb t\u00eb gjith\u00eb vendin nuk \u00ebsht\u00eb rast\u00ebsore, por lidhet drejtp\u00ebrdrejt me mb\u00ebshtetje politike dhe lidhje t\u00eb fuqishme, pasi lidhen me Olsi Ram\u00ebn.<\/div>\n<\/div>\n<\/div>\n<p>Shqip\u00ebria \u00ebsht\u00eb shnd\u00ebrruar n\u00eb epiqendr\u00ebn e zhvatjes s\u00eb miliarda eurove t\u00eb pensionist\u00ebve nga vende t\u00eb ndryshme t\u00eb bot\u00ebs.<\/p>\n<p>P\u00ebrhapja e k\u00ebtyre zyrave pla\u00e7kit\u00ebse si k\u00ebrpudha kudo n\u00eb Shqip\u00ebri ka vet\u00ebm nj\u00eb arsye: lidhjen e tyre me Olsi Ram\u00ebn\u2019,\u00a0 shkruan Berisha.<\/p>\n<p><iframe id=\"instagram-embed-0\" class=\"instagram-media instagram-media-rendered\" src=\"https:\/\/www.instagram.com\/reel\/DXuENcJAnZh\/embed\/captioned\/?cr=1&amp;v=14&amp;wp=594&amp;rd=https%3A%2F%2Fboldnews.al&amp;rp=%2F2026%2F04%2F29%2Fberisha-shqiperia-epiqendra-e-mashtrimeve-call-center-at-lidhje-me-olsi-ramen%2F#%7B%22ci%22%3A0%2C%22os%22%3A639.7999999523163%2C%22ls%22%3A269.7000000476837%2C%22le%22%3A584.7000000476837%7D\" height=\"1283\" frameborder=\"0\" scrolling=\"no\" allowfullscreen=\"allowfullscreen\" data-instgrm-payload-id=\"instagram-media-payload-0\" data-mce-fragment=\"1\"><\/iframe><\/p>\n<p>&nbsp;<\/p>\n<div class=\"jnews_inline_related_post_wrapper left\">\n<div class=\"jnews_inline_related_post\">\n<div class=\"jeg_postblock_29 jeg_postblock jeg_module_hook jeg_pagination_disable jeg_col_2o3 jnews_module_1686415_0_69f23dd89de9e   \" data-unique=\"jnews_module_1686415_0_69f23dd89de9e\">\n<div class=\"jeg_block_heading jeg_block_heading_6 jeg_subcat_right\">\n<h3 class=\"jeg_block_title\"><\/h3>\n<\/div>\n<\/div>\n<\/div>\n<\/div>\n<div class=\"jnews_inline_related_post_wrapper left\">\n<div class=\"jnews_inline_related_post\">\n<div class=\"jeg_postblock_29 jeg_postblock jeg_module_hook jeg_pagination_disable jeg_col_2o3 jnews_module_1686415_0_69f23dd89de9e   \" data-unique=\"jnews_module_1686415_0_69f23dd89de9e\">\n<div class=\"jeg_block_heading jeg_block_heading_6 jeg_subcat_right\">\n<h3 class=\"jeg_block_title\"><\/h3>\n<\/div>\n<\/div>\n<\/div>\n<\/div>\n","protected":false},"excerpt":{"rendered":"<p>Kryetari i PD, Sali Berisha duke komentuar aksionet e fundit policore, ja deklaruar se Shqip\u00ebria \u00ebsht\u00eb kthyer n\u00eb nj\u00eb qend\u00ebr kryesore t\u00eb aktiviteteve mashtruese p\u00ebrmes call center-ave q\u00eb, sipas tij, zhvasin miliarda euro nga pensionist\u00eb n\u00eb vende t\u00eb ndryshme t\u00eb bot\u00ebs. Ai theksoi se p\u00ebrhapja e k\u00ebtyre zyrave \u201csi k\u00ebrpudha\u201d n\u00eb t\u00eb gjith\u00eb vendin nuk &hellip;<\/p>\n","protected":false},"author":4,"featured_media":141596,"comment_status":"closed","ping_status":"closed","sticky":false,"template":"","format":"standard","meta":{"footnotes":""},"categories":[37],"tags":[],"class_list":["post-141595","post","type-post","status-publish","format-standard","has-post-thumbnail","","category-politike"],"_links":{"self":[{"href":"https:\/\/rdnews.al\/index.php\/wp-json\/wp\/v2\/posts\/141595","targetHints":{"allow":["GET"]}}],"collection":[{"href":"https:\/\/rdnews.al\/index.php\/wp-json\/wp\/v2\/posts"}],"about":[{"href":"https:\/\/rdnews.al\/index.php\/wp-json\/wp\/v2\/types\/post"}],"author":[{"embeddable":true,"href":"https:\/\/rdnews.al\/index.php\/wp-json\/wp\/v2\/users\/4"}],"replies":[{"embeddable":true,"href":"https:\/\/rdnews.al\/index.php\/wp-json\/wp\/v2\/comments?post=141595"}],"version-history":[{"count":2,"href":"https:\/\/rdnews.al\/index.php\/wp-json\/wp\/v2\/posts\/141595\/revisions"}],"predecessor-version":[{"id":141598,"href":"https:\/\/rdnews.al\/index.php\/wp-json\/wp\/v2\/posts\/141595\/revisions\/141598"}],"wp:featuredmedia":[{"embeddable":true,"href":"https:\/\/rdnews.al\/index.php\/wp-json\/wp\/v2\/media\/141596"}],"wp:attachment":[{"href":"https:\/\/rdnews.al\/index.php\/wp-json\/wp\/v2\/media?parent=141595"}],"wp:term":[{"taxonomy":"category","embeddable":true,"href":"https:\/\/rdnews.al\/index.php\/wp-json\/wp\/v2\/categories?post=141595"},{"taxonomy":"post_tag","embeddable":true,"href":"https:\/\/rdnews.al\/index.php\/wp-json\/wp\/v2\/tags?post=141595"}],"curies":[{"name":"wp","href":"https:\/\/api.w.org\/{rel}","templated":true}]}}