{"id":141599,"date":"2026-04-29T17:32:06","date_gmt":"2026-04-29T17:32:06","guid":{"rendered":"https:\/\/rdnews.al\/?p=141599"},"modified":"2026-04-29T17:32:06","modified_gmt":"2026-04-29T17:32:06","slug":"teliti-tatimet-po-u-bejne-presion-bizneseve-u-kerkojne-borxhet-qe-jane-falur-me-ligj","status":"publish","type":"post","link":"https:\/\/rdnews.al\/index.php\/2026\/04\/29\/teliti-tatimet-po-u-bejne-presion-bizneseve-u-kerkojne-borxhet-qe-jane-falur-me-ligj\/","title":{"rendered":"Teliti: Tatimet po u b\u00ebjn\u00eb presion bizneseve, u k\u00ebrkojn\u00eb borxhet q\u00eb jan\u00eb falur me ligj!"},"content":{"rendered":"<p>Dorjan Teliti ka folur p\u00ebr klim\u00ebn e biznesit n\u00eb vend duke deklaruar se mungesa e zbatimit t\u00eb \u201cPaqes Fiskale\u201d po shoq\u00ebrohet me pasiguri dhe presion t\u00eb shtuar nga administrata tatimore.<\/p>\n<p>P\u00ebrfaq\u00ebsuesi i PD n\u00eb K\u00ebshillin Bashkiak t\u00eb kryeqytetit, u shpreh se afatet p\u00ebr hyrjen n\u00eb fuqi t\u00eb k\u00ebsaj nisme jan\u00eb shtyr\u00eb vazhdimisht, duke cenuar besueshm\u00ebrin\u00eb e institucioneve. Sipas tij, premtimet p\u00ebr p\u00ebrfundimin e procesit brenda janarit, m\u00eb pas n\u00eb shkurt e mars, nuk jan\u00eb mbajtur, nd\u00ebrsa tashm\u00eb afati \u00ebsht\u00eb zhvendosur n\u00eb fund t\u00eb majit.<\/p>\n<p>Teliti theksoi se bizneset po p\u00ebrballen me munges\u00eb t\u00eb theksuar sigurie juridike, pasi ligji ekziston, por aktet n\u00ebnligjore nuk jan\u00eb miratuar ende. Kjo situat\u00eb, sipas tij, i l\u00eb sip\u00ebrmarrjet n\u00eb paqart\u00ebsi p\u00ebr rregullat q\u00eb duhet t\u00eb ndjekin.<\/p>\n<p>Ai denoncoi gjithashtu sjelljen e administrat\u00ebs tatimore n\u00eb terren, duke pretenduar se po ushtrohet presion i drejtp\u00ebrdrejt\u00eb ndaj bizneseve.<\/p>\n<p>\u201cNe kishim afate kohore m\u00eb par\u00eb p\u00ebr Paqen Fiskale dhe u shkel\u00ebn. U tha brenda janarit do p\u00ebrfundoj\u00eb gjith\u00e7ka, pastaj than\u00eb shkurt dhe mars. Tani jemi n\u00eb fund t\u00eb prillit dhe thon\u00eb afati \u00ebsht\u00eb fundi i majit.<\/p>\n<p>Klima e biznesit ka vuajtur nga mungesa e siguris\u00eb juridike, t\u00eb mos dish rregullat e loj\u00ebs n\u00eb fuqi. Ka hyr\u00eb ligji, por nuk kan\u00eb dal\u00eb aktet n\u00ebnligjore.<\/p>\n<p>Nd\u00ebrkoh\u00eb tatimet jan\u00eb detyruar me ligj t\u00eb trokasin te dera e biznesit dhunsh\u00ebm si\u00e7 b\u00ebjn\u00eb ata dhe k\u00ebrkojn\u00eb borxhet q\u00eb me ligj jan\u00eb falur.<\/p>\n<p>N\u00eb Shqip\u00ebri jemi n\u00eb vendin q\u00eb qeveris ligji apo Maliqi? N\u00eb Shqip\u00ebri fatkeq\u00ebsisht, edhe pse kemi ligje shum\u00eb t\u00eb bukura dhe t\u00eb p\u00ebrafruara me ligjet e BE, ligji ka zero r\u00ebnd\u00ebsi.<\/p>\n<p>Tatimor\u00ebt q\u00eb shkojn\u00eb te dera e biznesit dhe b\u00ebjn\u00eb presion atje. Ligji e thot\u00eb qart\u00eb, \u00e7far\u00eb jan\u00eb detyrime deri n\u00eb vitin 2025 do falen\u201d,\u00a0tha Teliti n\u00eb News24.<\/p>\n","protected":false},"excerpt":{"rendered":"<p>Dorjan Teliti ka folur p\u00ebr klim\u00ebn e biznesit n\u00eb vend duke deklaruar se mungesa e zbatimit t\u00eb \u201cPaqes Fiskale\u201d po shoq\u00ebrohet me pasiguri dhe presion t\u00eb shtuar nga administrata tatimore. P\u00ebrfaq\u00ebsuesi i PD n\u00eb K\u00ebshillin Bashkiak t\u00eb kryeqytetit, u shpreh se afatet p\u00ebr hyrjen n\u00eb fuqi t\u00eb k\u00ebsaj nisme jan\u00eb shtyr\u00eb vazhdimisht, duke cenuar besueshm\u00ebrin\u00eb &hellip;<\/p>\n","protected":false},"author":4,"featured_media":141600,"comment_status":"closed","ping_status":"closed","sticky":false,"template":"","format":"standard","meta":{"footnotes":""},"categories":[37],"tags":[],"class_list":["post-141599","post","type-post","status-publish","format-standard","has-post-thumbnail","","category-politike"],"_links":{"self":[{"href":"https:\/\/rdnews.al\/index.php\/wp-json\/wp\/v2\/posts\/141599","targetHints":{"allow":["GET"]}}],"collection":[{"href":"https:\/\/rdnews.al\/index.php\/wp-json\/wp\/v2\/posts"}],"about":[{"href":"https:\/\/rdnews.al\/index.php\/wp-json\/wp\/v2\/types\/post"}],"author":[{"embeddable":true,"href":"https:\/\/rdnews.al\/index.php\/wp-json\/wp\/v2\/users\/4"}],"replies":[{"embeddable":true,"href":"https:\/\/rdnews.al\/index.php\/wp-json\/wp\/v2\/comments?post=141599"}],"version-history":[{"count":1,"href":"https:\/\/rdnews.al\/index.php\/wp-json\/wp\/v2\/posts\/141599\/revisions"}],"predecessor-version":[{"id":141601,"href":"https:\/\/rdnews.al\/index.php\/wp-json\/wp\/v2\/posts\/141599\/revisions\/141601"}],"wp:featuredmedia":[{"embeddable":true,"href":"https:\/\/rdnews.al\/index.php\/wp-json\/wp\/v2\/media\/141600"}],"wp:attachment":[{"href":"https:\/\/rdnews.al\/index.php\/wp-json\/wp\/v2\/media?parent=141599"}],"wp:term":[{"taxonomy":"category","embeddable":true,"href":"https:\/\/rdnews.al\/index.php\/wp-json\/wp\/v2\/categories?post=141599"},{"taxonomy":"post_tag","embeddable":true,"href":"https:\/\/rdnews.al\/index.php\/wp-json\/wp\/v2\/tags?post=141599"}],"curies":[{"name":"wp","href":"https:\/\/api.w.org\/{rel}","templated":true}]}}