{"id":141602,"date":"2026-04-29T17:37:39","date_gmt":"2026-04-29T17:37:39","guid":{"rendered":"https:\/\/rdnews.al\/?p=141602"},"modified":"2026-04-29T17:38:03","modified_gmt":"2026-04-29T17:38:03","slug":"kellici-rama-drejton-industrine-e-ndertimit-qe-pastron-parate-ne-shqiperi","status":"publish","type":"post","link":"https:\/\/rdnews.al\/index.php\/2026\/04\/29\/kellici-rama-drejton-industrine-e-ndertimit-qe-pastron-parate-ne-shqiperi\/","title":{"rendered":"K\u00eblli\u00e7i: Rama drejton industrin\u00eb e nd\u00ebrtimit q\u00eb pastron parat\u00eb n\u00eb Shqip\u00ebri"},"content":{"rendered":"<p>\u00c7mimet e larta t\u00eb banesave dhe rritja e pastrimit t\u00eb parave jan\u00eb pasoj\u00eb e kryeministrit Edi Rama. K\u00ebshtu \u00ebsht\u00eb shprehur n\u00eb rrjetet sociale deputeti i PD-s\u00eb Belind K\u00eblli\u00e7i, sipas t\u00eb cilit Tirana \u00ebsht\u00eb nj\u00eb nd\u00ebr 4 qytetet m\u00eb t\u00eb shtrenjt\u00eb n\u00eb Europ\u00eb, duke iu referuar t\u00eb dh\u00ebnave nga Numbeo dhe INSTAT.<\/p>\n<p>\u201cJan\u00eb dy t\u00eb dh\u00ebna q\u00eb edhe pse n\u00eb burime t\u00eb ndryshme, lidhen thelb\u00ebsisht me nj\u00ebra tjetr\u00ebn dhe t\u00eb dyja t\u00eb \u00e7ojn\u00eb tek Edi Rama! Sipas studimit t\u00eb Numbeo, nisur nga t\u00eb ardhurat dhe fuqia bler\u00ebse, Tirana p\u00ebr rritjen e \u00e7mimit t\u00eb apartamenteve barazohet me Milanon dhe vendoset n\u00eb 4 qytetet m\u00eb t\u00eb shtrenjta n\u00eb Europ\u00eb, ku nj\u00eb familje i duhen 17.6 vite pun\u00eb p\u00ebr t\u00eb bler\u00eb nj\u00eb banes\u00eb\u201d,\u00a0shkruan K\u00eblli\u00e7i.<\/p>\n<p>Sipas tij, sektori i nd\u00ebrtimit \u00ebsht\u00eb kthyer n\u00eb pik\u00ebn kryesore ku qarkullojn\u00eb para me burim t\u00eb dyshimt\u00eb.<\/p>\n<p>\u201cE dh\u00ebna tjet\u00ebr vjen nga INSTAT dhe b\u00ebn t\u00eb ditur se pastrimi i parave arriti rekordin e 10 viteve t\u00eb fundit. Dhe \u00ebsht\u00eb pik\u00ebrisht sektori i nd\u00ebrtimit ku ky fenomen \u00ebsht\u00eb i p\u00ebrhapur. Gjat\u00eb 2025 kjo veprimtari kriminale u rrit me 11% krahasuar me nj\u00eb vit m\u00eb par\u00eb.<\/p>\n<p>Ko \u00ebsht\u00eb arsyeja kryesore pse \u00e7mimet jan\u00eb kaq t\u00eb larta dhe t\u00eb pap\u00ebrballueshme nga qytetar\u00ebt. Por t\u00eb dyja k\u00ebto dukuri tregojn\u00eb n\u00eb sfond portretin e Edi Ram\u00ebs. Ai \u00ebsht\u00eb personi q\u00eb cakton vendet ku do nd\u00ebrtohet, merret me projektet dhe \u00ebsht\u00eb ai q\u00eb jep lejet.<\/p>\n<p>Si n\u00eb Tiran\u00eb ashtu dhe n\u00eb zonat turistike. Pra Edi Rama e drejton k\u00ebt\u00eb industri ku fitimet jan\u00eb t\u00eb larta dhe pastrimi i parave \u00ebsht\u00eb n\u00eb rritje? Kemi t\u00eb b\u00ebjm\u00eb me t\u00eb ardhura t\u00eb dyshimta e t\u00eb paligjshme nga dy burime kryesore, krimi i organizuar dhe korrupsioni.<\/p>\n<p>Dy fusha ku Edi Rama ka lidhjet e tij t\u00eb fuqishme. Aferat e m\u00ebdha lidhen me vendimet e tij me qeverisjen dhe tenderat e tij. Nd\u00ebrsa krimi i organizuar ka gjetur tek ai partnerin e duhur p\u00ebr t\u00eb penetruar n\u00eb treg. N\u00ebse \u00ebsht\u00eb dikush drejtp\u00ebrdrejt p\u00ebrgjegj\u00ebs pra p\u00ebr \u00e7mimet e larta t\u00eb apartamenteve dhe p\u00ebr pastrimin e parave t\u00eb krimit, ai \u00ebsht\u00eb Edi Rama\u201d, shkruan K\u00eblli\u00e7i.<\/p>\n","protected":false},"excerpt":{"rendered":"<p>\u00c7mimet e larta t\u00eb banesave dhe rritja e pastrimit t\u00eb parave jan\u00eb pasoj\u00eb e kryeministrit Edi Rama. K\u00ebshtu \u00ebsht\u00eb shprehur n\u00eb rrjetet sociale deputeti i PD-s\u00eb Belind K\u00eblli\u00e7i, sipas t\u00eb cilit Tirana \u00ebsht\u00eb nj\u00eb nd\u00ebr 4 qytetet m\u00eb t\u00eb shtrenjt\u00eb n\u00eb Europ\u00eb, duke iu referuar t\u00eb dh\u00ebnave nga Numbeo dhe INSTAT. \u201cJan\u00eb dy t\u00eb dh\u00ebna &hellip;<\/p>\n","protected":false},"author":4,"featured_media":123778,"comment_status":"closed","ping_status":"closed","sticky":false,"template":"","format":"standard","meta":{"footnotes":""},"categories":[37],"tags":[],"class_list":["post-141602","post","type-post","status-publish","format-standard","has-post-thumbnail","","category-politike"],"_links":{"self":[{"href":"https:\/\/rdnews.al\/index.php\/wp-json\/wp\/v2\/posts\/141602","targetHints":{"allow":["GET"]}}],"collection":[{"href":"https:\/\/rdnews.al\/index.php\/wp-json\/wp\/v2\/posts"}],"about":[{"href":"https:\/\/rdnews.al\/index.php\/wp-json\/wp\/v2\/types\/post"}],"author":[{"embeddable":true,"href":"https:\/\/rdnews.al\/index.php\/wp-json\/wp\/v2\/users\/4"}],"replies":[{"embeddable":true,"href":"https:\/\/rdnews.al\/index.php\/wp-json\/wp\/v2\/comments?post=141602"}],"version-history":[{"count":1,"href":"https:\/\/rdnews.al\/index.php\/wp-json\/wp\/v2\/posts\/141602\/revisions"}],"predecessor-version":[{"id":141603,"href":"https:\/\/rdnews.al\/index.php\/wp-json\/wp\/v2\/posts\/141602\/revisions\/141603"}],"wp:featuredmedia":[{"embeddable":true,"href":"https:\/\/rdnews.al\/index.php\/wp-json\/wp\/v2\/media\/123778"}],"wp:attachment":[{"href":"https:\/\/rdnews.al\/index.php\/wp-json\/wp\/v2\/media?parent=141602"}],"wp:term":[{"taxonomy":"category","embeddable":true,"href":"https:\/\/rdnews.al\/index.php\/wp-json\/wp\/v2\/categories?post=141602"},{"taxonomy":"post_tag","embeddable":true,"href":"https:\/\/rdnews.al\/index.php\/wp-json\/wp\/v2\/tags?post=141602"}],"curies":[{"name":"wp","href":"https:\/\/api.w.org\/{rel}","templated":true}]}}