{"id":141604,"date":"2026-04-29T18:05:36","date_gmt":"2026-04-29T18:05:36","guid":{"rendered":"https:\/\/rdnews.al\/?p=141604"},"modified":"2026-04-29T18:26:45","modified_gmt":"2026-04-29T18:26:45","slug":"berisha-nga-zagrebi-do-paraqesim-para-partnereve-nderkombetare-shqetesimet-per-autokracine-elektorale-dhe-pengesat-ne-rrugen-drejt-be","status":"publish","type":"post","link":"https:\/\/rdnews.al\/index.php\/2026\/04\/29\/berisha-nga-zagrebi-do-paraqesim-para-partnereve-nderkombetare-shqetesimet-per-autokracine-elektorale-dhe-pengesat-ne-rrugen-drejt-be\/","title":{"rendered":"Berisha nga Zagrebi: Do paraqesim para partner\u00ebve nd\u00ebrkomb\u00ebtar\u00eb shqet\u00ebsimet p\u00ebr autokracin\u00eb elektorale dhe pengesat n\u00eb rrug\u00ebn drejt BE"},"content":{"rendered":"<p><em>Kryetari i Partis\u00eb Demokratike, Prof. Dr. Sali Berisha, gjat\u00eb nj\u00eb prononcimi p\u00ebr media n\u00eb forumin e Unionit Demokrat Nd\u00ebrkomb\u00ebtar (IDU) n\u00eb Zagreb, Kroaci, deklaroi se klanet e drog\u00ebs kan\u00eb arritur t\u00eb marrin n\u00ebn kontroll t\u00eb gjith\u00eb internetin e Shqip\u00ebris\u00eb dhe t\u00eb dh\u00ebnat e qytetar\u00ebve. Berisha theksoi se opozita shqiptare \u00ebsht\u00eb e pranishme n\u00eb k\u00ebt\u00eb forum bot\u00ebror p\u00ebr t\u00eb paraqitur problematikat e m\u00ebdha me t\u00eb cilat p\u00ebrballet Shqip\u00ebria dhe rajoni. Sipas tij, k\u00ebto \u00e7\u00ebshtje do t\u00eb debatohen me aleat\u00ebt nd\u00ebrkomb\u00ebtar\u00eb t\u00eb qendr\u00ebs s\u00eb djatht\u00eb. Duke folur p\u00ebr situat\u00ebn n\u00eb vend, lideri demokrat, Sali Berisha akuzoi kryeministrin Rama se po pengon procesin e integrimit europian dhe se e ka shnd\u00ebrruar Shqip\u00ebrin\u00eb \u201cn\u00eb nj\u00eb autokraci elektorale apo diktatur\u00eb autoritare\u201d. M\u00eb tej, ai e cil\u00ebsoi vendin si \u201cnarko-shtetin e par\u00eb dhe t\u00eb vet\u00ebm n\u00eb Evrop\u00eb\u201d, nd\u00ebrtimi i t\u00eb cilit ka sjell\u00eb d\u00ebme t\u00eb r\u00ebnda p\u00ebr ekonomin\u00eb.<\/em><br \/>\n<em>Akuza m\u00eb shqet\u00ebsuese ishte \u00e7\u00ebshtja q\u00eb lidhej me sigurin\u00eb kibernetike. \u201cSi\u00e7 kan\u00eb faktuar zbulimet e fundit, ato klanet e drog\u00ebs arrit\u00ebn t\u00eb kontrollojn\u00eb t\u00eb gjith\u00eb internetin e Shqip\u00ebris\u00eb me t\u00eb gjith\u00eb t\u00eb dh\u00ebnat e shqiptar\u00ebve. K\u00ebshtu q\u00eb n\u00eb k\u00ebt\u00eb aspekt, p\u00ebrb\u00ebjn\u00eb nj\u00eb rrezik dhe k\u00ebrc\u00ebnim serioz p\u00ebr sigurin\u00eb jo vet\u00ebm t\u00eb Shqip\u00ebris\u00eb, por edhe t\u00eb rajonit dhe m\u00eb gjer\u00eb\u201d, deklaroi ai. Forumi i IDU, i cili mbledh partit\u00eb e qendr\u00ebs s\u00eb djatht\u00eb nga e gjith\u00eb bota, do t\u00eb ket\u00eb n\u00eb dit\u00ebt n\u00eb vijim nj\u00eb panel t\u00eb dedikuar t\u00ebr\u00ebsisht p\u00ebr Ballkanin. Berisha konfirmoi se aty do t\u00eb paraqes\u00eb rastin e Shqip\u00ebris\u00eb dhe problematikat e saj. Ai gjithashtu p\u00ebrmendi takimet me personalitete t\u00eb r\u00ebnd\u00ebsishme si ish-kryeministri i Kanadas\u00eb dhe presidenti i IDU-s\u00eb, Stephen Harper, ish-kryeministri irlandez dhe eurodeputeti Elmar Brok.<\/em><\/p>\n<p><strong>Pyetje: Z. Berisha, nj\u00eb forum 3-ditor i cili ka nj\u00eb r\u00ebnd\u00ebsi shum\u00eb t\u00eb madhe, cili do t\u00eb jet\u00eb le t\u00eb themi q\u00ebndrimi juaj dhe i Partis\u00eb Demokratike dhe ku do t\u00eb jet\u00eb pik\u00ebsynimi i gjith\u00eb mesazhit tuaj dhe i opozit\u00ebs?<\/strong><\/p>\n<p><strong>Sali Berisha:<\/strong> Po, ky \u00ebsht\u00eb forumi i IDU-s\u00eb, Bashkimit Demokrat Nd\u00ebrkomb\u00ebtar, organizat\u00ebs q\u00eb grupon partit\u00eb e qendr\u00ebs s\u00eb djatht\u00eb dhe t\u00eb djathta t\u00eb t\u00eb gjith\u00eb bot\u00ebs. Organizat\u00eb e cila ka si parti kryesore udh\u00ebheq\u00ebse, Partin\u00eb Republikane t\u00eb Shteteve t\u00eb Bashkuara t\u00eb Amerik\u00ebs, si partia m\u00eb influente. Nd\u00ebrkoh\u00eb, presidenti i saj \u00ebsht\u00eb nj\u00eb nga ish-kryeministrat m\u00eb t\u00eb shk\u00eblqyer t\u00eb Kanadas\u00eb, Stephen Harper, nj\u00eb mik i \u00e7muar i opozit\u00ebs shqiptare dhe i Shqip\u00ebris\u00eb.<\/p>\n<p>Ne vijm\u00eb k\u00ebtu n\u00eb k\u00ebt\u00eb forum bot\u00ebror p\u00ebr t\u00eb paraqitur problematikat e m\u00ebdha t\u00eb Shqip\u00ebris\u00eb dhe rajonit n\u00eb k\u00ebndv\u00ebshtrimin ton\u00eb, p\u00ebr t&#8217;i debatuar dhe diskutuar k\u00ebto probleme me aleat\u00ebt tan\u00eb. Probleme madhore q\u00eb kan\u00eb t\u00eb b\u00ebjn\u00eb me sigurin\u00eb n\u00eb rajon, probleme madhore q\u00eb kan\u00eb t\u00eb b\u00ebjn\u00eb me procesin e integrimit t\u00eb Shqip\u00ebris\u00eb n\u00eb Bashkimin Europian, pengesat shum\u00eb serioze q\u00eb Edi Rama me shtrirjen e Shqip\u00ebris\u00eb n\u00eb nj\u00eb autokraci elektorale apo diktatur\u00eb autoritare, i ka b\u00ebr\u00eb dhe i b\u00ebn procesit t\u00eb integrimit, me nd\u00ebrtimin e narko-shtetit t\u00eb par\u00eb dhe t\u00eb vet\u00ebm n\u00eb Evrop\u00eb, shkat\u00ebrrimin ose d\u00ebmtimin e r\u00ebnd\u00eb t\u00eb ekonomis\u00eb shqiptare p\u00ebr shkak t\u00eb zhvler\u00ebsimit dramatik t\u00eb euros dhe dollarit, goditjes shum\u00eb t\u00eb r\u00ebnd\u00eb t\u00eb eksporteve, prodhimit industrial, prodhimit bujq\u00ebsor.<\/p>\n<p>Pra, kemi, p\u00ebrve\u00e7 faktit q\u00eb dihet q\u00eb klanet e drog\u00ebs jan\u00eb sot vendimmarr\u00ebsit kryesor\u00eb dhe m\u00eb t\u00eb r\u00ebnd\u00ebsish\u00ebm, por ato si\u00e7 kan\u00eb faktuar zbulimet e fundit, ato arrit\u00ebn t\u00eb kontrollojn\u00eb t\u00eb gjith\u00eb internetin e Shqip\u00ebris\u00eb me t\u00eb gjith\u00eb t\u00eb dh\u00ebnat e shqiptar\u00ebve. K\u00ebshtu q\u00eb, n\u00eb k\u00ebt\u00eb aspekt p\u00ebrb\u00ebjn\u00eb nj\u00eb rrezik dhe k\u00ebrc\u00ebnim serioz p\u00ebr sigurin\u00eb jo vet\u00ebm t\u00eb Shqip\u00ebris\u00eb, por dhe t\u00eb rajonit dhe m\u00eb gjer\u00eb.<\/p>\n<p>K\u00ebtu ishte nj\u00eb pritje kjo q\u00eb regjistruat, pritja para fillimit t\u00eb punimeve. Pat\u00ebm rastin t\u00eb takojm\u00eb personalitetet m\u00eb kryesore, z\u00ebvend\u00ebskryeministrin e Kroacis\u00eb, nga vendi organizator, mikprit\u00ebs, presidentin e IDU-s\u00eb, ish-kryeministrin e Kanadas\u00eb z. Stephen Harper, sekretaren e p\u00ebrgjithshme t\u00eb IDU-s\u00eb, miq t\u00eb tjer\u00eb, Elmar Brok, nj\u00eb mik gjithmon\u00eb i Shqip\u00ebris\u00eb dhe i Partis\u00eb Demokratike, opozit\u00ebs shqiptare, Kenny Endo, ish-kryeministrin e Irland\u00ebs, nj\u00eb nga kryeministrat m\u00eb t\u00eb suksessh\u00ebm n\u00eb historin\u00eb e atij vendi, dhe shum\u00eb personalitete t\u00eb tjera, t\u00eb shk\u00ebmbejm\u00eb mendime shkurtimisht, t\u00eb debatojm\u00eb, diskutojm\u00eb p\u00ebr zhvillimet n\u00eb Shqip\u00ebri.<\/p>\n<p>Mendoj se kjo pritje, ky koktejl q\u00eb u dha nga presidenti i IDU-s\u00eb, ishte nj\u00eb rast shum\u00eb i mir\u00eb p\u00ebr ne p\u00ebr shk\u00ebmbim mendimesh me miqt\u00eb tan\u00eb, me partner\u00ebt tan\u00eb. Nes\u00ebr vazhdon seanca, nes\u00ebr seancat. Nes\u00ebr kemi nj\u00eb panel q\u00eb i kushtohet t\u00ebr\u00ebsisht Ballkanit, problematikave t\u00eb m\u00ebdha t\u00eb Ballkanit, qoft\u00eb n\u00eb rrafshin e siguris\u00eb, ashtu dhe n\u00eb rrafshin e integrimit europian, ku jan\u00eb disa pjes\u00ebmarr\u00ebs nga vendet e Ballkanit dhe natyrisht aty do paraqesim rastin e Shqip\u00ebris\u00eb dhe problematikat e m\u00ebdha.<\/p>\n<p>Por nes\u00ebr, nes\u00ebr ka gjithashtu debate n\u00eb p\u00ebr \u00e7\u00ebshtje t\u00eb tjera t\u00eb siguris\u00eb, kib\u00ebr-siguris\u00eb dhe pasnes\u00ebr \u00ebsht\u00eb mbledhja, \u00ebsht\u00eb konferenca, \u00ebsht\u00eb samiti i byros\u00eb ekzekutive n\u00eb t\u00eb cil\u00ebn jan\u00eb t\u00eb pranish\u00ebm kryetar\u00ebt e t\u00eb gjitha partive t\u00eb an\u00ebtare t\u00eb IDU-s\u00eb dhe sigurisht edhe aty Shqip\u00ebria, si\u00e7 mund ta keni marr\u00eb vesh, \u00ebsht\u00eb n\u00eb rend dite nga \u00e7\u00ebshtjet m\u00eb t\u00eb r\u00ebnd\u00ebsishme.<\/p>\n<p>Faleminderit!<\/p>\n","protected":false},"excerpt":{"rendered":"<p>Kryetari i Partis\u00eb Demokratike, Prof. Dr. Sali Berisha, gjat\u00eb nj\u00eb prononcimi p\u00ebr media n\u00eb forumin e Unionit Demokrat Nd\u00ebrkomb\u00ebtar (IDU) n\u00eb Zagreb, Kroaci, deklaroi se klanet e drog\u00ebs kan\u00eb arritur t\u00eb marrin n\u00ebn kontroll t\u00eb gjith\u00eb internetin e Shqip\u00ebris\u00eb dhe t\u00eb dh\u00ebnat e qytetar\u00ebve. Berisha theksoi se opozita shqiptare \u00ebsht\u00eb e pranishme n\u00eb k\u00ebt\u00eb forum &hellip;<\/p>\n","protected":false},"author":4,"featured_media":141606,"comment_status":"closed","ping_status":"closed","sticky":false,"template":"","format":"standard","meta":{"footnotes":""},"categories":[37],"tags":[],"class_list":["post-141604","post","type-post","status-publish","format-standard","has-post-thumbnail","","category-politike"],"_links":{"self":[{"href":"https:\/\/rdnews.al\/index.php\/wp-json\/wp\/v2\/posts\/141604","targetHints":{"allow":["GET"]}}],"collection":[{"href":"https:\/\/rdnews.al\/index.php\/wp-json\/wp\/v2\/posts"}],"about":[{"href":"https:\/\/rdnews.al\/index.php\/wp-json\/wp\/v2\/types\/post"}],"author":[{"embeddable":true,"href":"https:\/\/rdnews.al\/index.php\/wp-json\/wp\/v2\/users\/4"}],"replies":[{"embeddable":true,"href":"https:\/\/rdnews.al\/index.php\/wp-json\/wp\/v2\/comments?post=141604"}],"version-history":[{"count":2,"href":"https:\/\/rdnews.al\/index.php\/wp-json\/wp\/v2\/posts\/141604\/revisions"}],"predecessor-version":[{"id":141607,"href":"https:\/\/rdnews.al\/index.php\/wp-json\/wp\/v2\/posts\/141604\/revisions\/141607"}],"wp:featuredmedia":[{"embeddable":true,"href":"https:\/\/rdnews.al\/index.php\/wp-json\/wp\/v2\/media\/141606"}],"wp:attachment":[{"href":"https:\/\/rdnews.al\/index.php\/wp-json\/wp\/v2\/media?parent=141604"}],"wp:term":[{"taxonomy":"category","embeddable":true,"href":"https:\/\/rdnews.al\/index.php\/wp-json\/wp\/v2\/categories?post=141604"},{"taxonomy":"post_tag","embeddable":true,"href":"https:\/\/rdnews.al\/index.php\/wp-json\/wp\/v2\/tags?post=141604"}],"curies":[{"name":"wp","href":"https:\/\/api.w.org\/{rel}","templated":true}]}}