{"id":141608,"date":"2026-04-29T19:02:36","date_gmt":"2026-04-29T19:02:36","guid":{"rendered":"https:\/\/rdnews.al\/?p=141608"},"modified":"2026-04-29T19:02:36","modified_gmt":"2026-04-29T19:02:36","slug":"gjekmarkaj-protesta-e-8-majit-per-ti-dhene-shqiperise-drejtimin-qe-meriton","status":"publish","type":"post","link":"https:\/\/rdnews.al\/index.php\/2026\/04\/29\/gjekmarkaj-protesta-e-8-majit-per-ti-dhene-shqiperise-drejtimin-qe-meriton\/","title":{"rendered":"Gjekmarkaj: Protesta e 8 Majit p\u00ebr t&#8217;i dh\u00ebn\u00eb Shqip\u00ebris\u00eb drejtimin q\u00eb meriton"},"content":{"rendered":"<div id=\"rekl-49\">N\u00ebnkryetari i PD, Agron Gjekmarkaj ka zhvilluar nj\u00eb takim me demokrat\u00ebt n\u00eb qytetin e Sh\u00ebngjinit.<\/div>\n<div class=\"readmore-text-here\">\n<p>Gjat\u00eb takimit \u00ebsht\u00eb diskutuar p\u00ebr protest\u00ebn e 8 majit, q\u00eb sipas deputetit demokrat organizohet p\u00ebr ti dh\u00ebn\u00eb vendit drejtimin q\u00eb meriton.<\/p>\n<p>\u2018M\u00eb 8 Maj, demokrat\u00ebt e Sh\u00ebngjinit dhe nga e gjith\u00eb Shqip\u00ebria do t\u00eb bashkohen n\u00eb Tiran\u00eb n\u00eb protest\u00ebn komb\u00ebtare kund\u00ebr korrupsionit qeveris\u00ebs p\u00ebr t\u2019i dh\u00ebn\u00eb vendit drejtimin q\u00eb meriton.<\/p>\n<p>N\u00eb k\u00ebt\u00eb mbr\u00ebmje me strukturat e demokrat\u00ebve n\u00eb Sh\u00ebngjin, u d\u00ebshmua edhe nj\u00eb her\u00eb vendosm\u00ebria dhe organizimi p\u00ebr k\u00ebt\u00eb betej\u00eb t\u00eb r\u00ebnd\u00ebsishme.<\/p>\n<p>Po ashtu u b\u00eb dhe riorganizimi i struktur\u00ebs drejtuese, ku demokrat\u00ebt zgjodh\u00ebn kryetar Damian Sulaj, si dhe ekipin e ri si nj\u00eb garanci p\u00ebr forcimin e Partis\u00eb Demokratike dhe mobilizimin maksimal p\u00ebr sfidat n\u00eb vijim\u2019,\u00a0shkruan n\u00ebnkryetari i PD-s\u00eb, Agron Gjekmarkaj n\u00eb postimin e tij n\u00eb rrjetet sociale.<\/p>\n<div class=\"fotogaleri\">\n<div class=\"bx-wrapper\">\n<div class=\"bx-viewport\">\n<ul class=\"read-slider\">\n<li><a href=\"https:\/\/www.syri.net\/fotogaleria\/884807\/foto-nenkryetari-i-pd-gjekmarkaj-protesta-e-8-majit-per-t-i-dhene-shqiperise-drejtimin-qe-meriton\/\" target=\"_blank\" rel=\"noopener\"><img decoding=\"async\" src=\"https:\/\/www.syri.net\/uploads\/syri.net\/images\/2026\/April\/29\/auto_685139355_1282045234106624_4401626950246181092_n1777488097.jpg\" \/><\/a><\/li>\n<\/ul>\n<\/div>\n<\/div>\n<\/div>\n<\/div>\n","protected":false},"excerpt":{"rendered":"<p>N\u00ebnkryetari i PD, Agron Gjekmarkaj ka zhvilluar nj\u00eb takim me demokrat\u00ebt n\u00eb qytetin e Sh\u00ebngjinit. Gjat\u00eb takimit \u00ebsht\u00eb diskutuar p\u00ebr protest\u00ebn e 8 majit, q\u00eb sipas deputetit demokrat organizohet p\u00ebr ti dh\u00ebn\u00eb vendit drejtimin q\u00eb meriton. \u2018M\u00eb 8 Maj, demokrat\u00ebt e Sh\u00ebngjinit dhe nga e gjith\u00eb Shqip\u00ebria do t\u00eb bashkohen n\u00eb Tiran\u00eb n\u00eb protest\u00ebn komb\u00ebtare &hellip;<\/p>\n","protected":false},"author":4,"featured_media":141609,"comment_status":"closed","ping_status":"closed","sticky":false,"template":"","format":"standard","meta":{"footnotes":""},"categories":[37],"tags":[],"class_list":["post-141608","post","type-post","status-publish","format-standard","has-post-thumbnail","","category-politike"],"_links":{"self":[{"href":"https:\/\/rdnews.al\/index.php\/wp-json\/wp\/v2\/posts\/141608","targetHints":{"allow":["GET"]}}],"collection":[{"href":"https:\/\/rdnews.al\/index.php\/wp-json\/wp\/v2\/posts"}],"about":[{"href":"https:\/\/rdnews.al\/index.php\/wp-json\/wp\/v2\/types\/post"}],"author":[{"embeddable":true,"href":"https:\/\/rdnews.al\/index.php\/wp-json\/wp\/v2\/users\/4"}],"replies":[{"embeddable":true,"href":"https:\/\/rdnews.al\/index.php\/wp-json\/wp\/v2\/comments?post=141608"}],"version-history":[{"count":1,"href":"https:\/\/rdnews.al\/index.php\/wp-json\/wp\/v2\/posts\/141608\/revisions"}],"predecessor-version":[{"id":141610,"href":"https:\/\/rdnews.al\/index.php\/wp-json\/wp\/v2\/posts\/141608\/revisions\/141610"}],"wp:featuredmedia":[{"embeddable":true,"href":"https:\/\/rdnews.al\/index.php\/wp-json\/wp\/v2\/media\/141609"}],"wp:attachment":[{"href":"https:\/\/rdnews.al\/index.php\/wp-json\/wp\/v2\/media?parent=141608"}],"wp:term":[{"taxonomy":"category","embeddable":true,"href":"https:\/\/rdnews.al\/index.php\/wp-json\/wp\/v2\/categories?post=141608"},{"taxonomy":"post_tag","embeddable":true,"href":"https:\/\/rdnews.al\/index.php\/wp-json\/wp\/v2\/tags?post=141608"}],"curies":[{"name":"wp","href":"https:\/\/api.w.org\/{rel}","templated":true}]}}