{"id":141618,"date":"2026-04-29T20:07:12","date_gmt":"2026-04-29T20:07:12","guid":{"rendered":"https:\/\/rdnews.al\/?p=141618"},"modified":"2026-04-29T20:07:12","modified_gmt":"2026-04-29T20:07:12","slug":"ps-parti-shtet-aleati-i-rames-milo-po-shkojne-drejt-shthurjes-qe-nuk-ndalet","status":"publish","type":"post","link":"https:\/\/rdnews.al\/index.php\/2026\/04\/29\/ps-parti-shtet-aleati-i-rames-milo-po-shkojne-drejt-shthurjes-qe-nuk-ndalet\/","title":{"rendered":"&#8220;PS, Parti-Shtet&#8221;\/ Aleati i Ram\u00ebs, Milo: Po shkojn\u00eb drejt shthurjes q\u00eb nuk ndalet"},"content":{"rendered":"<p>K\u00ebt\u00eb t\u00eb m\u00ebrkur\u00eb, n\u00eb intervist\u00ebn p\u00ebr News 24, ish-ministri i Jasht\u00ebm, Paskal Milo, komentoi p\u00ebrplasjen e kryeministrit Edi Rama dhe deputetes Elisa Spiropali, pas q\u00ebndrimeve publike t\u00eb k\u00ebsaj t\u00eb fundit.<\/p>\n<p>Milo theksoi se q\u00eb nga viti 2005 e deri m\u00eb sot, PS ka kaluar n\u00eb nj\u00eb faz\u00eb ku vendimmarrja \u00ebsht\u00eb p\u00ebrqendruar kryesisht n\u00eb duart e kryetarit, duke zbehur rolin e strukturave dhe institucioneve t\u00eb brendshme.<\/p>\n<p>Sipas tij, organizimi aktual i PS-s\u00eb ka krijuar nj\u00eb model ku institucionet partiake kan\u00eb rol periferik dhe shpesh funksionojn\u00eb si fasad\u00eb, nd\u00ebrsa ndikimi kryesor mbetet te lideri. Milo e cil\u00ebsoi k\u00ebt\u00eb si nj\u00eb form\u00eb t\u00eb centralizimit t\u00eb pushtetit, q\u00eb ka ndikuar n\u00eb dob\u00ebsimin e demokracis\u00eb s\u00eb brendshme.<\/p>\n<p><em>\u201cKjo \u00ebsht\u00eb histori m\u00eb vete q\u00eb ka nj\u00eb t\u00eb kaluar. PS \u00ebsht\u00eb transformuar gjat\u00eb lidershipit t\u00eb zotit Rama. Q\u00eb nga 2005 e deri tani, \u00ebsht\u00eb nj\u00eb epok\u00eb e t\u00ebr\u00eb. Lidershipi i PS, ose institucionet e saj jan\u00eb rrudhur, nuk kan\u00eb ndonj\u00eb rol qendror n\u00eb vendimmarrje, \u00ebsht\u00eb duksh\u00ebm e shfaqur, por kan\u00eb rol periferik. Kan\u00eb rol thjesht fasad\u00eb. Pushteti absolut q\u00eb ka zoti Rama brenda PS ka diktuar nj\u00eb politik\u00eb t\u00eb atill\u00eb q\u00eb k\u00ebto institucione ku an\u00ebtar\u00eb t\u00eb ve\u00e7ant\u00eb nuk kan\u00eb rol ose e kan\u00eb minimal. Kjo \u00ebsht\u00eb m\u00ebnyr\u00eb e dukshme. PS sot portretizohet si ekip politik administrativ, si nj\u00eb parti-shtet, q\u00eb i ka t\u00eb gjitha hallkat n\u00eb dor\u00ebn e saj dhe aty vendos kryetari i partis\u00eb. Mund t\u00eb mos jet\u00eb p\u00ebrjashtim, kjo varet.<\/em><\/p>\n<p><em>Nuk dua t\u00eb hy n\u00eb detaje. Aty \u00ebsht\u00eb krijuar nj\u00eb m\u00ebnyr\u00eb qeverisjeje dhe administrimi q\u00eb l\u00eb vend p\u00ebr debat, p\u00ebr ankesa sepse ka humbur koncepti baz\u00eb i funksionimit t\u00eb nj\u00eb partie politike q\u00eb \u00ebsht\u00eb demokracia e brendshme. Ka shum\u00eb q\u00eb i d\u00ebgjoj q\u00eb p\u00ebrgjegj\u00ebsin\u00eb kryesore ia japin zotit Rama p\u00ebr at\u00eb \u00e7ka po ndodh n\u00eb PS, por jam pjes\u00ebrisht dakord me ta<\/em>\u201d, u shpreh Milo.<\/p>\n<p>Ai shtoi se p\u00ebrgjegj\u00ebsia p\u00ebr k\u00ebt\u00eb situat\u00eb nuk i takon vet\u00ebm Ram\u00ebs, por edhe figurave t\u00eb tjera brenda partis\u00eb, t\u00eb cilat, sipas tij, nuk kan\u00eb treguar kurajo p\u00ebr t\u00eb shprehur mendimet e tyre ndryshe, duke mb\u00ebshtetur vazhdimisht lidershipin.<\/p>\n<p><em>\u201cP\u00ebr mendimin tim sa p\u00ebrgjegj\u00ebs \u00ebsht\u00eb zoti Rama p\u00ebr k\u00ebt\u00eb trajektore t\u00eb PS nga nj\u00eb parti e hapur n\u00eb nj\u00eb t\u00eb mbyllur, p\u00ebrgjegj\u00ebsi kan\u00eb dhe ata t\u00eb tjer\u00ebt q\u00eb vin\u00eb rrotull tij. Asnj\u00eb prej tyre nuk ka pasur as kurajo dhe as mend\u00ebsi demokratike europiane p\u00ebr t\u00eb th\u00ebn\u00eb mendimin e tyre. Duke vler\u00ebsuar at\u00eb \u00e7ka po ndodh tani n\u00eb kuptimin e shprehjes s\u00eb mendimeve dhe v\u00ebnien e gishtit te plaga e PS, ata i kan\u00eb thurur lavde kryetarit t\u00eb partis\u00eb, e kan\u00eb mb\u00ebshtetur at\u00eb, kan\u00eb qen\u00eb pjes\u00eb e ekipit p\u00ebr t\u00eb cilat ata ankohen sot.<\/em><\/p>\n<p><em>N\u00eb momentin kur kan\u00eb humbur pozicionin n\u00eb qeveri apo hierarkin\u00eb politike t\u00eb PS, kan\u00eb marr\u00eb kurajon t\u00eb v\u00ebn\u00eb gishtin n\u00eb plag\u00eb. Jo se nuk kan\u00eb t\u00eb drejt\u00eb, por k\u00ebto jan\u00eb probleme t\u00eb vjetra n\u00eb PS dhe nuk jan\u00eb manifestuar tani. Qoft\u00eb p\u00ebr zonj\u00ebn Spiropali apo dhe Bra\u00e7en apo dhe z\u00ebra t\u00eb tjer\u00eb q\u00eb nuk flasin publikisht. Duhet vepruar me qet\u00ebsi dhe t\u00eb kishte m\u00eb shum\u00eb urt\u00ebsi dhe m\u00eb shum\u00eb kolegjialitet dhe t\u00eb korrigjohet sa nuk \u00ebsht\u00eb von\u00eb. Po nisi nj\u00eb l\u00ebmsh t\u00eb shthuret, s`e ndalon dot.<\/em><\/p>\n<p><em>Ajo \u00e7`ka po ndodh, duhet administruar me kujdes. Nuk duhet vler\u00ebsuar me zem\u00ebrat\u00eb. P\u00ebrkundrazi mendoj q\u00eb do t\u00eb ishte e udh\u00ebs t\u00eb kishte m\u00eb shum\u00eb urt\u00ebsi dhe m\u00eb shum\u00eb kolegjialitet p\u00ebr t\u00eb korrigjuar at\u00eb cka mund t\u00eb korrigjohet sa nuk \u00ebsht\u00eb von\u00eb. Po filloi nj\u00eb l\u00ebmsh t\u00eb shthuret nuk e ndalon dot\u201d,<\/em>\u00a0shtoi Milo.<\/p>\n","protected":false},"excerpt":{"rendered":"<p>K\u00ebt\u00eb t\u00eb m\u00ebrkur\u00eb, n\u00eb intervist\u00ebn p\u00ebr News 24, ish-ministri i Jasht\u00ebm, Paskal Milo, komentoi p\u00ebrplasjen e kryeministrit Edi Rama dhe deputetes Elisa Spiropali, pas q\u00ebndrimeve publike t\u00eb k\u00ebsaj t\u00eb fundit. Milo theksoi se q\u00eb nga viti 2005 e deri m\u00eb sot, PS ka kaluar n\u00eb nj\u00eb faz\u00eb ku vendimmarrja \u00ebsht\u00eb p\u00ebrqendruar kryesisht n\u00eb duart e &hellip;<\/p>\n","protected":false},"author":3,"featured_media":141619,"comment_status":"closed","ping_status":"closed","sticky":false,"template":"","format":"standard","meta":{"footnotes":""},"categories":[37],"tags":[],"class_list":["post-141618","post","type-post","status-publish","format-standard","has-post-thumbnail","","category-politike"],"_links":{"self":[{"href":"https:\/\/rdnews.al\/index.php\/wp-json\/wp\/v2\/posts\/141618","targetHints":{"allow":["GET"]}}],"collection":[{"href":"https:\/\/rdnews.al\/index.php\/wp-json\/wp\/v2\/posts"}],"about":[{"href":"https:\/\/rdnews.al\/index.php\/wp-json\/wp\/v2\/types\/post"}],"author":[{"embeddable":true,"href":"https:\/\/rdnews.al\/index.php\/wp-json\/wp\/v2\/users\/3"}],"replies":[{"embeddable":true,"href":"https:\/\/rdnews.al\/index.php\/wp-json\/wp\/v2\/comments?post=141618"}],"version-history":[{"count":1,"href":"https:\/\/rdnews.al\/index.php\/wp-json\/wp\/v2\/posts\/141618\/revisions"}],"predecessor-version":[{"id":141620,"href":"https:\/\/rdnews.al\/index.php\/wp-json\/wp\/v2\/posts\/141618\/revisions\/141620"}],"wp:featuredmedia":[{"embeddable":true,"href":"https:\/\/rdnews.al\/index.php\/wp-json\/wp\/v2\/media\/141619"}],"wp:attachment":[{"href":"https:\/\/rdnews.al\/index.php\/wp-json\/wp\/v2\/media?parent=141618"}],"wp:term":[{"taxonomy":"category","embeddable":true,"href":"https:\/\/rdnews.al\/index.php\/wp-json\/wp\/v2\/categories?post=141618"},{"taxonomy":"post_tag","embeddable":true,"href":"https:\/\/rdnews.al\/index.php\/wp-json\/wp\/v2\/tags?post=141618"}],"curies":[{"name":"wp","href":"https:\/\/api.w.org\/{rel}","templated":true}]}}