{"id":141624,"date":"2026-04-30T08:26:14","date_gmt":"2026-04-30T08:26:14","guid":{"rendered":"https:\/\/rdnews.al\/?p=141624"},"modified":"2026-04-30T08:26:38","modified_gmt":"2026-04-30T08:26:38","slug":"me-edi-ramen-shqiperia-perkeqesohet-ne-renditjen-e-lirise-se-medias","status":"publish","type":"post","link":"https:\/\/rdnews.al\/index.php\/2026\/04\/30\/me-edi-ramen-shqiperia-perkeqesohet-ne-renditjen-e-lirise-se-medias\/","title":{"rendered":"Me Edi Ram\u00ebn Shqip\u00ebria p\u00ebrkeq\u00ebsohet n\u00eb renditjen e liris\u00eb s\u00eb medias!"},"content":{"rendered":"<p><strong>Nga Belind KELLI\u00c7I<\/strong><\/p>\n<p>Nuk ka dyshim se kur kryeministri sillet dhe vepron si armik i shtypit, kur censura \u00ebsht\u00eb n\u00eb aksion, kur kontrollohet linja editoriale e mediave, kur pjesa m\u00eb e madhe e gazetar\u00ebve dhe redaktor\u00ebve jan\u00eb n\u00ebn autocensur\u00eb, Shqip\u00ebria do t\u00eb zbres\u00eb n\u00eb renditjen e organizmave nd\u00ebrkomb\u00ebtar sa i p\u00ebrket liris\u00eb s\u00eb shprehjes.<\/p>\n<p>K\u00ebt\u00eb tregon dhe raporti i fundit i \u201cReporter\u00ebve pa Kufi\u201d, ku vendi yn\u00eb ka humbur pik\u00eb dhe renditet me 3 vende m\u00eb posht\u00eb se sa matja e fundit.<\/p>\n<p>Kjo \u00ebsht\u00eb nj\u00eb k\u00ebmban\u00eb alarmi q\u00eb tregon dhe nj\u00eb her\u00eb regjimin autokratik t\u00eb Edi Ram\u00ebs.<\/p>\n<p>Nj\u00eb kryeminist\u00ebr i korruptuar dhe manjak i propagand\u00ebs dhe kontrollit t\u00eb mediave q\u00eb mburret se po ec\u00ebn me integrimin, nd\u00ebrkoh\u00eb q\u00eb gjith\u00eb treguesit q\u00eb kan\u00eb t\u00eb b\u00ebjn\u00eb me standartet e demokracis\u00eb sh\u00ebnojn\u00eb regres, kthim mbrapa.<\/p>\n<p>Shqip\u00ebria do t\u00eb ngrihet n\u00eb renditje dhe liria e shtypit do t\u00eb fitoj\u00eb terren vet\u00ebm kur Edi Rama t\u00eb mos jet\u00eb m\u00eb censori m\u00eb i madh i vendit, kur ai t\u00eb largohet nga karrigia nga ku b\u00ebn \u00e7do dit\u00eb kryeredaktorin e mediave q\u00eb ka n\u00ebn tutel\u00eb dhe ku sulmon e hedh balt\u00eb mbi \u00e7do z\u00eb kritik q\u00eb nuk e ka n\u00ebnshtruar apo bler\u00eb dot.<\/p>\n","protected":false},"excerpt":{"rendered":"<p>Nga Belind KELLI\u00c7I Nuk ka dyshim se kur kryeministri sillet dhe vepron si armik i shtypit, kur censura \u00ebsht\u00eb n\u00eb aksion, kur kontrollohet linja editoriale e mediave, kur pjesa m\u00eb e madhe e gazetar\u00ebve dhe redaktor\u00ebve jan\u00eb n\u00ebn autocensur\u00eb, Shqip\u00ebria do t\u00eb zbres\u00eb n\u00eb renditjen e organizmave nd\u00ebrkomb\u00ebtar sa i p\u00ebrket liris\u00eb s\u00eb shprehjes. K\u00ebt\u00eb &hellip;<\/p>\n","protected":false},"author":4,"featured_media":78374,"comment_status":"closed","ping_status":"closed","sticky":false,"template":"","format":"standard","meta":{"footnotes":""},"categories":[37],"tags":[],"class_list":["post-141624","post","type-post","status-publish","format-standard","has-post-thumbnail","","category-politike"],"_links":{"self":[{"href":"https:\/\/rdnews.al\/index.php\/wp-json\/wp\/v2\/posts\/141624","targetHints":{"allow":["GET"]}}],"collection":[{"href":"https:\/\/rdnews.al\/index.php\/wp-json\/wp\/v2\/posts"}],"about":[{"href":"https:\/\/rdnews.al\/index.php\/wp-json\/wp\/v2\/types\/post"}],"author":[{"embeddable":true,"href":"https:\/\/rdnews.al\/index.php\/wp-json\/wp\/v2\/users\/4"}],"replies":[{"embeddable":true,"href":"https:\/\/rdnews.al\/index.php\/wp-json\/wp\/v2\/comments?post=141624"}],"version-history":[{"count":1,"href":"https:\/\/rdnews.al\/index.php\/wp-json\/wp\/v2\/posts\/141624\/revisions"}],"predecessor-version":[{"id":141625,"href":"https:\/\/rdnews.al\/index.php\/wp-json\/wp\/v2\/posts\/141624\/revisions\/141625"}],"wp:featuredmedia":[{"embeddable":true,"href":"https:\/\/rdnews.al\/index.php\/wp-json\/wp\/v2\/media\/78374"}],"wp:attachment":[{"href":"https:\/\/rdnews.al\/index.php\/wp-json\/wp\/v2\/media?parent=141624"}],"wp:term":[{"taxonomy":"category","embeddable":true,"href":"https:\/\/rdnews.al\/index.php\/wp-json\/wp\/v2\/categories?post=141624"},{"taxonomy":"post_tag","embeddable":true,"href":"https:\/\/rdnews.al\/index.php\/wp-json\/wp\/v2\/tags?post=141624"}],"curies":[{"name":"wp","href":"https:\/\/api.w.org\/{rel}","templated":true}]}}