{"id":141626,"date":"2026-04-30T08:36:18","date_gmt":"2026-04-30T08:36:18","guid":{"rendered":"https:\/\/rdnews.al\/?p=141626"},"modified":"2026-04-30T08:36:46","modified_gmt":"2026-04-30T08:36:46","slug":"incidentete-qe-nuk-jane-me-incidente","status":"publish","type":"post","link":"https:\/\/rdnews.al\/index.php\/2026\/04\/30\/incidentete-qe-nuk-jane-me-incidente\/","title":{"rendered":"Incidentet q\u00eb nuk jan\u00eb m\u00eb incidente&#8230;"},"content":{"rendered":"<p><strong>Nga Iva V.GRILLO<\/strong><\/p>\n<p>Mbi 20 vite m\u00eb par\u00eb (rreth vitit 2004), pas nj\u00eb periudhe rreth 2 vje\u00e7are larg, u ktheva n\u00eb atdhe p\u00ebr t\u00eb vizituar familjen.<br \/>\nN\u00eb nj\u00eb ceremoni universitare n\u00eb Pallatin e Kongreseve, m\u00eb q\u00eblloi t\u00eb takoj nj\u00eb t\u00eb njohur\u00ebn time, e cila kishte disa vite q\u00eb ishte pjes\u00eb e skuadr\u00ebs s\u00eb kryetarit t\u00eb Bashkis\u00eb Tiran\u00eb&#8230;<br \/>\nMeq\u00eb kisha rreth 2 vite e shk\u00ebputur nga Tirana, isha b\u00ebr\u00eb n\u00ebn\u00eb e re e nj\u00eb foshnjeje dhe mbi t\u00eb gjitha pa nd\u00ebrveprimin online t\u00eb koh\u00ebve t\u00eb sotme, me sinqeritet e pyeta t\u00eb njohur\u00ebn n\u00ebse vazhdonte t\u00eb ishte akoma n\u00eb t\u00eb nj\u00ebjtin vend pune e si po i shkonte jeta.<br \/>\nP\u00ebrgjigjia q\u00eb mora ishte shokuese p\u00ebrsa i p\u00ebrket tonit arrogant, por dhe bot\u00ebkuptimit: di\u00e7ka e natyr\u00ebs q\u00eb ajo ishte nj\u00eb kock\u00eb e fort\u00eb dhe nuk kishte njeri q\u00eb vinte n\u00eb dyshim karrier\u00ebn e saj, etj, etj&#8230;<br \/>\nU \u00e7udita me tonin e saj dhe m&#8217;u desh disa her\u00eb t&#8217;i b\u00ebja pyetje vetes se ku e kisha shkelur me pyetjen time&#8230;<br \/>\nPor nuk mbaroi me kaq: kjo zonj\u00eb funksionare lokale, pasi u ul me pompozitet n\u00eb karrigen q\u00eb i ishte caktuar, shk\u00ebmbeu nj\u00eb varg fjal\u00ebsh vulgare me shoq\u00ebruesin, i cili dukej si bodyguard apo shoferi i saj ndoshta&#8230; fjal\u00eb q\u00eb nuk i b\u00ebjn\u00eb nder askujt, por sidomos nj\u00eb gruaje ne pozit\u00eb shtet\u00ebrore.<br \/>\nKy &#8220;incident&#8221; m\u00eb mbeti n\u00eb mend dhe e kam kujtuar shpesh sa her\u00eb m\u00eb dilte p\u00ebrpara n\u00eb vitet e ardhshme fytyra e saj n\u00eb parlament, qeveri apo n\u00eb media. Miq t\u00eb mi t\u00eb af\u00ebrt kan\u00eb pasur rastin t&#8217;a d\u00ebgjojn\u00eb nga un\u00eb k\u00ebt\u00eb histori sa her\u00eb q\u00eb ka r\u00ebn\u00eb fjala p\u00ebr arroganc\u00ebn, bullizmin dhe fjalorin vulgar t\u00eb skuadr\u00ebs t\u00eb ish kryebashkiakut dhe m\u00eb pas t\u00eb kryeminisstrit Rama&#8230;<br \/>\nPor problemi \u00ebsht\u00eb q\u00eb k\u00ebto &#8220;incidente&#8221; nuk jan\u00eb m\u00eb incidente&#8230;pra ngjarje q\u00eb ndodhin rrall\u00eb e p\u00ebr mall.<br \/>\nNga regjistrimet e rrjedhura n\u00eb rrjet si nga media ashtu dhe nga dosjet e drejt\u00ebsis\u00eb (Veliaj, Balluku, etj), tashm\u00eb \u00ebsht\u00eb e qart\u00eb se vulgariteti, arroganca dhe bullizimi jan\u00eb konstante e komunikimit dhe m\u00ebnyr\u00ebs si funksionojn\u00eb p\u00ebrfaq\u00ebsiesit e qeveris\u00eb shqiptare, n\u00eb nivel lokal dhe q\u00ebndror&#8230;<br \/>\nPrandaj nuk p\u00ebrb\u00ebn m\u00eb \u00e7udi dhe fakti q\u00eb Ministri i Jasht\u00ebm q\u00eb duhet t\u00eb b\u00ebj\u00eb diplomaci, kapet n\u00eb komunikime t\u00eb shkruara me nj\u00eb fjalor jo vet\u00ebm aspak diplomatik, por p\u00ebrkundrazi: nj\u00eb fjalor banal e fyes pik\u00ebrisht p\u00ebr koleg\u00ebt me t\u00eb cil\u00ebt duhet t\u00eb bashk\u00ebpunoj\u00eb&#8230;<br \/>\nKjo \u00ebsht\u00eb fytyra e v\u00ebrtet\u00eb e skuadr\u00ebs s\u00eb Ram\u00ebs: arrogant\u00eb, t\u00eb pasinqert\u00eb dhe banal\u00eb deri n\u00eb dhimbje&#8230;<br \/>\nDhe fatkeq\u00ebsisht ky \u00ebsht\u00eb nj\u00eb nga m\u00ebkatet e tyre m\u00eb t\u00eb vegj\u00ebl.<\/p>\n<p><img decoding=\"async\" src=\"https:\/\/scontent.ftia9-1.fna.fbcdn.net\/v\/t39.30808-6\/679501142_1504776661471108_6734393423328428673_n.jpg?_nc_cat=110&amp;ccb=1-7&amp;_nc_sid=7b2446&amp;_nc_ohc=_J3BLQPVHu8Q7kNvwG9DoFE&amp;_nc_oc=Adp5o395CqC81Auvpef9v2ZhzbjpQkkkTdtPjWTs2GXYWJ-2CGXLsMBriTKE-P2mzhI&amp;_nc_zt=23&amp;_nc_ht=scontent.ftia9-1.fna&amp;_nc_gid=6VZJTsA68ybo_LoKyBEpMA&amp;_nc_ss=7f2a8&amp;oh=00_Af2jgyNnNIYbVAf3NS-w8BZ0XZjL-r7vbwBJBJzejwB1rg&amp;oe=69F8DD26\" alt=\"Mund t\u00eb jet\u00eb nj\u00eb imazh i teksti q\u00eb thot\u00eb &quot;Cancel Search past members a Search Past members ~Ferit Hoxha Left today at 4:00 4:00PM PM +32470514348 470 51 43 48 +32&quot;\" \/><\/p>\n","protected":false},"excerpt":{"rendered":"<p>Nga Iva V.GRILLO Mbi 20 vite m\u00eb par\u00eb (rreth vitit 2004), pas nj\u00eb periudhe rreth 2 vje\u00e7are larg, u ktheva n\u00eb atdhe p\u00ebr t\u00eb vizituar familjen. N\u00eb nj\u00eb ceremoni universitare n\u00eb Pallatin e Kongreseve, m\u00eb q\u00eblloi t\u00eb takoj nj\u00eb t\u00eb njohur\u00ebn time, e cila kishte disa vite q\u00eb ishte pjes\u00eb e skuadr\u00ebs s\u00eb kryetarit t\u00eb &hellip;<\/p>\n","protected":false},"author":4,"featured_media":51216,"comment_status":"closed","ping_status":"closed","sticky":false,"template":"","format":"standard","meta":{"footnotes":""},"categories":[37],"tags":[],"class_list":["post-141626","post","type-post","status-publish","format-standard","has-post-thumbnail","","category-politike"],"_links":{"self":[{"href":"https:\/\/rdnews.al\/index.php\/wp-json\/wp\/v2\/posts\/141626","targetHints":{"allow":["GET"]}}],"collection":[{"href":"https:\/\/rdnews.al\/index.php\/wp-json\/wp\/v2\/posts"}],"about":[{"href":"https:\/\/rdnews.al\/index.php\/wp-json\/wp\/v2\/types\/post"}],"author":[{"embeddable":true,"href":"https:\/\/rdnews.al\/index.php\/wp-json\/wp\/v2\/users\/4"}],"replies":[{"embeddable":true,"href":"https:\/\/rdnews.al\/index.php\/wp-json\/wp\/v2\/comments?post=141626"}],"version-history":[{"count":3,"href":"https:\/\/rdnews.al\/index.php\/wp-json\/wp\/v2\/posts\/141626\/revisions"}],"predecessor-version":[{"id":141629,"href":"https:\/\/rdnews.al\/index.php\/wp-json\/wp\/v2\/posts\/141626\/revisions\/141629"}],"wp:featuredmedia":[{"embeddable":true,"href":"https:\/\/rdnews.al\/index.php\/wp-json\/wp\/v2\/media\/51216"}],"wp:attachment":[{"href":"https:\/\/rdnews.al\/index.php\/wp-json\/wp\/v2\/media?parent=141626"}],"wp:term":[{"taxonomy":"category","embeddable":true,"href":"https:\/\/rdnews.al\/index.php\/wp-json\/wp\/v2\/categories?post=141626"},{"taxonomy":"post_tag","embeddable":true,"href":"https:\/\/rdnews.al\/index.php\/wp-json\/wp\/v2\/tags?post=141626"}],"curies":[{"name":"wp","href":"https:\/\/api.w.org\/{rel}","templated":true}]}}