{"id":141630,"date":"2026-04-30T09:01:45","date_gmt":"2026-04-30T09:01:45","guid":{"rendered":"https:\/\/rdnews.al\/?p=141630"},"modified":"2026-04-30T09:01:45","modified_gmt":"2026-04-30T09:01:45","slug":"shkolla-e-fshatit-mize-e-shkaterruar-kane-vjedhur-edhe-kasat-e-dyerve","status":"publish","type":"post","link":"https:\/\/rdnews.al\/index.php\/2026\/04\/30\/shkolla-e-fshatit-mize-e-shkaterruar-kane-vjedhur-edhe-kasat-e-dyerve\/","title":{"rendered":"Shkolla e fshatit Miz\u00eb e shkat\u00ebrruar, kan\u00eb vjedhur edhe kasat e dyerve&#8230;"},"content":{"rendered":"<p>Deputeti i PD, Saimir Korreshi ka publikuar pamje nga shkolla e fshatit Miz\u00eb, e cila shihet se \u00ebsht\u00eb totalisht e amortizuar.<\/p>\n<p>Korreshi deklaron se p\u00ebr k\u00ebt\u00eb shkoll\u00eb \u00ebsht\u00eb protestuar nga banor\u00ebt e zon\u00ebs dhe nx\u00ebn\u00ebsit p\u00ebr vite me radh\u00eb, por se kjo nuk ka zgjidhur asgj\u00eb. Ai theksoi se f\u00ebmij\u00ebt detyrohen t\u00eb ndjekin m\u00ebsimin n\u00eb shkollat e fshatrave fqinj\u00eb, n\u00eb Kryekuq dhe Divjak\u00eb.<\/p>\n<p>Postimi<\/p>\n<p>Shkolla Miz\u00eb, ky premtim i madh Qivirritar vazhdon t\u00eb jet\u00eb n\u00eb kushte mizerabel.<\/p>\n<p>Familjet dhe f\u00ebmij\u00ebt 4 vite m\u00eb par\u00eb protestuan se donin shkollen e tyre sa m\u00eb shpejt\u00eb, por edhe pas 4 vitesh ju ftoj t\u00eb shikoni degradimin q\u00eb ka kjo shkoll\u00eb.<\/p>\n<p>F\u00ebmij\u00ebt shkojn\u00eb n\u00eb fshatrat ngjitur Kryekuq dhe n\u00eb Divjak\u00eb duke u shtuar kosto familjeve, por edhe koh\u00eb.<\/p>\n<p>Nderkoh\u00eb q\u00eb po t\u00eb shohim n\u00eb rrjete sociale, konkretisht ne Facebook, kjo shkoll\u00eb rezulton t\u00eb jet\u00eb efektive n\u00eb letra, por nuk dim\u00eb ku e ka selin\u00eb.<\/p>\n","protected":false},"excerpt":{"rendered":"<p>Deputeti i PD, Saimir Korreshi ka publikuar pamje nga shkolla e fshatit Miz\u00eb, e cila shihet se \u00ebsht\u00eb totalisht e amortizuar. Korreshi deklaron se p\u00ebr k\u00ebt\u00eb shkoll\u00eb \u00ebsht\u00eb protestuar nga banor\u00ebt e zon\u00ebs dhe nx\u00ebn\u00ebsit p\u00ebr vite me radh\u00eb, por se kjo nuk ka zgjidhur asgj\u00eb. Ai theksoi se f\u00ebmij\u00ebt detyrohen t\u00eb ndjekin m\u00ebsimin n\u00eb &hellip;<\/p>\n","protected":false},"author":4,"featured_media":141631,"comment_status":"closed","ping_status":"closed","sticky":false,"template":"","format":"standard","meta":{"footnotes":""},"categories":[37],"tags":[],"class_list":["post-141630","post","type-post","status-publish","format-standard","has-post-thumbnail","","category-politike"],"_links":{"self":[{"href":"https:\/\/rdnews.al\/index.php\/wp-json\/wp\/v2\/posts\/141630","targetHints":{"allow":["GET"]}}],"collection":[{"href":"https:\/\/rdnews.al\/index.php\/wp-json\/wp\/v2\/posts"}],"about":[{"href":"https:\/\/rdnews.al\/index.php\/wp-json\/wp\/v2\/types\/post"}],"author":[{"embeddable":true,"href":"https:\/\/rdnews.al\/index.php\/wp-json\/wp\/v2\/users\/4"}],"replies":[{"embeddable":true,"href":"https:\/\/rdnews.al\/index.php\/wp-json\/wp\/v2\/comments?post=141630"}],"version-history":[{"count":1,"href":"https:\/\/rdnews.al\/index.php\/wp-json\/wp\/v2\/posts\/141630\/revisions"}],"predecessor-version":[{"id":141632,"href":"https:\/\/rdnews.al\/index.php\/wp-json\/wp\/v2\/posts\/141630\/revisions\/141632"}],"wp:featuredmedia":[{"embeddable":true,"href":"https:\/\/rdnews.al\/index.php\/wp-json\/wp\/v2\/media\/141631"}],"wp:attachment":[{"href":"https:\/\/rdnews.al\/index.php\/wp-json\/wp\/v2\/media?parent=141630"}],"wp:term":[{"taxonomy":"category","embeddable":true,"href":"https:\/\/rdnews.al\/index.php\/wp-json\/wp\/v2\/categories?post=141630"},{"taxonomy":"post_tag","embeddable":true,"href":"https:\/\/rdnews.al\/index.php\/wp-json\/wp\/v2\/tags?post=141630"}],"curies":[{"name":"wp","href":"https:\/\/api.w.org\/{rel}","templated":true}]}}