{"id":141637,"date":"2026-04-30T09:38:14","date_gmt":"2026-04-30T09:38:14","guid":{"rendered":"https:\/\/rdnews.al\/?p=141637"},"modified":"2026-04-30T09:38:14","modified_gmt":"2026-04-30T09:38:14","slug":"renia-ne-indeksin-e-lirise-se-medias-pasoje-e-presionit-politik-dhe-ekonomik","status":"publish","type":"post","link":"https:\/\/rdnews.al\/index.php\/2026\/04\/30\/renia-ne-indeksin-e-lirise-se-medias-pasoje-e-presionit-politik-dhe-ekonomik\/","title":{"rendered":"R\u00ebnia n\u00eb indeksin e liris\u00eb s\u00eb medias, pasoj\u00eb e presionit politik dhe ekonomik!"},"content":{"rendered":"<p><strong>Nga Jorida TABAKU<\/strong><\/p>\n<p>Shqip\u00ebria po rr\u00ebshqet drejt nj\u00eb modeli q\u00eb nuk ka lidhje me demokracin\u00eb funksionale. Nj\u00eb autokraci elektorale, ku zgjedhjet mbahen, por liria e informacionit dhe kontrolli mbi pushtetin zbehen \u00e7do dit\u00eb.<\/p>\n<p>R\u00ebnia n\u00eb indeksin e liris\u00eb s\u00eb medias nuk \u00ebsht\u00eb rast\u00ebsi.<\/p>\n<p>Vet\u00ebm n\u00eb nj\u00eb vit, Shqip\u00ebria ka humbur edhe 3 vende t\u00eb tjera, duke konfirmuar nj\u00eb trend t\u00eb vazhduesh\u00ebm p\u00ebrkeq\u00ebsimi. N\u00eb nj\u00eb dekad\u00eb, r\u00ebnia \u00ebsht\u00eb dramatike.<\/p>\n<p>Kjo \u00ebsht\u00eb pasoj\u00eb direkte e presionit politik, ekonomik dhe institucional ndaj mediave dhe gazetar\u00ebve.<\/p>\n<p>Ky presion \u00ebsht\u00eb i p\u00ebrditsh\u00ebm. Dhe \u00ebsht\u00eb m\u00ebnyra si trajtohen gazetar\u00ebt n\u00eb publik, m\u00ebnyra si nd\u00ebshkohen ata q\u00eb b\u00ebjn\u00eb pyetje t\u00eb pak\u00ebndshme dhe m\u00ebnyra si krijohet nj\u00eb klim\u00eb autocensure.<\/p>\n<p>Vet\u00ebm nj\u00eb vit m\u00eb par\u00eb, nj\u00eb televizion komb\u00ebtar si News24 u nxor nga ambientet e tij me nd\u00ebrhyrje t\u00eb drejtp\u00ebrdrejt\u00eb.<\/p>\n<p>Sot, Shqip\u00ebria renditet nd\u00ebr vendet me presionin m\u00eb t\u00eb lart\u00eb ekonomik ndaj medias ; nj\u00eb tregues i qart\u00eb se reklamat dhe fondet publike p\u00ebrdoren si instrument kontrolli, jo si mb\u00ebshtetje p\u00ebr informimin.<\/p>\n<p>Pak dit\u00eb m\u00eb par\u00eb, nj\u00eb tjet\u00ebr gazetar u sulmua dhe ende nuk ka p\u00ebrgjigje. Kam k\u00ebrkuar nj\u00eb takim urgjent me Ministrin\u00eb dhe Prokurorin\u00eb p\u00ebr k\u00ebt\u00eb \u00e7\u00ebshtje.<\/p>\n<p>Heshtja \u00ebsht\u00eb po aq problem sa dhuna. Nd\u00ebrhyrja politike n\u00eb media mbetet nd\u00ebr m\u00eb t\u00eb lartat n\u00eb Europ\u00eb dhe rajon. Dhe kjo nuk \u00ebsht\u00eb m\u00eb vet\u00ebm \u00e7\u00ebshtje e gazetar\u00ebve.<\/p>\n<p>\u00cbsht\u00eb \u00e7\u00ebshtje e \u00e7do qytetari q\u00eb ka t\u00eb drejt\u00eb t\u00eb informohet dhe media \u00ebsht\u00eb lakmuesi i demokracis\u00eb!<\/p>\n<p>Nd\u00ebrkoh\u00eb, opozita ka dh\u00ebn\u00eb kontribut konkret p\u00ebr t\u00eb mbrojtur lirin\u00eb e medias.<\/p>\n<p>Partia Demokratike ka propozuar ndryshime n\u00eb Kodin Penal p\u00ebr t\u00eb garantuar q\u00eb legjislacioni t\u00eb mos cenoj\u00eb lirin\u00eb e shprehjes, t\u00eb bazuara n\u00eb shqet\u00ebsimet e ngritura nga Reporters Without Borders.<\/p>\n<p>Po ashtu, jan\u00eb depozituar amendamente p\u00ebr dekriminalizimin e shpifjes, n\u00eb p\u00ebrputhje me standardet europiane.<\/p>\n<p>Sepse liria e medias nuk mbrohet me fjal\u00eb. Ajo mbrohet me ligj, me vullnet politik dhe me p\u00ebrgjegj\u00ebsi.<\/p>\n<p>Kjo \u00ebsht\u00eb diferenca mes atyre q\u00eb duan ta kontrollojn\u00eb median dhe atyre q\u00eb duan ta mbrojn\u00eb at\u00eb.<\/p>\n","protected":false},"excerpt":{"rendered":"<p>Nga Jorida TABAKU Shqip\u00ebria po rr\u00ebshqet drejt nj\u00eb modeli q\u00eb nuk ka lidhje me demokracin\u00eb funksionale. Nj\u00eb autokraci elektorale, ku zgjedhjet mbahen, por liria e informacionit dhe kontrolli mbi pushtetin zbehen \u00e7do dit\u00eb. R\u00ebnia n\u00eb indeksin e liris\u00eb s\u00eb medias nuk \u00ebsht\u00eb rast\u00ebsi. Vet\u00ebm n\u00eb nj\u00eb vit, Shqip\u00ebria ka humbur edhe 3 vende t\u00eb tjera, &hellip;<\/p>\n","protected":false},"author":4,"featured_media":116473,"comment_status":"closed","ping_status":"closed","sticky":false,"template":"","format":"standard","meta":{"footnotes":""},"categories":[44],"tags":[],"class_list":["post-141637","post","type-post","status-publish","format-standard","has-post-thumbnail","","category-editorial"],"_links":{"self":[{"href":"https:\/\/rdnews.al\/index.php\/wp-json\/wp\/v2\/posts\/141637","targetHints":{"allow":["GET"]}}],"collection":[{"href":"https:\/\/rdnews.al\/index.php\/wp-json\/wp\/v2\/posts"}],"about":[{"href":"https:\/\/rdnews.al\/index.php\/wp-json\/wp\/v2\/types\/post"}],"author":[{"embeddable":true,"href":"https:\/\/rdnews.al\/index.php\/wp-json\/wp\/v2\/users\/4"}],"replies":[{"embeddable":true,"href":"https:\/\/rdnews.al\/index.php\/wp-json\/wp\/v2\/comments?post=141637"}],"version-history":[{"count":1,"href":"https:\/\/rdnews.al\/index.php\/wp-json\/wp\/v2\/posts\/141637\/revisions"}],"predecessor-version":[{"id":141638,"href":"https:\/\/rdnews.al\/index.php\/wp-json\/wp\/v2\/posts\/141637\/revisions\/141638"}],"wp:featuredmedia":[{"embeddable":true,"href":"https:\/\/rdnews.al\/index.php\/wp-json\/wp\/v2\/media\/116473"}],"wp:attachment":[{"href":"https:\/\/rdnews.al\/index.php\/wp-json\/wp\/v2\/media?parent=141637"}],"wp:term":[{"taxonomy":"category","embeddable":true,"href":"https:\/\/rdnews.al\/index.php\/wp-json\/wp\/v2\/categories?post=141637"},{"taxonomy":"post_tag","embeddable":true,"href":"https:\/\/rdnews.al\/index.php\/wp-json\/wp\/v2\/tags?post=141637"}],"curies":[{"name":"wp","href":"https:\/\/api.w.org\/{rel}","templated":true}]}}