{"id":141643,"date":"2026-04-30T10:12:28","date_gmt":"2026-04-30T10:12:28","guid":{"rendered":"https:\/\/rdnews.al\/?p=141643"},"modified":"2026-04-30T10:14:52","modified_gmt":"2026-04-30T10:14:52","slug":"kalaja-prokuroria-mbylli-hetimet-per-skandalin-6-8-milione-euro-qe-veliaj-ia-dha-vellait-te-drejtorit","status":"publish","type":"post","link":"https:\/\/rdnews.al\/index.php\/2026\/04\/30\/kalaja-prokuroria-mbylli-hetimet-per-skandalin-6-8-milione-euro-qe-veliaj-ia-dha-vellait-te-drejtorit\/","title":{"rendered":"Skandali\/ Kalaja: Prokuroria zvarrit hetimet p\u00ebr 6.8 milion\u00eb eurot q\u00eb Veliaj ia dha v\u00ebllait t\u00eb drejtorit"},"content":{"rendered":"<p>Nj\u00eb kall\u00ebzim penal i depozituar n\u00eb SPAK hedh drit\u00eb mbi nj\u00eb skem\u00eb t\u00eb dyshuar korrupsioni dhe konflikti interesi n\u00eb Bashkin\u00eb e Tiran\u00ebs, q\u00eb kap vler\u00ebn e 6.8 milion\u00eb eurove. Sipas kall\u00ebzimit, kryebashkiaku Erion Veliaj, ish-drejtori i P\u00ebrgjithsh\u00ebm Juridik, Alban Dokushi dhe v\u00ebllai i k\u00ebtij t\u00eb fundit, p\u00ebrmbaruesi Besnik Dokushi, jan\u00eb p\u00ebrfshir\u00eb n\u00eb nj\u00eb mekaniz\u00ebm ku mbi 90% e ekzekutimeve t\u00eb vendimeve gjyq\u00ebsore t\u00eb bashkis\u00eb i kalonin zyr\u00ebs s\u00eb p\u00ebrmbaruesit Dokushi.<\/p>\n<p>N\u00eb nj\u00eb deklarat\u00eb p\u00ebr mediat, avokatja Adriana Kalaja shpjegoi se kall\u00ebzimi penal v\u00eb n\u00ebn akuz\u00eb tre persona. Konkretisht, b\u00ebhet fjal\u00eb p\u00ebr kryetarin e Bashkis\u00eb s\u00eb Tiran\u00ebs, Erion Veliaj, Alban Dokushin n\u00eb cil\u00ebsin\u00eb e drejtorit juridik t\u00eb k\u00ebtij institucioni, dhe p\u00ebrmbaruesin gjyq\u00ebsor Besnik Dokushi. Akuzat bazohen n\u00eb prova q\u00eb tregojn\u00eb se zyra p\u00ebrmbarimore e Besnik Dokushit, v\u00ebllait t\u00eb drejtorit juridik t\u00eb bashkis\u00eb, ka p\u00ebrfituar pjes\u00ebn d\u00ebrrmuese t\u00eb \u00e7\u00ebshtjeve p\u00ebr ekzekutim.<\/p>\n<p>Vlera totale e k\u00ebtyre ekzekutimeve, sipas kall\u00ebzuesve, arrin n\u00eb 6.8 milion\u00eb euro, nj\u00eb shif\u00ebr disproporcionale krahasuar me zyrat e tjera. P\u00ebr kontrast, t\u00eb gjitha zyrat e tjera p\u00ebrmbarimore s\u00eb bashku kan\u00eb ekzekutuar nj\u00eb vler\u00eb prej vet\u00ebm 500 mij\u00eb eurosh.<\/p>\n<p><strong>Adriana Kalaja:<\/strong> N\u00eb fakt, si\u00e7 e kemi denoncuar dhe e kemi b\u00ebr\u00eb dhe publike, b\u00ebhet fjal\u00eb p\u00ebr nj\u00eb kall\u00ebzim penal q\u00eb ne kemi depozituar pran\u00eb SPAK-ut, ku subjektet e k\u00ebtij kall\u00ebzimi ishin Erion Veliaj, me cil\u00ebsin\u00eb e kryetarit t\u00eb Bashkis\u00eb Tiran\u00eb, Alban Dokushi me cil\u00ebsin\u00eb e drejtorit t\u00eb P\u00ebrgjithsh\u00ebm juridik pran\u00eb k\u00ebsaj bashkie dhe p\u00ebrmbaruesi gjyq\u00ebsor Besnik Dokushi, p\u00ebr t\u00eb cilin ne kishim referuar prova dhe fakte q\u00eb p\u00ebrve\u00e7se ishte v\u00ebllai i Alban Dokushit, pra drejtorit t\u00eb P\u00ebrgjithsh\u00ebm juridik.<\/p>\n<p>Nga ana tjet\u00ebr kishim konstatuar me prova konkrete se mbi 90% t\u00eb ekzekutimeve t\u00eb vendimeve gjyq\u00ebsore, por edhe t\u00eb problematikave q\u00eb kishte Bashkia Tiran\u00eb, kalonin p\u00ebr ekzekutim tek zyra e v\u00ebllait t\u00eb Alban Dokushit, shum\u00eb e cila kapte vler\u00ebn 6.8 milion\u00eb euro deri n\u00eb momentin q\u00eb ne kemi b\u00ebr\u00eb kall\u00ebzimin penal.<\/p>\n<p>Nd\u00ebrkoh\u00eb, n\u00eb kund\u00ebrshtim me ligjin, n\u00eb kund\u00ebrshtim me detyr\u00ebn dhe n\u00eb k\u00ebndv\u00ebshtrimin ton\u00eb edhe n\u00eb shp\u00ebrdorim t\u00eb detyr\u00ebs, duke qen\u00eb se 75A-ja e p\u00ebrcakton qart\u00eb se kush jan\u00eb subjekte t\u00eb hetimit t\u00eb SPAK-ut, Altin Dumani, si duket ishte rasti kur nuk kishte marr\u00eb urdh\u00ebr politik, e delegon k\u00ebt\u00eb \u00e7\u00ebshtje p\u00ebr kompetenc\u00eb n\u00eb Prokurorin\u00eb e Tiran\u00ebs.<\/p>\n<p>Nd\u00ebrkoh\u00eb, Prokuroria e Tiran\u00ebs s\u00ebrish edhe ajo n\u00eb shkelje t\u00eb ligjit procedural penal, por edhe t\u00eb detyr\u00ebs, vijon hetimet duke vendosur pushimin e \u00e7\u00ebshtjes. K\u00ebt\u00eb fakt ne e denoncuam n\u00eb Gjykat\u00ebn e Shkall\u00ebs s\u00eb Par\u00eb Tiran\u00eb, kur me th\u00ebn\u00eb t\u00eb drejt\u00ebn, gjyqtari Dritan Hallunaj, n\u00eb respekt t\u00eb ligjit dhe detyr\u00ebs, pranoi k\u00ebrkes\u00ebn ton\u00eb dhe shpalli moskompetenc\u00ebn e Gjykat\u00ebs s\u00eb Tiran\u00ebs dhe t\u00eb Prokuroris\u00eb s\u00eb Tiran\u00ebs dhe e ka kaluar p\u00ebr kompetenc\u00eb n\u00eb Gjykat\u00ebn e Posa\u00e7me.<\/p>\n<p>Sot ne kishim marr\u00eb njoftimin p\u00ebr k\u00ebt\u00eb seanc\u00eb, por un\u00eb k\u00ebrkova shtyrjen sepse mu duk n\u00eb fakt edhe pak e \u00e7uditshme dhe e paprecedent q\u00eb n\u00eb njoftimin e gjykat\u00ebs un\u00eb nuk kisha asnj\u00eb t\u00eb dh\u00ebn\u00eb qoft\u00eb lidhur me subjektin e kall\u00ebzuar, qoft\u00eb dhe lidhur me numrin e procedimit penal.<\/p>\n<p>K\u00ebshtu q\u00eb ndodhur n\u00eb k\u00ebto kushte, un\u00eb i kam k\u00ebrkuar gjyqtares Elsa Ulliri shtyrjen e seanc\u00ebs me q\u00ebllim p\u00ebr t&#8217;u p\u00ebrgatitur p\u00ebr seanc\u00ebn e radh\u00ebs dhe p\u00ebr t\u00eb parashtruar t\u00eb gjith\u00eb problematikat q\u00eb ne kemi ngritur n\u00eb kall\u00ebzim penal.<\/p>\n<p>Kjo \u00e7\u00ebshtje jo vet\u00ebm nuk duhet t\u00eb pushohet, por kjo \u00e7\u00ebshtje duhet t\u00eb hetohet sepse ne \u00e7mojm\u00eb se pjes\u00ebn kryesore t\u00eb veprave penale n\u00eb k\u00ebt\u00eb \u00e7\u00ebshtje e ka titullari i bashkis\u00eb q\u00eb \u00ebsht\u00eb Erion Veliaj dhe n\u00ebn miratimin dhe marr\u00ebveshjen e titullarit dhe drejtuesi Alban Dokushi.<\/p>\n<p>Ish drejtori i p\u00ebrgjithsh\u00ebm Alban Dokushi, ka b\u00ebr\u00eb dhe k\u00ebto veprime q\u00eb n\u00eb k\u00ebndv\u00ebshtrimin ton\u00eb jan\u00eb veprime korruptive, n\u00eb shp\u00ebrdorim t\u00eb detyr\u00ebs, n\u00eb konflikt interesi dhe sipas nesh dhe n\u00eb ushtrim t\u00eb ndikimit t\u00eb paligjsh\u00ebm, pasi \u00ebsht\u00eb absurde q\u00eb t\u00eb gjith\u00eb zyrat p\u00ebrmbarimore kan\u00eb ekzekutuar nj\u00eb shum\u00eb prej 500.000 eurosh, nd\u00ebrsa v\u00ebllai i Alban Dokushit ekzekuton nj\u00eb shum\u00eb prej 6.8 milion\u00eb euro\u2026<\/p>\n","protected":false},"excerpt":{"rendered":"<p>Nj\u00eb kall\u00ebzim penal i depozituar n\u00eb SPAK hedh drit\u00eb mbi nj\u00eb skem\u00eb t\u00eb dyshuar korrupsioni dhe konflikti interesi n\u00eb Bashkin\u00eb e Tiran\u00ebs, q\u00eb kap vler\u00ebn e 6.8 milion\u00eb eurove. Sipas kall\u00ebzimit, kryebashkiaku Erion Veliaj, ish-drejtori i P\u00ebrgjithsh\u00ebm Juridik, Alban Dokushi dhe v\u00ebllai i k\u00ebtij t\u00eb fundit, p\u00ebrmbaruesi Besnik Dokushi, jan\u00eb p\u00ebrfshir\u00eb n\u00eb nj\u00eb mekaniz\u00ebm ku &hellip;<\/p>\n","protected":false},"author":4,"featured_media":103979,"comment_status":"closed","ping_status":"closed","sticky":false,"template":"","format":"standard","meta":{"footnotes":""},"categories":[37],"tags":[],"class_list":["post-141643","post","type-post","status-publish","format-standard","has-post-thumbnail","","category-politike"],"_links":{"self":[{"href":"https:\/\/rdnews.al\/index.php\/wp-json\/wp\/v2\/posts\/141643","targetHints":{"allow":["GET"]}}],"collection":[{"href":"https:\/\/rdnews.al\/index.php\/wp-json\/wp\/v2\/posts"}],"about":[{"href":"https:\/\/rdnews.al\/index.php\/wp-json\/wp\/v2\/types\/post"}],"author":[{"embeddable":true,"href":"https:\/\/rdnews.al\/index.php\/wp-json\/wp\/v2\/users\/4"}],"replies":[{"embeddable":true,"href":"https:\/\/rdnews.al\/index.php\/wp-json\/wp\/v2\/comments?post=141643"}],"version-history":[{"count":4,"href":"https:\/\/rdnews.al\/index.php\/wp-json\/wp\/v2\/posts\/141643\/revisions"}],"predecessor-version":[{"id":141647,"href":"https:\/\/rdnews.al\/index.php\/wp-json\/wp\/v2\/posts\/141643\/revisions\/141647"}],"wp:featuredmedia":[{"embeddable":true,"href":"https:\/\/rdnews.al\/index.php\/wp-json\/wp\/v2\/media\/103979"}],"wp:attachment":[{"href":"https:\/\/rdnews.al\/index.php\/wp-json\/wp\/v2\/media?parent=141643"}],"wp:term":[{"taxonomy":"category","embeddable":true,"href":"https:\/\/rdnews.al\/index.php\/wp-json\/wp\/v2\/categories?post=141643"},{"taxonomy":"post_tag","embeddable":true,"href":"https:\/\/rdnews.al\/index.php\/wp-json\/wp\/v2\/tags?post=141643"}],"curies":[{"name":"wp","href":"https:\/\/api.w.org\/{rel}","templated":true}]}}