{"id":141648,"date":"2026-04-30T10:36:51","date_gmt":"2026-04-30T10:36:51","guid":{"rendered":"https:\/\/rdnews.al\/?p=141648"},"modified":"2026-04-30T10:40:43","modified_gmt":"2026-04-30T10:40:43","slug":"berisha-ne-samitin-e-idu-integrimi-duhet-te-bazohet-ne-merite-pengesat-kryesore-jane-autokracia-elektorale-dhe-narko-shteti","status":"publish","type":"post","link":"https:\/\/rdnews.al\/index.php\/2026\/04\/30\/berisha-ne-samitin-e-idu-integrimi-duhet-te-bazohet-ne-merite-pengesat-kryesore-jane-autokracia-elektorale-dhe-narko-shteti\/","title":{"rendered":"Berisha n\u00eb samitin e IDU: Integrimi duhet t\u00eb bazohet n\u00eb merit\u00eb! Pengesat kryesore jan\u00eb autokracia elektorale dhe narko-shteti"},"content":{"rendered":"<p>Kryetari i Partis\u00eb Demokratike, Sali Berisha, gjat\u00eb fjal\u00ebs s\u00eb mbajtur n\u00eb forumin e IDU-s n\u00eb Zagreb, theksoi se procesi i integrimit t\u00eb Shqip\u00ebris\u00eb n\u00eb Bashkimin Evropian duhet t\u00eb jet\u00eb t\u00ebr\u00ebsisht i bazuar n\u00eb merit\u00eb, nd\u00ebrsa identifikoi disa pengesa kryesore q\u00eb, sipas tij, po e largojn\u00eb vendin nga ky objektiv.<br \/>\nAi fal\u00ebnderoi organizator\u00ebt e samitit dhe n\u00ebnvizoi se mb\u00ebshtetja e shqiptar\u00ebve p\u00ebr integrimin n\u00eb BE dhe NATO mbetet n\u00eb nivelet m\u00eb t\u00eb larta. Megjithat\u00eb, ai argumentoi se procesi i integrimit \u00ebsht\u00eb b\u00ebr\u00eb i pasigurt dhe po zvarritet p\u00ebr shkak t\u00eb faktor\u00ebve t\u00eb brendsh\u00ebm.<br \/>\nSipas Berish\u00ebs, integrimi n\u00eb BE n\u00ebnkupton m\u00eb shum\u00eb t\u00eb drejta p\u00ebr qytetar\u00ebt, m\u00eb shum\u00eb liri, forcim t\u00eb shtetit ligjor, si dhe rritje t\u00eb prosperitetit dhe siguris\u00eb. \u2018Ky proces duhet dhe patjet\u00ebr duhet t\u00eb jet\u00eb i bazuar n\u00eb merit\u00eb, si modeli q\u00eb kan\u00eb ndjekur vendet e suksesshme,\u2019 u shpreh Berisha.<\/p>\n<p><strong>Fjala e kryetarit t\u00eb PD, Sali Berisha n\u00eb forumin e IDU, Zagreb<\/strong><\/p>\n<p><img loading=\"lazy\" decoding=\"async\" class=\"alignnone size-medium wp-image-141651\" src=\"https:\/\/rdnews.al\/wp-content\/uploads\/2026\/04\/ber-22-300x200.jpg\" alt=\"\" width=\"300\" height=\"200\" srcset=\"https:\/\/rdnews.al\/wp-content\/uploads\/2026\/04\/ber-22-300x200.jpg 300w, https:\/\/rdnews.al\/wp-content\/uploads\/2026\/04\/ber-22-1024x682.jpg 1024w, https:\/\/rdnews.al\/wp-content\/uploads\/2026\/04\/ber-22-768x512.jpg 768w, https:\/\/rdnews.al\/wp-content\/uploads\/2026\/04\/ber-22-1536x1023.jpg 1536w, https:\/\/rdnews.al\/wp-content\/uploads\/2026\/04\/ber-22.jpg 1600w\" sizes=\"auto, (max-width: 300px) 100vw, 300px\" \/><\/p>\n<p>Faleminderit shum\u00eb!<br \/>\nD\u00ebshiroj t\u00eb fal\u00ebnderoj edhe nj\u00eb her\u00eb organizator\u00ebt e k\u00ebtij samiti, t\u00eb k\u00ebsaj konference.<br \/>\nSi\u00e7 e keni par\u00eb ndoshta, nga ajo q\u00eb paraqiti Dr. Bashkoff, mb\u00ebshtetja e Shqip\u00ebris\u00eb p\u00ebr integrimin n\u00eb BE dhe n\u00eb NATO \u00ebsht\u00eb n\u00eb p\u00ebrqindjen m\u00eb t\u00eb lart\u00eb.<br \/>\nMegjithat\u00eb, procesi i integrimit t\u00eb Shqip\u00ebris\u00eb n\u00eb BE \u00ebsht\u00eb b\u00ebr\u00eb i pasigurt dhe po largohet gjithnj\u00eb e m\u00eb shum\u00eb p\u00ebr shkak t\u00eb arsyeve t\u00eb brendshme.<br \/>\nSipas mendimit tim dhe t\u00eb partis\u00eb sime, pasi flas n\u00eb em\u00ebr t\u00eb opozit\u00ebs, procesi i integrimit n\u00ebnkupton m\u00eb shum\u00eb t\u00eb drejta t\u00eb njeriut, m\u00eb shum\u00eb liri p\u00ebr t\u2019u garantuar qytetar\u00ebve tan\u00eb, funksionim t\u00eb shtetit ligjor, m\u00eb shum\u00eb prosperitet dhe siguri.<br \/>\nPor procesi duhet, dhe patjet\u00ebr duhet t\u00eb jet\u00eb, plot\u00ebsisht i bazuar n\u00eb merit\u00eb.<br \/>\nVet\u00ebm nj\u00eb proces i bazuar n\u00eb merit\u00eb, si\u00e7 ishte n\u00eb k\u00ebt\u00eb vend t\u00eb madh q\u00eb \u00ebsht\u00eb model suksesi, mund t\u00eb jet\u00eb i dobish\u00ebm p\u00ebr qytetar\u00ebt e Shqip\u00ebris\u00eb.<br \/>\nMendoj se p\u00ebr momentin, pengesat kryesore t\u00eb integrimit t\u00eb Shqip\u00ebris\u00eb n\u00eb BE jan\u00eb autokracia zgjedhore.<br \/>\nMuajin e kaluar, V-Dem e shpalli Shqip\u00ebrin\u00eb nj\u00eb autokraci zgjedhore.<br \/>\nS\u00eb dyti, edhe m\u00eb keq se kaq: Shqip\u00ebria \u00ebsht\u00eb i vetmi narko-shtet n\u00eb Evrop\u00eb.<br \/>\nDrogat n\u00eb Shqip\u00ebri kan\u00eb nj\u00eb fuqi t\u00eb jasht\u00ebzakonshme. M\u00eb lejoni shkurt t\u00eb them se si shikohet n\u00eb Evrop\u00eb-nuk mund ta kuptoja.<br \/>\nPor n\u00ebse shikoni marr\u00ebdh\u00ebnien e Evrop\u00ebs me monedh\u00ebn shqiptare, do t\u00eb gjeni zhvler\u00ebsimin m\u00eb t\u00eb fort\u00eb n\u00eb bot\u00eb t\u00eb euros dhe dollarit amerikan n\u00eb Shqip\u00ebri. M\u00eb i forti! N\u00eb Meksik\u00eb, n\u00eb 10 vite \u00ebsht\u00eb 17%, n\u00eb Shqip\u00ebri n\u00eb 10 vite \u00ebsht\u00eb 32%. 32%!<br \/>\nPor \u00e7far\u00eb do t\u00eb thot\u00eb kjo?<br \/>\nKjo do t\u00eb thot\u00eb nj\u00eb goditje e r\u00ebnd\u00eb p\u00ebr eksportet.<br \/>\nKjo do t\u00eb thot\u00eb nj\u00eb goditje e r\u00ebnd\u00eb p\u00ebr prodhimin.<br \/>\nKjo do t\u00eb thot\u00eb nj\u00eb indeks nd\u00ebrtimi tre her\u00eb m\u00eb i lart\u00eb se mesatarja e Bashkimit Evropian.<br \/>\nPor kjo do t\u00eb thot\u00eb gjithashtu, q\u00eb njer\u00ebzit m\u00eb pak t\u00eb paguar n\u00eb Evrop\u00eb, paguajn\u00eb \u00e7mimet m\u00eb t\u00eb larta, si n\u00eb Mynih dhe Paris, p\u00ebr banesat.<br \/>\nSepse-po flas vet\u00ebm p\u00ebr ekonomin\u00eb-n\u00eb fakt, ata jan\u00eb vendimmarr\u00ebsit kryesor\u00eb.<br \/>\nFaktori i tret\u00eb kryesor \u00ebsht\u00eb se ka disa iniciativa shum\u00eb t\u00eb \u00e7uditshme, si ajo Beograd\u2013Tiran\u00eb, e cila shkon n\u00eb drejtim t\u00eb kund\u00ebrt me integrimin n\u00eb BE.<br \/>\nQ\u00eb nga fillimi i k\u00ebtyre iniciativave rajonale t\u00eb Aleksand\u00ebr Vu\u00e7i\u00e7 dhe Edi Rama, ato nis\u00ebn me projektin e ndryshimit t\u00eb kufijve. N\u00eb fakt, pas saj fshihej ndarja e Kosov\u00ebs.<br \/>\nFatmir\u00ebsisht, edhe pse e mbajt\u00ebn peng kriz\u00ebn p\u00ebr shum\u00eb vite, kjo ide u hodh posht\u00eb.<br \/>\nPastaj ata k\u00ebrkuan hapjen e kufijve n\u00eb nj\u00eb koh\u00eb kur Bashkimi Evropian kishte paraqitur iniciativa t\u00eb ndryshme p\u00ebr gjasht\u00eb vendet tona, p\u00ebr t\u2019u p\u00ebrgatitur p\u00ebr integrimin n\u00eb BE.<br \/>\nAta krijuan k\u00ebto aleanca trepal\u00ebshe: Beograd, Shkup dhe Tiran\u00eb.<br \/>\nAta rikthyen disa nuanca t\u00eb Luft\u00ebs s\u00eb Ftoht\u00eb dhe n\u00eb fund d\u00ebshtuan.<br \/>\nTani, iniciativa e fundit e \u00e7uditshme \u00ebsht\u00eb propozimi me nj\u00eb let\u00ebr t\u00eb hapur t\u00eb n\u00ebnshkruar nga Rama dhe Vu\u00e7i\u00e7 drejtuar Bashkimit Evropian p\u00ebr ta pranuar k\u00ebt\u00eb vend me nj\u00eb integrim t\u00eb dor\u00ebs s\u00eb dyt\u00eb.<br \/>\nNj\u00eb procedur\u00eb e till\u00eb nuk ekziston n\u00eb Bashkimin Evropian.<br \/>\nPrandaj, un\u00eb personalisht mendoj se procesi duhet t\u00eb jet\u00eb i bazuar n\u00eb merit\u00eb, por pengesat jan\u00eb si t\u00eb brendshme, ashtu edhe rajonale.<br \/>\nProcesi m\u00eb themelor p\u00ebr nj\u00eb vend demokratik jan\u00eb zgjedhjet dhe mund\u00ebsia e rotacionit t\u00eb pushtetit.<br \/>\nN\u00ebse e bllokon k\u00ebt\u00eb, demokracia bie gjithnj\u00eb e m\u00eb shum\u00eb. N\u00ebse arreston dy lider\u00eb t\u00eb partive kryesore t\u00eb opozit\u00ebs dhe vendos n\u00ebn proces penal, pa asnj\u00eb arsye ligjore, edhe t\u00eb tretin, n\u00eb vitin e zgjedhjeve, kjo ndodhi n\u00eb Shqip\u00ebri dhe n\u00eb Tunizi. T\u00eb dyja i b\u00ebn\u00eb k\u00ebto.<br \/>\nN\u00ebse jep 2.1 miliard\u00eb euro, fshin gjoba dhe interesa dy dit\u00eb para zgjedhjeve p\u00ebr t\u00eb bler\u00eb votat, at\u00ebher\u00eb nuk ka m\u00eb zgjedhje.<br \/>\nN\u00ebse u jep p\u00ebr vota 100 euro \u00e7do pensionisti, n\u00ebse dekreton 29,000 hektar\u00eb plantacione kanabisi, ku p\u00ebr ne, nj\u00eb bim\u00eb sjell pothuajse 1,000 euro t\u00eb ardhura at\u00ebher\u00eb do t\u00eb thot\u00eb se po b\u00ebn gjith\u00e7ka p\u00ebr t\u2019i kthyer zgjedhjet n\u00eb fars\u00eb.<br \/>\nPa zgjedhje, nuk ka t\u00eb ardhme.<br \/>\nPrandaj, n\u00eb 10 vite, m\u00eb shum\u00eb se 1,099,000 shqiptar\u00eb jan\u00eb larguar vet\u00ebm drejt zon\u00ebs Schengen, pa llogaritur rajone t\u00eb tjera.<br \/>\nK\u00ebshtu q\u00eb, mendoj se procesi m\u00eb themelor p\u00ebr kombin tim duhet t\u00eb rikthehet.<br \/>\nFaleminderit!<\/p>\n<p><img loading=\"lazy\" decoding=\"async\" class=\"alignnone size-medium wp-image-141653\" src=\"https:\/\/rdnews.al\/wp-content\/uploads\/2026\/04\/b1-4-300x200.jpg\" alt=\"\" width=\"300\" height=\"200\" srcset=\"https:\/\/rdnews.al\/wp-content\/uploads\/2026\/04\/b1-4-300x200.jpg 300w, https:\/\/rdnews.al\/wp-content\/uploads\/2026\/04\/b1-4-1024x682.jpg 1024w, https:\/\/rdnews.al\/wp-content\/uploads\/2026\/04\/b1-4-768x512.jpg 768w, https:\/\/rdnews.al\/wp-content\/uploads\/2026\/04\/b1-4-1536x1023.jpg 1536w, https:\/\/rdnews.al\/wp-content\/uploads\/2026\/04\/b1-4.jpg 1600w\" sizes=\"auto, (max-width: 300px) 100vw, 300px\" \/><\/p>\n","protected":false},"excerpt":{"rendered":"<p>Kryetari i Partis\u00eb Demokratike, Sali Berisha, gjat\u00eb fjal\u00ebs s\u00eb mbajtur n\u00eb forumin e IDU-s n\u00eb Zagreb, theksoi se procesi i integrimit t\u00eb Shqip\u00ebris\u00eb n\u00eb Bashkimin Evropian duhet t\u00eb jet\u00eb t\u00ebr\u00ebsisht i bazuar n\u00eb merit\u00eb, nd\u00ebrsa identifikoi disa pengesa kryesore q\u00eb, sipas tij, po e largojn\u00eb vendin nga ky objektiv. Ai fal\u00ebnderoi organizator\u00ebt e samitit dhe &hellip;<\/p>\n","protected":false},"author":4,"featured_media":141649,"comment_status":"closed","ping_status":"closed","sticky":false,"template":"","format":"standard","meta":{"footnotes":""},"categories":[37],"tags":[],"class_list":["post-141648","post","type-post","status-publish","format-standard","has-post-thumbnail","","category-politike"],"_links":{"self":[{"href":"https:\/\/rdnews.al\/index.php\/wp-json\/wp\/v2\/posts\/141648","targetHints":{"allow":["GET"]}}],"collection":[{"href":"https:\/\/rdnews.al\/index.php\/wp-json\/wp\/v2\/posts"}],"about":[{"href":"https:\/\/rdnews.al\/index.php\/wp-json\/wp\/v2\/types\/post"}],"author":[{"embeddable":true,"href":"https:\/\/rdnews.al\/index.php\/wp-json\/wp\/v2\/users\/4"}],"replies":[{"embeddable":true,"href":"https:\/\/rdnews.al\/index.php\/wp-json\/wp\/v2\/comments?post=141648"}],"version-history":[{"count":3,"href":"https:\/\/rdnews.al\/index.php\/wp-json\/wp\/v2\/posts\/141648\/revisions"}],"predecessor-version":[{"id":141654,"href":"https:\/\/rdnews.al\/index.php\/wp-json\/wp\/v2\/posts\/141648\/revisions\/141654"}],"wp:featuredmedia":[{"embeddable":true,"href":"https:\/\/rdnews.al\/index.php\/wp-json\/wp\/v2\/media\/141649"}],"wp:attachment":[{"href":"https:\/\/rdnews.al\/index.php\/wp-json\/wp\/v2\/media?parent=141648"}],"wp:term":[{"taxonomy":"category","embeddable":true,"href":"https:\/\/rdnews.al\/index.php\/wp-json\/wp\/v2\/categories?post=141648"},{"taxonomy":"post_tag","embeddable":true,"href":"https:\/\/rdnews.al\/index.php\/wp-json\/wp\/v2\/tags?post=141648"}],"curies":[{"name":"wp","href":"https:\/\/api.w.org\/{rel}","templated":true}]}}