{"id":141655,"date":"2026-04-30T10:53:57","date_gmt":"2026-04-30T10:53:57","guid":{"rendered":"https:\/\/rdnews.al\/?p=141655"},"modified":"2026-04-30T10:53:57","modified_gmt":"2026-04-30T10:53:57","slug":"noka-gara-per-kryetarin-e-ri-te-pd-eshte-e-hapur-per-cdo-anetar","status":"publish","type":"post","link":"https:\/\/rdnews.al\/index.php\/2026\/04\/30\/noka-gara-per-kryetarin-e-ri-te-pd-eshte-e-hapur-per-cdo-anetar\/","title":{"rendered":"Noka: Gara p\u00ebr kryetarin e ri t\u00eb PD \u00ebsht\u00eb e hapur p\u00ebr \u00e7do an\u00ebtar!"},"content":{"rendered":"<p>Sekretari i P\u00ebrgjithsh\u00ebm i PD, Flamur Noka, n\u00eb nj\u00eb komunikim me gazetar\u00ebt deklaroi se gara p\u00ebr kryetarin e ri t\u00eb partis\u00eb \u00ebsht\u00eb e hapur p\u00ebr \u00e7do an\u00ebtar.<\/p>\n<p>Nd\u00ebrsa theksoi se dyert e PD-s\u00eb jan\u00eb t\u00eb hapura p\u00ebr \u00e7do demokrat q\u00eb plot\u00ebson kriteret dhe shpreh ambicien p\u00ebr t\u00eb kandiduar, Noka u shpreh prer\u00eb se kjo hapje nuk vlen p\u00ebr t\u00eb gjith\u00eb. Ai p\u00ebrdori nj\u00eb gjuh\u00eb ironike p\u00ebr t\u00eb p\u00ebrjashtuar figura t\u00eb caktuara, duke i cil\u00ebsuar si Gysi dhe mafiozi Varikarlo.<\/p>\n<p>\u201cP\u00ebr Gysin nuk ka p\u00ebr t\u00eb qen\u00eb kurr\u00eb kjo der\u00eb e hapur. P\u00ebr mafiozin Varikarlo s\u2019do jet\u00eb kurr\u00eb\u201d, tha Noka, duke shtuar se k\u00ebta individ\u00eb mund t\u00eb garojn\u00eb \u201ckur t\u00eb hapet gara p\u00ebr administratorin e bizneseve t\u00eb Gysit\u201d. Sipas tij, kushti themelor p\u00ebr t\u00eb kandiduar n\u00eb PD \u00ebsht\u00eb t\u00eb jesh demokrat dhe jo \u201ct\u2019i sh\u00ebrbesh Ram\u00ebs\u201d.<\/p>\n<p>N\u00eb mbrojtje t\u00eb procesit, Noka sfidoi mediat t\u00eb gjenin qoft\u00eb edhe nj\u00eb an\u00ebtar t\u00eb PD-s\u00eb t\u00eb cilit i ishte refuzuar e drejta p\u00ebr t\u00eb aplikuar. Ai k\u00ebmb\u00ebnguli se afati p\u00ebr dor\u00ebzimin e kandidaturave ishte i hapur deri n\u00eb mesnat\u00eb dhe se \u00e7do demokrat i v\u00ebrtet\u00eb ishte i mir\u00ebpritur.<\/p>\n<p><strong>Flamu Noka:<\/strong> Tani, un\u00eb n\u00eb 13 mars kur kryesia e PD ka marr\u00eb vendim kryesia e PD p\u00ebr \u00e7eljen e gar\u00ebs p\u00ebr kryetar, ju kam komunikuar q\u00eb gara \u00ebsht\u00eb hapur dhe besoj q\u00eb kemi qen\u00eb transparent.<br \/>\nTani, ka nj\u00eb muaj, ka patur \u00e7dokush q\u00eb aspiron p\u00ebr t\u00eb aplikuar dhe ka afat deri n\u00eb 12 t\u00eb nat\u00ebs.<br \/>\n\u00c7do an\u00ebtar i Partis\u00eb Demokratike q\u00eb plot\u00ebson kriteret. A, ju thoni kur t\u00eb hapet gara p\u00ebr administratorin e bizneseve t\u00eb Gysit, at\u00ebher\u00eb \u00ebsht\u00eb tjet\u00ebr gj\u00eb. Un\u00eb flas p\u00ebr Partin\u00eb Demokratike. Apo kur t\u00eb hapet gara p\u00ebr ndonj\u00eb vend surrogato te TV Varikalon, at\u00ebher\u00eb jan\u00eb t\u00eb tjera gj\u00ebra. Un\u00eb flas p\u00ebr kriteret e partis\u00eb dhe p\u00ebr gar\u00ebn e partis\u00eb.<\/p>\n<p><strong>Gazetar\u00ebt:<\/strong> T\u00eb ishit pak m\u00eb serioz, pasi ju vet\u00eb e keni akuzuar ish-kryetarin Lulzim Basha se i ka mbyllur dyert&#8230;<\/p>\n<p><strong>Noka:<\/strong> Dyert&#8230; Hajdeni k\u00ebtu, ja shikojeni dyert. Jan\u00eb t\u00eb hapura dyert apo jo? A jan\u00eb t\u00eb hapura dyert? A jan\u00eb t\u00eb hapura dyert? Tani, por, ama nj\u00eb gj\u00eb do ju sqaroj. P\u00ebr Gysin nuk ka p\u00ebr t\u00eb qen\u00eb kurr\u00eb kjo der\u00eb e hapur. P\u00ebr, m\u00eb fal, p\u00ebr mafiozin Varikarlon s&#8217;do jet\u00eb kurr\u00eb&#8230;<\/p>\n<p><strong>Gazetar\u00ebt:<\/strong> Po p\u00ebr nj\u00eb demokrat q\u00eb ju quajt\u00ebt se b\u00ebnte burg politik p\u00ebr Partin\u00eb Demokratike, \u00ebsht\u00eb e hapur?<\/p>\n<p><strong>Noka:<\/strong> Tani, un\u00eb po ju them, p\u00ebr Gysin apo p\u00ebr Varikarlon, kjo der\u00eb, m\u00eb vjen keq&#8230; Kur t\u00eb caktohet gara p\u00ebr administratorin e Gysit, t\u00eb shkojn\u00eb ta aplikojn\u00eb t\u00eb gjith\u00eb. P\u00ebr Partin\u00eb Demokratike duhet t\u00eb jesh pik\u00eb s\u00eb pari demokrat, jo t&#8217;i sh\u00ebrbesh Ram\u00ebs, duhet t\u00eb jesh njeri q\u00eb u sh\u00ebrben demokrat\u00ebve.<\/p>\n<p><strong>Gazetar\u00ebt:<\/strong> Po kandidatja, zoti Noka, \u00ebsht\u00eb nj\u00eb person e cila ka qen\u00eb&#8230;<\/p>\n<p><strong>Noka:<\/strong> Mirela Sela \u00ebsht\u00eb demokrate. \u00cbsht\u00eb an\u00ebtare e partis\u00eb. Prit, prit. M\u00eb fal. \u00cbsht\u00eb pritur, ka dor\u00ebzuar. A i plot\u00ebson kriteret, a s&#8217;i plot\u00ebson kriteret, \u00ebsht\u00eb \u00e7\u00ebshtje e institucioneve. Por ajo \u00ebsht\u00eb demokrate dhe absolutisht. Por, ju mund t\u00eb doni q\u00eb Edi Rama t\u00eb sjell\u00eb dokumenta p\u00ebr, jo, Gysi, jo, Sueli, jo, m\u00eb vjen shum\u00eb keq. Ka kritere kjo parti. Ka nj\u00eb vij\u00eb t\u00eb kuqe.<\/p>\n<p><strong>Gazetar\u00ebt:<\/strong> A nuk besoni se ju mund t&#8217;i jepni alternativ\u00eb edhe si\u00e7 po thoni juve, pra nuk keni besim se demokrat\u00ebt do din\u00eb t\u00eb zgjedhin kush do t\u00eb jet\u00eb drejtues i Partis\u00eb Demokratike?<\/p>\n<p><strong>Noka:<\/strong> Absolutisht, po. Demokrat\u00ebt e kan\u00eb treguar kur shp\u00ebtuan Partin\u00eb Demokratike nga kthetrat e narko-regjimit dhe t\u00eb Edi Ram\u00ebs. Kjo \u00ebsht\u00eb koshienc\u00eb politike si\u00e7 kan\u00eb demokrat\u00ebt, nuk ka asnj\u00eb qytetar shqiptar tjet\u00ebr n\u00eb k\u00ebt\u00eb vend. P\u00ebr k\u00ebt\u00eb jemi, jemi t\u00eb, jemi krenar\u00eb p\u00ebr demokrat\u00ebt q\u00eb p\u00ebrfaq\u00ebsojm\u00eb. Ama po ju them nj\u00eb gj\u00eb. Un\u00eb e kuptoj shum\u00eb mir\u00eb q\u00eb ka media q\u00eb regjimi k\u00ebrkon t&#8217;i p\u00ebrdor\u00eb, por \u00ebsht\u00eb e drejta e mediave&#8230;<\/p>\n<p><strong>Gazetar\u00ebt:<\/strong> Po flasim p\u00ebr gar\u00ebn e brendshme n\u00eb Partin\u00eb Demokratike, zoti Noka. \u00cbsht\u00eb e drejt\u00eb e mediave&#8230;<\/p>\n<p><strong>Noka:<\/strong> Prit. Por ama po ju them nj\u00eb gj\u00eb. Kur t\u00eb b\u00ebhet gara p\u00ebr administratorin e Gysit&#8230; Po flasim p\u00ebr gar\u00ebn e brendshme t\u00eb Partis\u00eb Demokratike, apo t\u00eb Varikarlos, \u00ebsht\u00eb tjet\u00ebr gj\u00eb. Gara e Partis\u00eb Demokratike \u00ebsht\u00eb tjet\u00ebr gj\u00eb.<\/p>\n<p><strong>Gazetar\u00ebt:<\/strong> Zoti Noka, po e \u00e7oni s\u00ebrish Partin\u00eb Demokratike drejt nj\u00eb p\u00ebrplasje n\u00eb gjykat\u00eb me demokrat\u00ebt.<\/p>\n<p><strong>Noka:<\/strong> Elda. A ke par\u00eb di\u00e7ka ti, ka ndonj\u00eb an\u00ebtar i Partis\u00eb Demokratike q\u00eb ka aplikuar dhe i \u00ebsht\u00eb refuzuar e drejta e aplikimit? M\u00eb thoni nj\u00eb.<\/p>\n<p><strong>Gazetar\u00ebt:<\/strong> Nuk u prit n\u00eb m\u00ebnyr\u00eb serioze. Nuk ishte nj\u00eb person nga zyra e protokollit. Mungonte an\u00ebtari i komisionit zgjedhor.<\/p>\n<p><strong>Noka:<\/strong> Un\u00eb po ju b\u00ebj nj\u00eb pyetje. Dini ju q\u00eb nj\u00eb an\u00ebtar i PD-s\u00eb ka aplikuar dhe nuk i \u00ebsht\u00eb pranuar aplikimi? Asnj\u00eb! A, ju doni q\u00eb t\u00eb aplikoj\u00eb Gysi apo Varikarlo? Nuk ndodh!<\/p>\n<p>Faleminderit. Ju duam shum\u00eb!<\/p>\n","protected":false},"excerpt":{"rendered":"<p>Sekretari i P\u00ebrgjithsh\u00ebm i PD, Flamur Noka, n\u00eb nj\u00eb komunikim me gazetar\u00ebt deklaroi se gara p\u00ebr kryetarin e ri t\u00eb partis\u00eb \u00ebsht\u00eb e hapur p\u00ebr \u00e7do an\u00ebtar. Nd\u00ebrsa theksoi se dyert e PD-s\u00eb jan\u00eb t\u00eb hapura p\u00ebr \u00e7do demokrat q\u00eb plot\u00ebson kriteret dhe shpreh ambicien p\u00ebr t\u00eb kandiduar, Noka u shpreh prer\u00eb se kjo hapje &hellip;<\/p>\n","protected":false},"author":4,"featured_media":138806,"comment_status":"closed","ping_status":"closed","sticky":false,"template":"","format":"standard","meta":{"footnotes":""},"categories":[37],"tags":[],"class_list":["post-141655","post","type-post","status-publish","format-standard","has-post-thumbnail","","category-politike"],"_links":{"self":[{"href":"https:\/\/rdnews.al\/index.php\/wp-json\/wp\/v2\/posts\/141655","targetHints":{"allow":["GET"]}}],"collection":[{"href":"https:\/\/rdnews.al\/index.php\/wp-json\/wp\/v2\/posts"}],"about":[{"href":"https:\/\/rdnews.al\/index.php\/wp-json\/wp\/v2\/types\/post"}],"author":[{"embeddable":true,"href":"https:\/\/rdnews.al\/index.php\/wp-json\/wp\/v2\/users\/4"}],"replies":[{"embeddable":true,"href":"https:\/\/rdnews.al\/index.php\/wp-json\/wp\/v2\/comments?post=141655"}],"version-history":[{"count":1,"href":"https:\/\/rdnews.al\/index.php\/wp-json\/wp\/v2\/posts\/141655\/revisions"}],"predecessor-version":[{"id":141656,"href":"https:\/\/rdnews.al\/index.php\/wp-json\/wp\/v2\/posts\/141655\/revisions\/141656"}],"wp:featuredmedia":[{"embeddable":true,"href":"https:\/\/rdnews.al\/index.php\/wp-json\/wp\/v2\/media\/138806"}],"wp:attachment":[{"href":"https:\/\/rdnews.al\/index.php\/wp-json\/wp\/v2\/media?parent=141655"}],"wp:term":[{"taxonomy":"category","embeddable":true,"href":"https:\/\/rdnews.al\/index.php\/wp-json\/wp\/v2\/categories?post=141655"},{"taxonomy":"post_tag","embeddable":true,"href":"https:\/\/rdnews.al\/index.php\/wp-json\/wp\/v2\/tags?post=141655"}],"curies":[{"name":"wp","href":"https:\/\/api.w.org\/{rel}","templated":true}]}}