{"id":141657,"date":"2026-04-30T11:36:24","date_gmt":"2026-04-30T11:36:24","guid":{"rendered":"https:\/\/rdnews.al\/?p=141657"},"modified":"2026-04-30T11:36:42","modified_gmt":"2026-04-30T11:36:42","slug":"edhe-ministrja-kumbaro-thirret-ne-spak","status":"publish","type":"post","link":"https:\/\/rdnews.al\/index.php\/2026\/04\/30\/edhe-ministrja-kumbaro-thirret-ne-spak\/","title":{"rendered":"Edhe ministrja Kumbaro thirret n\u00eb SPAK"},"content":{"rendered":"<p>Ministrja e Arsimit, Mirela Kumbaro \u00ebsht\u00eb paraqitur mesdit\u00ebn e k\u00ebsaj t\u00eb enjte n\u00eb SPAK.<\/p>\n<p>Kumbaro \u00ebsht\u00eb par\u00eb pak minuta m\u00eb her\u00ebt t\u00eb futet n\u00eb institucionin e drejt\u00ebsis\u00eb.<\/p>\n<p>Nuk dihet ende arsyeja se pse ministrja \u00ebsht\u00eb paraqitur n\u00eb ambientet e Prokuroris\u00eb s\u00eb Posa\u00e7me.<\/p>\n","protected":false},"excerpt":{"rendered":"<p>Ministrja e Arsimit, Mirela Kumbaro \u00ebsht\u00eb paraqitur mesdit\u00ebn e k\u00ebsaj t\u00eb enjte n\u00eb SPAK. Kumbaro \u00ebsht\u00eb par\u00eb pak minuta m\u00eb her\u00ebt t\u00eb futet n\u00eb institucionin e drejt\u00ebsis\u00eb. Nuk dihet ende arsyeja se pse ministrja \u00ebsht\u00eb paraqitur n\u00eb ambientet e Prokuroris\u00eb s\u00eb Posa\u00e7me.<\/p>\n","protected":false},"author":4,"featured_media":141658,"comment_status":"closed","ping_status":"closed","sticky":false,"template":"","format":"standard","meta":{"footnotes":""},"categories":[37],"tags":[],"class_list":["post-141657","post","type-post","status-publish","format-standard","has-post-thumbnail","","category-politike"],"_links":{"self":[{"href":"https:\/\/rdnews.al\/index.php\/wp-json\/wp\/v2\/posts\/141657","targetHints":{"allow":["GET"]}}],"collection":[{"href":"https:\/\/rdnews.al\/index.php\/wp-json\/wp\/v2\/posts"}],"about":[{"href":"https:\/\/rdnews.al\/index.php\/wp-json\/wp\/v2\/types\/post"}],"author":[{"embeddable":true,"href":"https:\/\/rdnews.al\/index.php\/wp-json\/wp\/v2\/users\/4"}],"replies":[{"embeddable":true,"href":"https:\/\/rdnews.al\/index.php\/wp-json\/wp\/v2\/comments?post=141657"}],"version-history":[{"count":1,"href":"https:\/\/rdnews.al\/index.php\/wp-json\/wp\/v2\/posts\/141657\/revisions"}],"predecessor-version":[{"id":141659,"href":"https:\/\/rdnews.al\/index.php\/wp-json\/wp\/v2\/posts\/141657\/revisions\/141659"}],"wp:featuredmedia":[{"embeddable":true,"href":"https:\/\/rdnews.al\/index.php\/wp-json\/wp\/v2\/media\/141658"}],"wp:attachment":[{"href":"https:\/\/rdnews.al\/index.php\/wp-json\/wp\/v2\/media?parent=141657"}],"wp:term":[{"taxonomy":"category","embeddable":true,"href":"https:\/\/rdnews.al\/index.php\/wp-json\/wp\/v2\/categories?post=141657"},{"taxonomy":"post_tag","embeddable":true,"href":"https:\/\/rdnews.al\/index.php\/wp-json\/wp\/v2\/tags?post=141657"}],"curies":[{"name":"wp","href":"https:\/\/api.w.org\/{rel}","templated":true}]}}