{"id":141665,"date":"2026-04-30T17:01:21","date_gmt":"2026-04-30T17:01:21","guid":{"rendered":"https:\/\/rdnews.al\/?p=141665"},"modified":"2026-04-30T17:23:23","modified_gmt":"2026-04-30T17:23:23","slug":"11-genjeshtrat-e-taulant-balles-malltezi-procesi-stisje-politike","status":"publish","type":"post","link":"https:\/\/rdnews.al\/index.php\/2026\/04\/30\/11-genjeshtrat-e-taulant-balles-malltezi-procesi-stisje-politike\/","title":{"rendered":"11 g\u00ebnjeshtrat e Taulant Ball\u00ebs\/ Malltezi: Procesi, stisje politike!"},"content":{"rendered":"<p>Jamarb\u00ebr Malltezi, nj\u00eb nga t\u00eb pandehurit p\u00ebr \u00e7\u00ebshtjen e privatizimit t\u00eb ish-kompleksit \u201cPartizani\u201d, ka akuzuar ashp\u00ebr deputetin e PS, Taulant Balla, duke pretenduar se ky i fundit ka b\u00ebr\u00eb 11 deklarata t\u00eb rreme gjat\u00eb d\u00ebshmis\u00eb s\u00eb tij n\u00ebn betim n\u00eb Gjykat\u00ebn e Posa\u00e7me.<\/p>\n<p>N\u00eb nj\u00eb deklarat\u00eb me gazetar\u00ebt pas seanc\u00ebs gjyq\u00ebsore, Malltezi hodhi posht\u00eb t\u00eb gjitha pretendimet e Ball\u00ebs, duke i cil\u00ebsuar si \u201cg\u00ebnjeshtra\u201d dhe duke paraqitur dokumente q\u00eb, sipas tij, v\u00ebrtetonin t\u00eb kund\u00ebrt\u00ebn.<\/p>\n<p>\u201cN\u00eb nj\u00eb kall\u00ebzim, 11 g\u00ebnjeshtra. A mund t\u00eb jet\u00eb i besuesh\u00ebm?\u201d pyeti retorikisht Malltezi, duke listuar disa nga pikat kryesore t\u00eb kund\u00ebrshtimit t\u00eb tij. Sipas tij, pretendimi i Ball\u00ebs se prona ka qen\u00eb e shpron\u00ebsuar \u00ebsht\u00eb i pav\u00ebrtet\u00eb, duke cituar Fletoren Zyrtare. Ai gjithashtu kontestoi afatet kohore t\u00eb p\u00ebrmendura nga ministri, duke deklaruar se procesi i kthimit t\u00eb pron\u00ebs zgjati 12 vjet dhe ai i privatizimit kat\u00ebr vjet, e jo gjasht\u00eb muaj si\u00e7 u pretendua n\u00eb d\u00ebshmi.<\/p>\n<p>Malltezi: 11 g\u00ebnjeshtrat e Taulantit. E para. Tha, prona ka qen\u00eb e shpron\u00ebsuar. \u00cbsht\u00eb g\u00ebnjeshtra komplet e Taulant Ball\u00ebs, prona ka qen\u00eb e shpron\u00ebsuar. Urdh\u00ebro ku keni dokumentin, Fletoren Zyrtare, q\u00eb nuk ka qen\u00eb e shpron\u00ebsuar dhe \u00ebsht\u00eb gjynah q\u00eb nj\u00eb deputet t\u00eb g\u00ebnjej\u00eb. S\u00eb dyti. Tha g\u00ebnjeshtr\u00ebn e dyt\u00eb, \u00ebh procesi i kryer n\u00eb gjasht\u00eb muaj. Si\u00e7 u kap n\u00eb g\u00ebnjesht\u00ebr n\u00eb m\u00ebnyr\u00eb t\u00eb vazhdueshme aty dhe q\u00eb vet\u00eb kishte marr\u00eb dokumentet, procesi i kthimit t\u00eb pron\u00ebs kishte zgjatur 12 vjet, nga &#8217;95-a deri n\u00eb 2007-\u00ebn. Nd\u00ebrsa procesi i privatizimit ka zgjatur kat\u00ebr vjet, nga 2005-a deri n\u00eb 2009-\u00ebn. T\u00eb gjitha k\u00ebto, ky thot\u00eb jan\u00eb b\u00ebr\u00eb p\u00ebr gjasht\u00eb muaj. Imagjinohet \u00e7far\u00eb mashtruesi ordiner. S\u00eb treti, g\u00ebnjeu tha prona ka qen\u00eb n\u00eb planin e p\u00ebrhapjes n\u00eb 2007-\u00ebn.<\/p>\n<p>Urdh\u00ebro ku keni k\u00ebtu dokumentin, plani i p\u00ebrhapjes i firmosur nga Alfred Moisiu. Nuk ka qen\u00eb as n\u00eb 2004-\u00ebn. Pra kur g\u00ebnjen p\u00ebr fakte publike kaq t\u00eb r\u00ebnda, do t\u00eb thot\u00eb q\u00eb \u00ebsht\u00eb shum\u00eb keq, por duket q\u00eb prokuror\u00ebt e mbrojn\u00eb. S\u00eb kat\u00ebrti, g\u00ebnjeu tha Maltezi ka pasur 144 m\u00b2. U pyet. I tha, a ke p\u00ebrdorur ndonj\u00ebher\u00eb makin\u00eb llogarit\u00ebse? Sepse i ke dor\u00ebzuar vet\u00eb, q\u00eb ka pasur\u00a026.600 metra Begeja. B\u00ebj pjes\u00ebtimin, nuk t\u00eb del kaq, po t\u00eb del tre-kat\u00ebrfish m\u00eb tep\u00ebr. S\u00eb pesti, g\u00ebnjeu kur tha Maltezi ka marr\u00eb 5% nga pronar\u00ebt. Ju ofrua mund\u00ebsia t\u00eb paraqiste dokumentin. Nuk ishte asnj\u00eb dokument. Thjesht g\u00ebnjeu, tha e kam marr\u00eb nga burime mediatike. S\u00eb gjashti, g\u00ebnjeu tha Maltezi ka marr\u00eb 60% t\u00eb objekteve. G\u00ebnjeu.<\/p>\n<p>Iu ofrua p\u00ebrs\u00ebri mund\u00ebsia t\u00eb thoshte, ku e bazon k\u00ebt\u00eb? Q\u00eb ka marr\u00eb 60%? Nuk ishte asnj\u00eb gj\u00eb. E kam me t\u00eb d\u00ebgjuar. S\u00eb shtati, g\u00ebnjeu dhe tha Maltezi ka b\u00ebr\u00eb prej nj\u00eb viti presion Ministris\u00eb s\u00eb Mbrojtjes. Ju ofrua, i tha, po mir\u00eb, cili t\u00eb ka th\u00ebn\u00eb? M\u00eb thuaj nj\u00eb. Jo nga media e kam prap\u00eb. Pra, \u00ebsht\u00eb nj\u00eb nj\u00eb person q\u00eb t\u00eb vjen gjynah. Por, kemi parasysh, kur ky thot\u00eb procesi ka mbaruar p\u00ebr gjasht\u00eb muaj, si qenka presioni nj\u00eb vjet? E teta q\u00eb ishte gj\u00eb shum\u00eb e bukur, e tha vet\u00eb, tha, i kam l\u00ebn\u00eb 10 detyra SPAK-ut p\u00ebr t\u00eb b\u00ebr\u00eb. Dhe me sa duket prokuror\u00ebt e n\u00ebnshtruar politikisht i kan\u00eb zbatuar me rregull porosit\u00eb e Taulant Ball\u00ebs. S\u00eb n\u00ebnti, u pyet p\u00ebr deklarat\u00ebn e tij q\u00eb e ka dh\u00ebn\u00eb publike, nuk na tret dheu pa futur Saliun n\u00eb burg. Nuk i dha p\u00ebrgjigje.<\/p>\n<p>Vuri duart n\u00eb kok\u00eb, mbylli, nuk i dha p\u00ebrgjigje. S\u00eb dhjeti, g\u00ebnjeu tha nuk kam depozituar shkresa kur kam b\u00ebr\u00eb deklarat\u00ebn. U kap aty n\u00eb n\u00eb gjyq q\u00eb kishte b\u00ebr\u00eb, kishte dh\u00ebn\u00eb disa shkresa t\u00eb cilat as nuk i kishte lexuar dhe kishte angazhuar studio t\u00eb tjera ligjore duke shkelur ligjin, ndon\u00ebse ka, ka, \u00ebsht\u00eb betuar p\u00ebr respektimin e ligjeve, duke i dh\u00ebn\u00eb t\u00eb dh\u00ebnat personale studiove t\u00eb tjera ligjore t\u00eb koleg\u00ebve t\u00eb tij. S\u00eb 11-ti, tha s\u00ebrish sot, nd\u00ebrtimet jan\u00eb b\u00ebr\u00eb me leje t\u00eb Berish\u00ebs. Ju ofrua mund\u00ebsia q\u00eb t\u00eb shikonte nd\u00ebrrimet e destinacionit 2004, 2006, 2008 t\u00eb Edi Ram\u00ebs. Bile dhe leja e nd\u00ebrtimit e dh\u00ebn\u00eb nga Edi Rama e 2007-\u00ebs. Por p\u00ebr k\u00ebto b\u00ebri sikur nuk ekzistojn\u00eb. Tha, nuk kam qen\u00eb n\u00eb dijeni. K\u00ebshtu q\u00eb n\u00eb 11 g\u00ebnjeshtra, pra nj\u00eb kall\u00ebzimi i Taulant Ball\u00ebs, 11 g\u00ebnjeshtra. A mund t\u00eb jet\u00eb i besuesh\u00ebm kur nj\u00eb kall\u00ebzim ka 11 g\u00ebnjeshtra, nuk ka nj\u00eb e dy? K\u00ebt\u00eb jua l\u00eb vet\u00eb juve ta gjykoni.<\/p>\n<p>K\u00ebt\u00eb e kam b\u00ebr\u00eb dy her\u00eb deri tani. Dy her\u00eb prokuroria e ka mbyllur \u00e7\u00ebshtjen, p\u00ebr fat t\u00eb keq. Por p\u00ebrs\u00ebri do t&#8217;i, do t&#8217;i p\u00ebrs\u00ebris. Do kemi seanc\u00ebn tjet\u00ebr ku neve do t\u00eb b\u00ebjm\u00eb prap\u00ebsimet e t\u00eb dyja pal\u00ebve ndaj deklaratave t\u00eb Taulant Ball\u00ebs, t\u00eb cilat thjesht nuk q\u00ebndrojn\u00eb. Kemi parasysh q\u00eb disa nga ato ishin, ishin, b\u00ebnin mu, q\u00eb ishin g\u00ebnjeshtra. K\u00ebto q\u00eb tham\u00eb un\u00eb nuk jan\u00eb pretendime thjesht t\u00eb mia, k\u00ebto jan\u00eb fakte. Pra, q\u00eb nuk ka qen\u00eb n\u00eb planin e p\u00ebrhapjes, k\u00ebt\u00eb e thot\u00eb dekreti i presidentit. Nuk ka pse t\u00eb merret d\u00ebshmitari kur ke me shkrim e me vul\u00eb t\u00eb presidentit. Q\u00eb nuk ka qen\u00eb e shpron\u00ebsuar, k\u00ebt\u00eb e thot\u00eb Fletorja Zyrtare. Dhe Fletorja Zyrtare s&#8217;pyet p\u00ebr opinionet e mia apo t\u00eb dikujt tjet\u00ebr.<\/p>\n<p>Pa dyshim ne do e p\u00ebrs\u00ebrisim s\u00ebrish, kall\u00ebzimin penal ndaj Taulant Ball\u00ebs, natyrisht edhe ndaj Edi Ram\u00ebs. Si\u00e7 mund ta shikoni, edhe k\u00ebtu ku e ka firmosur vet\u00eb, ka sh\u00ebnuar kryetar i grupit parlamentar t\u00eb Partis\u00eb Socialiste. Edhe k\u00ebtu kur Ministria e Mbrojtjes i jep dokumenta, i jep gjith\u00eb dosjen, duke p\u00ebrfshir\u00eb dhe t\u00eb dh\u00ebna personale q\u00eb nuk, jan\u00eb t\u00eb ndaluar me ligj q\u00eb t&#8217;ia dh\u00ebn\u00eb dikujt tjet\u00ebr, thot\u00eb, kryetarit t\u00eb grupit parlamentar t\u00eb Partis\u00eb Socialiste. Pra \u00e7do institucion \u00ebsht\u00eb v\u00ebn\u00eb n\u00eb sh\u00ebrbim t\u00eb kryetarit t\u00eb Partis\u00eb Socialiste. \u00c7far\u00eb un\u00eb dua t\u00eb them me k\u00ebt\u00eb? E para q\u00eb ka shkelur ligjin. Ka shkelur ligjin edhe t\u00eb mbrojtjes s\u00eb t\u00eb dh\u00ebnave personale, por edhe q\u00eb kjo, e gjith\u00eb procesi \u00ebsht\u00eb proces i stisur politik, si\u00e7 mund ta, si\u00e7 mund t\u00eb d\u00ebshkohet.<\/p>\n<p>T\u00eb dyja jan\u00eb bashk\u00eb, sepse zoti Balla ka marr\u00eb k\u00ebto t\u00eb dh\u00ebna personale dhe ja ka \u00e7uar studios ligjore t\u00eb Alket Hysenit. Pra edhe zoti Balla e ka shkelur, edhe k\u00ebto institucione t\u00eb cilat jan\u00eb vendosur n\u00ebn hyqmin e Taulant Ball\u00ebs, jo me qejf, po me detyr\u00eb, se \u00ebsht\u00eb partia mbi shtetin. Un\u00eb nuk e kam ngritur p\u00ebr veten time apo p\u00ebr personat e familjes time. Nuk e ngrej fare k\u00ebt\u00eb \u00e7\u00ebshtje. Por aty jan\u00eb t\u00eb dh\u00ebna, numra personal\u00eb t\u00eb personave q\u00eb s&#8217;kan\u00eb asnj\u00eb lidhje. T\u00eb fiseve t\u00eb tjera, duke p\u00ebrfshir\u00eb jo vet\u00ebm Begeja, Bekteshi, Vaqarri, Llagami, Ali Mehmeti, q\u00eb t\u00eb gjith\u00eb q\u00eb jan\u00eb. K\u00ebto jan\u00eb t\u00eb dh\u00ebna personale. Ligji e ndalon. Tani, k\u00ebtu ligjin e kan\u00eb shkelur edhe institucionet shtet\u00ebrore, sepse jan\u00eb v\u00ebn\u00eb n\u00eb hyqmin e Taulant Ball\u00ebs, po e ka shkelur dhe Taulant Balla duke ja dh\u00ebn\u00eb Alket Hysenit.<\/p>\n<p>Neve, neve e kemi k\u00ebt\u00eb, n\u00eb rast se ju mund ta shikoni, e kemi H.A. Studio. E kemi n\u00ebnvizuar q\u00eb ky ka p\u00ebrdorur k\u00ebt\u00eb studio p\u00ebr t\u00eb gjitha. Fatkeq\u00ebsisht, me sa ne kuptuam aty, fakti q\u00eb Taulant Balla nuk tregonte dot asnj\u00eb dokument, asnj\u00eb prov\u00eb, po thonte vet\u00ebm jam bazuar n\u00eb vler\u00ebsimin tim dhe n\u00eb burime mediatike gjat\u00eb gjith\u00eb koh\u00ebs. P\u00ebr fat t\u00eb keq nuk tregoi dot nj\u00eb prov\u00eb. At\u00ebher\u00eb, ne besojm\u00eb q\u00eb ky thjesht ja ka dh\u00ebn\u00eb, ja ka n\u00ebnkontraktuar studios s\u00eb Alket Hysenit q\u00eb t\u00eb b\u00ebnte nj\u00eb vler\u00ebsim a b\u00ebnte ndonj\u00eb gj\u00eb p\u00ebr k\u00ebt\u00eb. Dhe kjo \u00ebsht\u00eb e paligjshme. Normalisht, as Taulant Balla nuk duhet t\u00eb kishte t\u00eb drejt\u00eb t\u00eb merrte t\u00eb dh\u00ebnat personale t\u00eb shtetasve, jo m\u00eb t&#8217;ia binte n\u00eb studiot e tjera n\u00eb dispozicion.<\/p>\n<p>&nbsp;<\/p>\n","protected":false},"excerpt":{"rendered":"<p>Jamarb\u00ebr Malltezi, nj\u00eb nga t\u00eb pandehurit p\u00ebr \u00e7\u00ebshtjen e privatizimit t\u00eb ish-kompleksit \u201cPartizani\u201d, ka akuzuar ashp\u00ebr deputetin e PS, Taulant Balla, duke pretenduar se ky i fundit ka b\u00ebr\u00eb 11 deklarata t\u00eb rreme gjat\u00eb d\u00ebshmis\u00eb s\u00eb tij n\u00ebn betim n\u00eb Gjykat\u00ebn e Posa\u00e7me. N\u00eb nj\u00eb deklarat\u00eb me gazetar\u00ebt pas seanc\u00ebs gjyq\u00ebsore, Malltezi hodhi posht\u00eb t\u00eb &hellip;<\/p>\n","protected":false},"author":4,"featured_media":141675,"comment_status":"closed","ping_status":"closed","sticky":false,"template":"","format":"standard","meta":{"footnotes":""},"categories":[37],"tags":[],"class_list":["post-141665","post","type-post","status-publish","format-standard","has-post-thumbnail","","category-politike"],"_links":{"self":[{"href":"https:\/\/rdnews.al\/index.php\/wp-json\/wp\/v2\/posts\/141665","targetHints":{"allow":["GET"]}}],"collection":[{"href":"https:\/\/rdnews.al\/index.php\/wp-json\/wp\/v2\/posts"}],"about":[{"href":"https:\/\/rdnews.al\/index.php\/wp-json\/wp\/v2\/types\/post"}],"author":[{"embeddable":true,"href":"https:\/\/rdnews.al\/index.php\/wp-json\/wp\/v2\/users\/4"}],"replies":[{"embeddable":true,"href":"https:\/\/rdnews.al\/index.php\/wp-json\/wp\/v2\/comments?post=141665"}],"version-history":[{"count":2,"href":"https:\/\/rdnews.al\/index.php\/wp-json\/wp\/v2\/posts\/141665\/revisions"}],"predecessor-version":[{"id":141667,"href":"https:\/\/rdnews.al\/index.php\/wp-json\/wp\/v2\/posts\/141665\/revisions\/141667"}],"wp:featuredmedia":[{"embeddable":true,"href":"https:\/\/rdnews.al\/index.php\/wp-json\/wp\/v2\/media\/141675"}],"wp:attachment":[{"href":"https:\/\/rdnews.al\/index.php\/wp-json\/wp\/v2\/media?parent=141665"}],"wp:term":[{"taxonomy":"category","embeddable":true,"href":"https:\/\/rdnews.al\/index.php\/wp-json\/wp\/v2\/categories?post=141665"},{"taxonomy":"post_tag","embeddable":true,"href":"https:\/\/rdnews.al\/index.php\/wp-json\/wp\/v2\/tags?post=141665"}],"curies":[{"name":"wp","href":"https:\/\/api.w.org\/{rel}","templated":true}]}}