{"id":141668,"date":"2026-04-30T17:05:44","date_gmt":"2026-04-30T17:05:44","guid":{"rendered":"https:\/\/rdnews.al\/?p=141668"},"modified":"2026-04-30T17:24:34","modified_gmt":"2026-04-30T17:24:34","slug":"avokati-gozhdon-ballen-na-jep-nje-fakt-a-dokument-ku-e-bazon-korrupsionin","status":"publish","type":"post","link":"https:\/\/rdnews.al\/index.php\/2026\/04\/30\/avokati-gozhdon-ballen-na-jep-nje-fakt-a-dokument-ku-e-bazon-korrupsionin\/","title":{"rendered":"Avokati gozhdon Ball\u00ebn: Na jep nj\u00eb fakt a dokument ku e bazon korrupsionin!"},"content":{"rendered":"<p>Gjat\u00eb seanc\u00ebs s\u00eb sotme p\u00ebr dosjen \u201cPartizani\u201d denoncuesi Taulant Balla q\u00eb mashtroi ne pjes\u00ebn e par\u00eb t\u00eb d\u00ebshmis\u00eb pas pyetjeve te Malltezit, u \u00ebsht\u00eb p\u00ebrgjigjur edhe pyetjeve t\u00eb avokatit Sokol M\u00ebngjesi. Edhe n\u00eb k\u00ebto shpjegime ai nuk ka mundur q\u00eb t\u00eb sqaroj\u00eb se ku \u00ebsht\u00eb paligjshm\u00ebria n\u00eb t\u00eb gjith\u00eb k\u00ebt\u00eb \u00e7\u00ebshtje.<\/p>\n<p>K\u00ebrkes\u00ebs s\u00eb avokatit q\u00eb t\u00eb paraqiste si akuzues, nj\u00eb fakt a dokument, ku e bazonte korrupsionin, Balla i \u00ebsht\u00eb p\u00ebrgjigjur se, \u201ck\u00ebshtu e mendoj\u201d. Duke mos mundur t\u00eb jap\u00eb asnj\u00eb shpjegim p\u00ebr akuzat e tij politike dhe ndikimin tek drejt\u00ebsia q\u00eb kjo \u00e7\u00ebshtje t\u00eb hetohet politikisht vet\u00ebm p\u00ebr t\u00eb goditur kreun e PD Berisha.<\/p>\n<p><strong>Sokol M\u00ebngjesi:\u00a0<\/strong>ku e bazoni kundraligjshm\u00ebrin\u00eb?<\/p>\n<p><strong>Balla:\u00a0<\/strong>e b\u00ebra sqarimin tim, \u00ebsht\u00eb n\u00eb prokurori dhe kall\u00ebzimin tim<\/p>\n<p><strong>M\u00ebngjesi:<\/strong>\u00a0na refero disa fakte q\u00eb ke hetuar vet\u00eb apo i ke par\u00eb nga dokumentacioni?<\/p>\n<p><strong>Balla:<\/strong>\u00a0s\u2019kemi t\u00eb b\u00ebjm\u00eb me rast tipik t\u00eb korrupsionit dhe fshehjes s\u00eb pasuris\u00eb. B\u00ebhet fjal\u00eb p\u00ebr nj\u00eb pron\u00eb t\u00eb MM privatizohet, kthehet prona, krijohet kompani, nd\u00ebrtohet\u2026. Faktet jan\u00eb n\u00eb nenet e kodit penal. Mbi t\u00eb cilat mb\u00ebshtetet arsyetimi im<\/p>\n<p><strong>M\u00ebngjesi:\u00a0<\/strong>nj\u00eb fakt a dokument, ku e bazon korrupsionin<\/p>\n<p><strong>Balla:<\/strong>\u00a0e mendoj k\u00ebshtu<\/p>\n<p><strong>Elsa Ulliri:<\/strong>\u00a0pa menduar<\/p>\n<p><strong>Balla:<\/strong>\u00a0pa menduar se them dot. Jemi para nj\u00eb rasti se si nj\u00eb person i lidhur me person me pushtet publik, krijon kompani, marr\u00ebveshje, pasuri dhe i shkon pasuria personit me pushtet. Kam treguar fakte ae si nj\u00eb personi t\u00eb lidhur me pushtetin i kthehet prona brenda dit\u00ebs<\/p>\n<p><strong>M\u00ebngjesi:<\/strong>\u00a0kush e privatizon, n\u00ebse ka qen\u00eb pron\u00eb e ushtris\u00eb, ndodhet n\u00eb tok\u00eb t\u00eb privatit dhe strukturat shtet\u00ebrore e nxjerrin n\u00eb privatizim, kush e privatizon?<\/p>\n<p><strong>Balla:\u00a0<\/strong>sht\u00ebpia qendrore e ushtris\u00eb ndodhet sot n\u00eb pran\u00eb private, pse si kthehet kjo pronarit t\u00eb truallit nd\u00ebrkoh\u00eb partizani i kthehet. Mendoj se ka favorizim. Personat e kall\u00ebzuar prej meje Berisha, Malltezi dhe persona t\u00eb tjer\u00eb e kan\u00eb mund\u00ebsuar privatizimin.<\/p>\n<p><strong>M\u00ebngjesi:<\/strong>\u00a0Berisha dhe Malltezi \u00e7far\u00eb kan\u00eb b\u00ebr\u00eb nj\u00eb veprim konkret?<\/p>\n<p><strong>Balla:\u00a0<\/strong>t\u00eb dh\u00ebnat q\u00eb kam patur i kam dh\u00ebn\u00eb n\u00eb kall\u00ebzim.<\/p>\n<p><strong>M\u00ebngjesi:\u00a0<\/strong>Un\u00eb nuk di gj\u00eb nga kall\u00ebzimi, mund t\u00eb na e thuash<\/p>\n<p><strong>Refuzohet pyetja<\/strong><\/p>\n<p><strong>Malltezi:\u00a0<\/strong>po ky po g\u00ebnjen prap moj zonja gjyqtare<\/p>\n<p><strong>M\u00ebngjesi:\u00a0<\/strong>\u00e7far\u00eb dok false kan\u00eb p\u00ebrdorur ish pronar\u00ebt pran\u00eb AKKP<\/p>\n<p><strong>Balla:<\/strong>\u00a0\u00e7far\u00eb jan\u00eb v\u00ebrtetuar dhe arsyetimi mbi baz\u00ebn e fakteve publike rezulton se ajo pron\u00eb \u00ebsht\u00eb shpron\u00ebsuar\u2026.<\/p>\n<p><strong>Elsa Ulliri:\u00a0<\/strong>keni dijeni mbi pyetjen<\/p>\n<p><strong>M\u00ebngjesi:\u00a0<\/strong>ka afat q\u00eb agjencia t\u00eb marr\u00eb vendim<\/p>\n<p><strong>Balla:\u00a0<\/strong>ka afat por skam dijeni se sa<\/p>\n<p><strong>M\u00ebngjesi:\u00a0<\/strong>pse pretendoni p\u00ebr Malltezin q\u00eb e mori shum\u00eb shpejt. Ku i referohesh se k\u00ebta e kan\u00eb marr\u00eb m\u00eb shpejt se t\u00eb tjer\u00ebt?<\/p>\n<p><strong>S\u2019lejohet pyetja: e ka dh\u00ebn\u00eb p\u00ebrgjigja<\/strong><\/p>\n<p><strong>Balla:<\/strong>\u00a0jam kall\u00ebzues, n\u00ebse do kisha mund\u00ebsi ti mblidhja t\u00eb gjitha faktet s\u2019kisha pse ia sillja prokuroris\u00eb. N\u00eb fund kam b\u00ebr\u00eb n\u00eb kall\u00ebzim disa pyetje q\u00eb k\u00ebrkoja nga spak ti verifikonte<\/p>\n<p><strong>M\u00ebngjesi:\u00a0<\/strong>\u00c7far\u00eb ndikimi ka ushtruar Malltezi?<\/p>\n<p><strong>Balla:<\/strong>\u00a0\u00cbsht\u00eb p\u00ebrfitues, i lidhur dhe i ekspozuar publikisht, p\u00ebr shkak se \u00ebsht\u00eb dh\u00ebndri i kryeministrit t\u00eb koh\u00ebs, kur bashkohen k\u00ebto element tregon se ka p\u00ebrfituar<\/p>\n<p><strong>Ulliri:\u00a0<\/strong>ju pyeti ndikimi cili \u00ebsht\u00eb<\/p>\n<p><strong>Balla:\u00a0<\/strong>P\u00ebrmes lidhjes familjare ka ndikuar tek institucione p\u00ebr t\u00eb marr\u00eb k\u00ebto vendime. Kam dyshime referuar neneve p\u00ebrkat\u00ebse<\/p>\n<p><strong>M\u00ebngjesi:\u00a0<\/strong>a ka komunikuar Malltezi me dik\u00eb konkretisht?<\/p>\n<p><strong>Balla:\u00a0<\/strong>nuk kam dijeni&#8230;<\/p>\n","protected":false},"excerpt":{"rendered":"<p>Gjat\u00eb seanc\u00ebs s\u00eb sotme p\u00ebr dosjen \u201cPartizani\u201d denoncuesi Taulant Balla q\u00eb mashtroi ne pjes\u00ebn e par\u00eb t\u00eb d\u00ebshmis\u00eb pas pyetjeve te Malltezit, u \u00ebsht\u00eb p\u00ebrgjigjur edhe pyetjeve t\u00eb avokatit Sokol M\u00ebngjesi. Edhe n\u00eb k\u00ebto shpjegime ai nuk ka mundur q\u00eb t\u00eb sqaroj\u00eb se ku \u00ebsht\u00eb paligjshm\u00ebria n\u00eb t\u00eb gjith\u00eb k\u00ebt\u00eb \u00e7\u00ebshtje. K\u00ebrkes\u00ebs s\u00eb avokatit q\u00eb &hellip;<\/p>\n","protected":false},"author":4,"featured_media":10995,"comment_status":"closed","ping_status":"closed","sticky":false,"template":"","format":"standard","meta":{"footnotes":""},"categories":[37],"tags":[],"class_list":["post-141668","post","type-post","status-publish","format-standard","has-post-thumbnail","","category-politike"],"_links":{"self":[{"href":"https:\/\/rdnews.al\/index.php\/wp-json\/wp\/v2\/posts\/141668","targetHints":{"allow":["GET"]}}],"collection":[{"href":"https:\/\/rdnews.al\/index.php\/wp-json\/wp\/v2\/posts"}],"about":[{"href":"https:\/\/rdnews.al\/index.php\/wp-json\/wp\/v2\/types\/post"}],"author":[{"embeddable":true,"href":"https:\/\/rdnews.al\/index.php\/wp-json\/wp\/v2\/users\/4"}],"replies":[{"embeddable":true,"href":"https:\/\/rdnews.al\/index.php\/wp-json\/wp\/v2\/comments?post=141668"}],"version-history":[{"count":2,"href":"https:\/\/rdnews.al\/index.php\/wp-json\/wp\/v2\/posts\/141668\/revisions"}],"predecessor-version":[{"id":141676,"href":"https:\/\/rdnews.al\/index.php\/wp-json\/wp\/v2\/posts\/141668\/revisions\/141676"}],"wp:featuredmedia":[{"embeddable":true,"href":"https:\/\/rdnews.al\/index.php\/wp-json\/wp\/v2\/media\/10995"}],"wp:attachment":[{"href":"https:\/\/rdnews.al\/index.php\/wp-json\/wp\/v2\/media?parent=141668"}],"wp:term":[{"taxonomy":"category","embeddable":true,"href":"https:\/\/rdnews.al\/index.php\/wp-json\/wp\/v2\/categories?post=141668"},{"taxonomy":"post_tag","embeddable":true,"href":"https:\/\/rdnews.al\/index.php\/wp-json\/wp\/v2\/tags?post=141668"}],"curies":[{"name":"wp","href":"https:\/\/api.w.org\/{rel}","templated":true}]}}