{"id":14167,"date":"2022-06-03T10:46:37","date_gmt":"2022-06-03T10:46:37","guid":{"rendered":"https:\/\/rdnews.al\/?p=14167"},"modified":"2022-06-03T10:48:05","modified_gmt":"2022-06-03T10:48:05","slug":"berisha-refuzimi-nga-pseudo-mazhoranca-i-gjenocidit-serb-ne-kosove-nje-akt-makaber","status":"publish","type":"post","link":"https:\/\/rdnews.al\/index.php\/2022\/06\/03\/berisha-refuzimi-nga-pseudo-mazhoranca-i-gjenocidit-serb-ne-kosove-nje-akt-makaber\/","title":{"rendered":"Berisha: Refuzimi nga pseudo-mazhoranca i gjenocidit serb n\u00eb Kosov\u00eb, nj\u00eb akt makab\u00ebr"},"content":{"rendered":"<p>Kryetari i PD, Sali Berisha u shpreh gjat\u00eb konferenc\u00ebs p\u00ebr shtyp, se refuzimi nga pseudo-mazhoranca aktuale, p\u00ebr t\u00eb denoncuar gjenocidin serb n\u00eb Kosov\u00eb, \u00ebsht\u00eb nj\u00eb akt makab\u00ebr antikomb\u00ebtar.<\/p>\n<p>\u201c\u00c7\u00ebshtja e dyt\u00eb, e nj\u00eb r\u00ebnd\u00ebsie t\u00eb jasht\u00ebzakonshme \u00ebsht\u00eb q\u00ebndrimi i Edi Ram\u00ebs ndaj rezolut\u00ebs t\u00eb dor\u00ebzuar nga ne n\u00eb Parlament p\u00ebr denoncimin e gjenocidit serb n\u00eb Kosov\u00eb.<\/p>\n<p>Refuzimi nga qeveria aktuale pseudo-mazhoranca aktuale, p\u00ebr t\u00eb denoncuar gjenocidin serb n\u00eb Kosov\u00eb, \u00ebsht\u00eb nj\u00eb akt makab\u00ebr antikomb\u00ebtar, \u00ebsht\u00eb nj\u00eb p\u00ebrdhosje, \u00ebsht\u00eb nj\u00eb ekzekutim p\u00ebr s\u00eb dyti i mbi 10 mij\u00eb f\u00ebmij\u00ebve, grave, burrave t\u00eb cil\u00ebt u masakruan n\u00eb vitet 1998-1999 n\u00eb suaz\u00ebn e operacionit \u2018Patkoi\u2019, operacion q\u00eb kishte p\u00ebr q\u00ebllim dhun\u00ebn masive, masakrat dhe p\u00ebrz\u00ebnien masive t\u00eb shqiptar\u00ebve nga Kosova. Ky vendim, apo ky akt i Edi Ram\u00ebs d\u00ebshmon qart\u00eb se Tirana nuk \u00ebsht\u00eb gj\u00eb tjet\u00ebr ve\u00e7se nj\u00eb Beograd i vog\u00ebl. Dhe se, jo interesat komb\u00ebtare t\u00eb shqiptar\u00ebve, por interesat \u00e7njer\u00ebzore ekspansioniste t\u00eb Beogradit jan\u00eb preferenca dhe p\u00ebrpar\u00ebsia e qeveris\u00eb s\u00eb Tiran\u00ebs.<\/p>\n<p>Kjo situat\u00eb po shkon drejt nj\u00eb drame t\u00eb v\u00ebrtet\u00eb. Nuk ka patriot\u00eb shqiptar\u00eb, nuk ka qytetar\u00eb t\u00eb v\u00ebrtet\u00eb shqiptar\u00eb q\u00eb mund t\u00eb pranoj\u00eb rreshtimin e Tiran\u00ebs me Beogradin n\u00eb q\u00ebndrimin ndaj gjenocidit serb n\u00eb Kosov\u00eb. Nj\u00eb q\u00ebndrim t\u00eb till\u00eb mbajti Edi Rama dhe tre jav\u00eb m\u00eb par\u00eb me rezolut\u00ebn p\u00ebr d\u00ebnimin e gjenocidit serb n\u00eb Srebrenic\u00eb. Imagjinoni pra, se kush qeveris k\u00ebt\u00eb vend. Mbrojtja dhe mohimi i gjenocidit d\u00ebnohet me ligj nd\u00ebrkomb\u00ebtar. N\u00eb vend q\u00eb t\u00eb kusht\u00ebzohet \u00e7do q\u00ebndrim ndaj Beogradit me njohjen e gjenocidit serb n\u00eb Bosnje dhe Kosov\u00eb, mohohet gjenocidi, mohohen qindra mij\u00ebra t\u00eb r\u00ebn\u00eb, shpirtra t\u00eb vdekur dhe kjo vet\u00ebm p\u00ebr shkak t\u00eb vasalitetit absolut t\u00eb Edi Ram\u00ebs ndaj Vu\u00e7i\u00e7it. Ka ardhur koha q\u00eb \u00e7do shqiptar t\u00eb mendoj\u00eb mir\u00eb p\u00ebr interesin e tij komb\u00ebtar, p\u00ebr dinjitetin e tij komb\u00ebtar.<\/p>\n<p>Gjenocidi serb e kam theksuar k\u00ebtu para jush dhe n\u00eb takime t\u00eb tjera, n\u00eb vitin 1913 n\u00eb zon\u00ebn e Lum\u00ebs, Krum\u00ebs, Tropoj\u00ebs dhe Dibr\u00ebs, ka njohur form\u00ebn m\u00eb t\u00eb eg\u00ebr n\u00eb Luft\u00ebn e Par\u00eb Bot\u00ebrore dhe kjo \u00ebsht\u00eb e certifikuar nga Komisioni Nd\u00ebrkomb\u00ebtar i ngritur p\u00ebr hetimin e kryera gjat\u00eb luft\u00ebs dhe t\u00eb shkaqeve t\u00eb saj. Megjithat\u00eb, n\u00eb rezolut\u00ebn q\u00eb dor\u00ebzuam ne u ndal\u00ebm vet\u00ebm te gjenocidi i kryer nga Beogradi n\u00eb vitet 98-99 n\u00eb Kosov\u00eb. Por gjenocidi serb ndaj shqiptar\u00ebve \u00ebsht\u00eb ciklik. Ai ka filluar n\u00eb 1874 dhe mbaron n\u00eb vitin 1999, me disa val\u00eb, me disa cikle. Kemi t\u00eb b\u00ebjm\u00eb me nj\u00eb qeveri antishqiptare e cila qeve ris vendin p\u00ebr interesa t\u00eb Beogradit dhe kjo \u00ebsht\u00eb e padurueshme, \u00ebsht\u00eb e patolerueshme.<\/p>\n<p>Dy jan\u00eb \u00e7\u00ebshtjet shqet\u00ebsimet m\u00eb themelore sot, shushunjat, bordet e Edi Ram\u00ebs q\u00eb po boshatisin xhepat e shqiptar\u00ebve dhe po i varf\u00ebrojn\u00eb dhe mjerojn\u00eb ata gjithnj\u00eb e m\u00eb shum\u00eb; shkelmimi i interesit komb\u00ebtar n\u00ebp\u00ebrmjet mohimit t\u00eb gjenocidit t\u00eb shqiptar\u00ebve. Un\u00eb kam besim t\u00eb madh se qytetar\u00ebt shqiptar\u00eb do t\u2019i japin p\u00ebrgjigje m\u00eb t\u00eb merituar n\u00eb nj\u00eb koh\u00eb t\u00eb ardhshme dhe PD do t\u00eb angazhohet, do t\u2019i k\u00ebrkoj\u00eb t\u00eb angazhohet n\u00eb nj\u00eb debat me qytetar\u00ebt p\u00ebr t\u2019i dh\u00ebn\u00eb p\u00ebrgjigjen m\u00eb t\u00eb merituar k\u00ebsaj qeverie antishqiptare\u201d, u shpreh Berisha.<\/p>\n","protected":false},"excerpt":{"rendered":"<p>Kryetari i PD, Sali Berisha u shpreh gjat\u00eb konferenc\u00ebs p\u00ebr shtyp, se refuzimi nga pseudo-mazhoranca aktuale, p\u00ebr t\u00eb denoncuar gjenocidin serb n\u00eb Kosov\u00eb, \u00ebsht\u00eb nj\u00eb akt makab\u00ebr antikomb\u00ebtar. \u201c\u00c7\u00ebshtja e dyt\u00eb, e nj\u00eb r\u00ebnd\u00ebsie t\u00eb jasht\u00ebzakonshme \u00ebsht\u00eb q\u00ebndrimi i Edi Ram\u00ebs ndaj rezolut\u00ebs t\u00eb dor\u00ebzuar nga ne n\u00eb Parlament p\u00ebr denoncimin e gjenocidit serb n\u00eb &hellip;<\/p>\n","protected":false},"author":4,"featured_media":14173,"comment_status":"open","ping_status":"open","sticky":false,"template":"","format":"standard","meta":{"footnotes":""},"categories":[37],"tags":[],"class_list":["post-14167","post","type-post","status-publish","format-standard","has-post-thumbnail","","category-politike"],"_links":{"self":[{"href":"https:\/\/rdnews.al\/index.php\/wp-json\/wp\/v2\/posts\/14167","targetHints":{"allow":["GET"]}}],"collection":[{"href":"https:\/\/rdnews.al\/index.php\/wp-json\/wp\/v2\/posts"}],"about":[{"href":"https:\/\/rdnews.al\/index.php\/wp-json\/wp\/v2\/types\/post"}],"author":[{"embeddable":true,"href":"https:\/\/rdnews.al\/index.php\/wp-json\/wp\/v2\/users\/4"}],"replies":[{"embeddable":true,"href":"https:\/\/rdnews.al\/index.php\/wp-json\/wp\/v2\/comments?post=14167"}],"version-history":[{"count":0,"href":"https:\/\/rdnews.al\/index.php\/wp-json\/wp\/v2\/posts\/14167\/revisions"}],"wp:featuredmedia":[{"embeddable":true,"href":"https:\/\/rdnews.al\/index.php\/wp-json\/wp\/v2\/media\/14173"}],"wp:attachment":[{"href":"https:\/\/rdnews.al\/index.php\/wp-json\/wp\/v2\/media?parent=14167"}],"wp:term":[{"taxonomy":"category","embeddable":true,"href":"https:\/\/rdnews.al\/index.php\/wp-json\/wp\/v2\/categories?post=14167"},{"taxonomy":"post_tag","embeddable":true,"href":"https:\/\/rdnews.al\/index.php\/wp-json\/wp\/v2\/tags?post=14167"}],"curies":[{"name":"wp","href":"https:\/\/api.w.org\/{rel}","templated":true}]}}