{"id":141670,"date":"2026-04-30T17:18:04","date_gmt":"2026-04-30T17:18:04","guid":{"rendered":"https:\/\/rdnews.al\/?p=141670"},"modified":"2026-04-30T18:01:40","modified_gmt":"2026-04-30T18:01:40","slug":"video-lefter-maliqi-degjeneron-albatros-rexhajn-e-nxjerr-nga-studio-e-bolinos","status":"publish","type":"post","link":"https:\/\/rdnews.al\/index.php\/2026\/04\/30\/video-lefter-maliqi-degjeneron-albatros-rexhajn-e-nxjerr-nga-studio-e-bolinos\/","title":{"rendered":"Maliqi degjeneron Albatros Rexhajn: Dh\u00ebnd\u00ebrr i Rilindjes, nipi i vjehrrit t\u00ebnd \u00ebsht\u00eb b\u00ebr\u00eb drejtor OSTE-je nga Balluku"},"content":{"rendered":"<p>Publicisti Albatros Rexhaj \u00ebsht\u00eb larguar nga studio e emisionit n\u00eb Report TV pas nj\u00eb p\u00ebrplasjeje me ish-deputetin Lefter Maliqi.<\/p>\n<p>Teksa u pyet se pse protestat e opozit\u00ebs nuk frym\u00ebzojn\u00eb, Rexhaj tha se kur flasin Maliqi apo t\u00eb tjer\u00eb, njer\u00ebzit nd\u00ebrrojn\u00eb kanalin e TV.<\/p>\n<p>Maliqi iu kund\u00ebrp\u00ebrgjigj menj\u00ebher\u00eb duke i th\u00ebn\u00eb se\u00a0<em>\u201ckur njer\u00ebzit d\u00ebgjojn\u00eb duke folur dh\u00ebndrrin e Rilindjes v\u00ebn\u00eb duart n\u00eb kok\u00eb! Ky ka interesa personale me PS. Nipi i vjehrrit t\u00eb tij \u00ebsht\u00eb b\u00ebr\u00eb drejtor OSTE-je nga Belinda Balluku. Ky bashk\u00ebjeton me nj\u00eb njeri q\u00eb babain e ka n\u00ebnkryetar bashkie\u201d.<\/em><\/p>\n<p>Pasi Maliqi i tha t\u00eb v\u00ebrtetat n\u00eb sy, Rexhaj u gjend i gozhduar dhe nuk mundi t\u00eb p\u00ebrgjigjej m\u00eb duke u larguar nga studio.<\/p>\n<div><iframe loading=\"lazy\" src=\"https:\/\/streamable.com\/e\/m6isse?\" width=\"100%\" height=\"100%\" allowfullscreen=\"allowfullscreen\" data-mce-fragment=\"1\"><\/iframe><\/div>\n<div class=\"jeg_ad jeg_ad_article jnews_content_inline_3_ads \">\n<div class=\"ads-wrapper align-center \">\n<div class=\"ads_code\">\n<div class=\"desktopi\" align=\"center\">\n<p>&nbsp;<\/p>\n<div id=\"beacon_17aa12bde3\"><img loading=\"lazy\" decoding=\"async\" src=\"https:\/\/ads.adsense.al\/www\/delivery\/lg.php?bannerid=0&amp;campaignid=0&amp;zoneid=138&amp;loc=https%3A%2F%2Fboldnews.al%2F2026%2F04%2F30%2Flefter-maliqi-degjeneron-albatros-rexhajn-e-nxjerr-nga-studio-e-report-tv-video%2F&amp;referer=https%3A%2F%2Fboldnews.al%2Fcategory%2Faktualitet%2F&amp;cb=17aa12bde3\" alt=\"\" width=\"0\" height=\"0\" \/><\/div>\n<p>&nbsp;<\/p>\n<\/div>\n<\/div>\n<\/div>\n<\/div>\n","protected":false},"excerpt":{"rendered":"<p>Publicisti Albatros Rexhaj \u00ebsht\u00eb larguar nga studio e emisionit n\u00eb Report TV pas nj\u00eb p\u00ebrplasjeje me ish-deputetin Lefter Maliqi. Teksa u pyet se pse protestat e opozit\u00ebs nuk frym\u00ebzojn\u00eb, Rexhaj tha se kur flasin Maliqi apo t\u00eb tjer\u00eb, njer\u00ebzit nd\u00ebrrojn\u00eb kanalin e TV. Maliqi iu kund\u00ebrp\u00ebrgjigj menj\u00ebher\u00eb duke i th\u00ebn\u00eb se\u00a0\u201ckur njer\u00ebzit d\u00ebgjojn\u00eb duke folur &hellip;<\/p>\n","protected":false},"author":4,"featured_media":141674,"comment_status":"closed","ping_status":"closed","sticky":false,"template":"","format":"standard","meta":{"footnotes":""},"categories":[37],"tags":[],"class_list":["post-141670","post","type-post","status-publish","format-standard","has-post-thumbnail","","category-politike"],"_links":{"self":[{"href":"https:\/\/rdnews.al\/index.php\/wp-json\/wp\/v2\/posts\/141670","targetHints":{"allow":["GET"]}}],"collection":[{"href":"https:\/\/rdnews.al\/index.php\/wp-json\/wp\/v2\/posts"}],"about":[{"href":"https:\/\/rdnews.al\/index.php\/wp-json\/wp\/v2\/types\/post"}],"author":[{"embeddable":true,"href":"https:\/\/rdnews.al\/index.php\/wp-json\/wp\/v2\/users\/4"}],"replies":[{"embeddable":true,"href":"https:\/\/rdnews.al\/index.php\/wp-json\/wp\/v2\/comments?post=141670"}],"version-history":[{"count":6,"href":"https:\/\/rdnews.al\/index.php\/wp-json\/wp\/v2\/posts\/141670\/revisions"}],"predecessor-version":[{"id":141679,"href":"https:\/\/rdnews.al\/index.php\/wp-json\/wp\/v2\/posts\/141670\/revisions\/141679"}],"wp:featuredmedia":[{"embeddable":true,"href":"https:\/\/rdnews.al\/index.php\/wp-json\/wp\/v2\/media\/141674"}],"wp:attachment":[{"href":"https:\/\/rdnews.al\/index.php\/wp-json\/wp\/v2\/media?parent=141670"}],"wp:term":[{"taxonomy":"category","embeddable":true,"href":"https:\/\/rdnews.al\/index.php\/wp-json\/wp\/v2\/categories?post=141670"},{"taxonomy":"post_tag","embeddable":true,"href":"https:\/\/rdnews.al\/index.php\/wp-json\/wp\/v2\/tags?post=141670"}],"curies":[{"name":"wp","href":"https:\/\/api.w.org\/{rel}","templated":true}]}}