{"id":141688,"date":"2026-04-30T19:47:56","date_gmt":"2026-04-30T19:47:56","guid":{"rendered":"https:\/\/rdnews.al\/?p=141688"},"modified":"2026-04-30T20:07:40","modified_gmt":"2026-04-30T20:07:40","slug":"deshmia-ne-gjykate-gazetari-con-drejt-burgut-taulant-ballen","status":"publish","type":"post","link":"https:\/\/rdnews.al\/index.php\/2026\/04\/30\/deshmia-ne-gjykate-gazetari-con-drejt-burgut-taulant-ballen\/","title":{"rendered":"D\u00ebshmia n\u00eb gjykat\u00eb\/ Gazetari \u00e7on drejt burgut Taulant Ball\u00ebn"},"content":{"rendered":"<p>N\u00eb d\u00ebshmin\u00eb e dh\u00ebn\u00eb n\u00eb Gjykat\u00eb Taulant Balla \u00ebsht\u00eb t\u00ebrhequr nga denoncimi q\u00eb ka b\u00ebr\u00eb si Kryetar i grupit parlamentar t\u00eb PS dhe si deputet dhe \u00ebsht\u00eb deklaruar se e ka d\u00ebr\u00eb denoncimin si qytetar. Balla shkoi edhe m\u00eb tej n\u00eb gjykat\u00eb n\u00eb p\u00ebrballjen me Maltezin duke deklaruar se informacionet n\u00eb lidhje me dosjen \u201cPartizani\u201d i kishte marr\u00eb nga media.<\/p>\n<p>Kjo \u00ebsht\u00eb edhe nj\u00eb nga gafat m\u00eb t\u00eb r\u00ebnda t\u00eb Ball\u00ebs. Ai \u00ebst\u00eb kapur n\u00eb mashtrim dhe kall\u00ebzim t\u00eb rem\u00eb.<\/p>\n<p>Gazetari Artan Hoxha deklaroi n\u00eb media se d\u00ebshmia e Ball\u00ebs \u00ebsht\u00eb e g\u00ebnjesht\u00ebr. Ai kujtoi se denoncimi i Ball\u00ebs n\u00eb SPAK n\u00eb lidhje me dosjen \u201cPartizani\u201d \u00ebsht\u00eb b\u00ebr\u00eb n\u00eb n\u00ebntor 2021, nd\u00ebrsa investigimi i t\u00eb keqp\u00ebrdorurit t\u00eb Ram\u00ebs, Bolino n\u00eb median e tij nuk \u00ebsht\u00eb b\u00ebr\u00eb p\u00ebrpara denoncimit, sikurse pretendonte Balla, por \u00ebsht\u00eb b\u00ebr\u00eb tre \u00a0muaj pas denoncimit t\u00eb Ball\u00ebs n\u00eb SPAK.<\/p>\n<p>Publikisht Balla sot ka mashtruar n\u00ebn betim gjykat\u00ebn dhe kjo e detyron Gjykat\u00ebn ta marr\u00eb at\u00eb t\u00eb pandehur. Investigimi i gazetarit Hoxha n\u00eb fakt \u00e7on drejt burgut Ball\u00ebn sepse ka mashtruar gjykat\u00ebn n\u00eb p\u00ebrpjekje p\u00ebr ti ikur p\u00ebrgjegj\u00ebsis\u00eb ligjore q\u00eb ka n\u00eb lidhje me denoncimin e b\u00ebr\u00eb n\u00eb SPAK p\u00ebr dosjen \u201cPartizani\u201d.<\/p>\n<div id=\"rekl-57\"><strong>Deklarata e gazetarit Artan Hoxha<\/strong><\/div>\n<p>\u2018N\u00eb k\u00ebt\u00eb proces \u00ebsht\u00eb interesant fakti q\u00eb do t\u00eb d\u00ebshmojn\u00eb politikan\u00eb t\u00eb nivelit t\u00eb lart\u00eb, p\u00ebrfshir\u00eb kryeministrin dhe kryetarin e grupit parlamentar t\u00eb partis\u00eb mazhoranc\u00ebs q\u00eb \u00ebsht\u00eb sot n\u00eb pushtet. Gj\u00eb t\u00eb cil\u00ebn SPAK-u duhet ta kishte b\u00ebr\u00eb gjat\u00eb faz\u00ebs hetimore.<\/p>\n<p>Pra, SPAK-u duhet t&#8217;i kishte thirrur paraprakisht si persona, pra minimalisht duhet t&#8217;i th\u00ebrriste si persona q\u00eb kan\u00eb dijeni mbi \u00e7\u00ebshtjen. Balla p\u00ebr shkak se \u00ebsht\u00eb kall\u00ebzuesi dhe Rama p\u00ebr shkak se shfaqet n\u00eb momentet kruciale t\u00eb \u00e7\u00ebshtjes. Si ish-kryetari i Bashkis\u00eb Tiran\u00eb, i cili ka hedhur firm\u00ebn e vet n\u00eb dokumentacionin q\u00eb \u00ebsht\u00eb p\u00ebrcjell\u00eb pastaj m\u00eb mbrapa n\u00eb strukturat e tjera shtet\u00ebrore.<\/p>\n<p>K\u00ebshtu q\u00eb SPAK-u nuk e b\u00ebri k\u00ebt\u00eb gj\u00eb, nuk pati kurajo. Dhe ajo q\u00eb na u shit neve pastaj si arritje e madhe q\u00eb po i th\u00ebrresin d\u00ebshmitar\u00eb n\u00eb gjykat\u00eb, kjo \u00ebsht\u00eb gj\u00ebja m\u00eb normale, do vijn\u00eb t\u00eb thirren si d\u00ebshmitar\u00eb. Dhe si d\u00ebshmitar\u00eb po i th\u00ebrret pala e d\u00ebmtuar, pra pala q\u00eb n\u00eb k\u00ebt\u00eb \u00e7\u00ebshtje \u00ebsht\u00eb e akuzuar, n\u00eb vend, gj\u00eb t\u00eb cil\u00ebn duhet ta kishte b\u00ebr\u00eb SPAK-u pa ardhur n\u00eb procesin gjyq\u00ebsor. Gjithsesi, sot ndodhemi para k\u00ebtij fakti. Tek d\u00ebshmia prej afro tre or\u00ebsh q\u00eb dha zoti Balla, i cili \u00ebsht\u00eb dhe, thash\u00eb, kall\u00ebzuesi, kishte di\u00e7ka q\u00eb k\u00ebrciste dhe zoti Balla, duke qen\u00eb q\u00eb \u00ebsht\u00eb dhe jurist, ose duhet t\u00eb ishte konsultuar ose duhet t\u00eb ishte m\u00eb i v\u00ebmendsh\u00ebm.<\/p>\n<p>Kush \u00ebsht\u00eb problemi q\u00eb pash\u00eb te d\u00ebshmia e Ball\u00ebs sot? Te d\u00ebshmia e Ball\u00ebs, pra, at\u00eb q\u00eb e tha dhe kolegu pak m\u00eb par\u00eb, Fatjoni, pra Balla \u00ebsht\u00eb p\u00ebrpjekur q\u00eb pjes\u00ebn e kall\u00ebzimit, pjes\u00ebn e kall\u00ebzimit, t\u00eb cil\u00ebn SPAK-u mund ta merrte dhe nga media, kishte 1000 mund\u00ebsi t\u00eb tjera, pra mund ta mbulonte n\u00eb nj\u00eb form\u00eb tjet\u00ebr, ai u p\u00ebrpoq t&#8217;ia jepte medias dhe kryesisht t&#8217;ia atribuonte medias s\u00eb, mos gaboj, Shqiptarja.com dhe Report TV, t\u00eb cil\u00ebt kan\u00eb b\u00ebr\u00eb nj\u00eb, kan\u00eb b\u00ebr\u00eb tre cikle at\u00ebher\u00eb emisionesh dhe shkrimesh n\u00eb lidhje me k\u00ebt\u00eb \u00e7\u00ebshtje, pra me \u00e7\u00ebshtjen e kompleksit Partizani.<\/p>\n<p>\u00c7far\u00eb ndodh tani? Dhe ku k\u00ebrcet \u00e7\u00ebshtja? Dhe ku Balla at\u00eb q\u00eb thot\u00eb nuk i mbaj mend datat, ka b\u00ebr\u00eb mir\u00eb. Se po t\u00eb thoshte data, do i hapte probleme vetes. Tani, pse \u00ebsht\u00eb e pabesueshme ajo q\u00eb thot\u00eb Taulant Balla? Dhe pse Taulant Balla nuk duhet t&#8217;i referohet medias? Sepse, kall\u00ebzimi i Taulant Ball\u00ebs \u00ebsht\u00eb b\u00ebr\u00eb sakt\u00ebsisht n\u00eb dat\u00ebn 17 n\u00ebntor 2020.<\/p>\n<p>Nd\u00ebrkoh\u00eb, \u00e7\u00ebshtja \u00ebsht\u00eb regjistruar n\u00eb SPAK n\u00eb 1 dhjetor t\u00eb 2020-\u00ebs. Pra gati dy jav\u00eb m\u00eb mbrapa. Sa filloi pun\u00ebn SPAK-u. \u00c7far\u00eb ndodh? Investigimet e Shqiptarja.com dhe Report TV jan\u00eb b\u00ebr\u00eb sakt\u00ebsisht: i pari n\u00eb dat\u00ebn 15 shkurt 2021, i dyti 17 shkurt 2021 dhe i treti 22 shkurt 2021. Pra, kur \u00ebsht\u00eb b\u00ebr\u00eb kall\u00ebzimi, nuk kan\u00eb ekzistuar k\u00ebto?<\/p>\n<p>Dhe k\u00ebt\u00eb ai duhet ta ket\u00eb t\u00eb qart\u00eb, nj\u00eb verifikim t\u00eb hynte n\u00eb Google dhe do ta shikonte q\u00eb s&#8217;mund t&#8217;i referohesh dot medias. Media t\u00eb ka mb\u00ebshtetur mbrapa. Pra, ti nuk ke marr\u00eb spunto nga materialet e medias. \u00cbsht\u00eb e kund\u00ebrta. Media ka marr\u00eb spunto nga kall\u00ebzimi.<\/p>\n<p>Kall\u00ebzimi \u00ebsht\u00eb b\u00ebr\u00eb para se media t\u00eb nxjerri&#8230; Se p\u00ebr k\u00ebto b\u00ebhet fjal\u00eb, p\u00ebr k\u00ebto histori, p\u00ebr k\u00ebto investigime apo histori apo quajini si t\u00eb doni, dhe k\u00ebtu i referohej zoti Balla dhe tha, media ka dh\u00ebn\u00eb nj\u00eb kontribut t\u00eb madh.<\/p>\n<p>N\u00eb fakt, kall\u00ebzimi \u00ebsht\u00eb b\u00ebr\u00eb pa patur n\u00eb referim media. Un\u00eb e kam lexuar at\u00eb kall\u00ebzimin, nuk i referohet asnj\u00eb medie. Kall\u00ebzimi \u00ebsht\u00eb i past\u00ebr, duket q\u00eb nuk \u00ebsht\u00eb b\u00ebr\u00eb nga ndonj\u00eb qytetar i thjesht\u00eb, \u00ebsht\u00eb b\u00ebr\u00eb nga profesionist\u00eb\u2019, <em>&#8211;\u00a0<\/em>u shpreh gazetari Artan Hoxha n\u00eb SYRI TV.<\/p>\n","protected":false},"excerpt":{"rendered":"<p>N\u00eb d\u00ebshmin\u00eb e dh\u00ebn\u00eb n\u00eb Gjykat\u00eb Taulant Balla \u00ebsht\u00eb t\u00ebrhequr nga denoncimi q\u00eb ka b\u00ebr\u00eb si Kryetar i grupit parlamentar t\u00eb PS dhe si deputet dhe \u00ebsht\u00eb deklaruar se e ka d\u00ebr\u00eb denoncimin si qytetar. Balla shkoi edhe m\u00eb tej n\u00eb gjykat\u00eb n\u00eb p\u00ebrballjen me Maltezin duke deklaruar se informacionet n\u00eb lidhje me dosjen \u201cPartizani\u201d &hellip;<\/p>\n","protected":false},"author":3,"featured_media":141700,"comment_status":"closed","ping_status":"closed","sticky":false,"template":"","format":"standard","meta":{"footnotes":""},"categories":[37],"tags":[],"class_list":["post-141688","post","type-post","status-publish","format-standard","has-post-thumbnail","","category-politike"],"_links":{"self":[{"href":"https:\/\/rdnews.al\/index.php\/wp-json\/wp\/v2\/posts\/141688","targetHints":{"allow":["GET"]}}],"collection":[{"href":"https:\/\/rdnews.al\/index.php\/wp-json\/wp\/v2\/posts"}],"about":[{"href":"https:\/\/rdnews.al\/index.php\/wp-json\/wp\/v2\/types\/post"}],"author":[{"embeddable":true,"href":"https:\/\/rdnews.al\/index.php\/wp-json\/wp\/v2\/users\/3"}],"replies":[{"embeddable":true,"href":"https:\/\/rdnews.al\/index.php\/wp-json\/wp\/v2\/comments?post=141688"}],"version-history":[{"count":4,"href":"https:\/\/rdnews.al\/index.php\/wp-json\/wp\/v2\/posts\/141688\/revisions"}],"predecessor-version":[{"id":141699,"href":"https:\/\/rdnews.al\/index.php\/wp-json\/wp\/v2\/posts\/141688\/revisions\/141699"}],"wp:featuredmedia":[{"embeddable":true,"href":"https:\/\/rdnews.al\/index.php\/wp-json\/wp\/v2\/media\/141700"}],"wp:attachment":[{"href":"https:\/\/rdnews.al\/index.php\/wp-json\/wp\/v2\/media?parent=141688"}],"wp:term":[{"taxonomy":"category","embeddable":true,"href":"https:\/\/rdnews.al\/index.php\/wp-json\/wp\/v2\/categories?post=141688"},{"taxonomy":"post_tag","embeddable":true,"href":"https:\/\/rdnews.al\/index.php\/wp-json\/wp\/v2\/tags?post=141688"}],"curies":[{"name":"wp","href":"https:\/\/api.w.org\/{rel}","templated":true}]}}