{"id":141691,"date":"2026-04-30T19:58:31","date_gmt":"2026-04-30T19:58:31","guid":{"rendered":"https:\/\/rdnews.al\/?p=141691"},"modified":"2026-04-30T20:09:00","modified_gmt":"2026-04-30T20:09:00","slug":"skandali-ne-gykate-balla-nuk-e-di-per-cfare-e-ka-akzuar-berishen-dhe-malltezin-debati","status":"publish","type":"post","link":"https:\/\/rdnews.al\/index.php\/2026\/04\/30\/skandali-ne-gykate-balla-nuk-e-di-per-cfare-e-ka-akzuar-berishen-dhe-malltezin-debati\/","title":{"rendered":"Skandali n\u00eb Gjykat\u00eb\/ Balla nuk e di p\u00ebr \u00e7far\u00eb e ka akuzuar Berish\u00ebn dhe Malltezin, debati&#8230;"},"content":{"rendered":"<div class=\"xdj266r x14z9mp xat24cr x1lziwak x1vvkbs x126k92a\">\n<div dir=\"auto\">Gjat\u00eb seanc\u00ebs s\u00eb sotme p\u00ebr dosjen \u201cPartizani\u201d denoncuesi Taulant Balla q\u00eb mashtroi ne pjes\u00ebn e par\u00eb t\u00eb d\u00ebshmis\u00eb pas pyetjeve te Malltezit, u \u00ebsht\u00eb p\u00ebrgjigjur edhe pyetjeve t\u00eb avokatit Sokol M\u00ebngjesi. Edhe n\u00eb k\u00ebto shpjegime ai nuk ka mundur q\u00eb t\u00eb sqaroj\u00eb se ku \u00ebsht\u00eb paligjshm\u00ebria n\u00eb t\u00eb gjith\u00eb k\u00ebt\u00eb \u00e7\u00ebshtje. K\u00ebrkes\u00ebs s\u00eb avokatit q\u00eb t\u00eb paraqiste si akuzues, nj\u00eb fakt a dokument, ku e bazonte korrupsionin, Balla i \u00ebsht\u00eb p\u00ebrgjigjur se, \u201ck\u00ebshtu e mendoj\u201d. Duke mos mundur t\u00eb jap\u00eb asnj\u00eb shpjegim p\u00ebr akuzat e tij politike dhe ndikimin tek drejt\u00ebsia q\u00eb kjo \u00e7\u00ebshtje t\u00eb hetohet politikisht vet\u00ebm p\u00ebr t\u00eb goditur kreun e PD Berisha.<\/div>\n<\/div>\n<div class=\"x14z9mp xat24cr x1lziwak x1vvkbs xtlvy1s x126k92a\">\n<div dir=\"auto\"><\/div>\n<div dir=\"auto\"><strong>Sokol M\u00ebngjesi:<\/strong> ku e bazoni kundraligjshm\u00ebrin\u00eb?<\/div>\n<\/div>\n<div class=\"x14z9mp xat24cr x1lziwak x1vvkbs xtlvy1s x126k92a\">\n<div dir=\"auto\"><strong>Balla:<\/strong> E b\u00ebra sqarimin tim, \u00ebsht\u00eb n\u00eb prokurori dhe kall\u00ebzimin tim<\/div>\n<\/div>\n<div class=\"x14z9mp xat24cr x1lziwak x1vvkbs xtlvy1s x126k92a\">\n<div dir=\"auto\"><\/div>\n<div dir=\"auto\"><strong>M\u00ebngjesi:<\/strong> Na refero disa fakte q\u00eb ke hetuar vet\u00eb apo i ke par\u00eb nga dokumentacioni?<\/div>\n<\/div>\n<div class=\"x14z9mp xat24cr x1lziwak x1vvkbs xtlvy1s x126k92a\">\n<div dir=\"auto\"><strong>Balla<\/strong>: s\u2019kemi t\u00eb b\u00ebjm\u00eb me rast tipik t\u00eb korrupsionit dhe fshehjes s\u00eb pasuris\u00eb. B\u00ebhet fjal\u00eb p\u00ebr nj\u00eb pron\u00eb t\u00eb MM privatizohet, kthehet prona, krijohet kompani, nd\u00ebrtohet\u2026. Faktet jan\u00eb n\u00eb nenet e kodit penal. Mbi t\u00eb cilat mb\u00ebshtetet arsyetimi im<\/div>\n<\/div>\n<div class=\"x14z9mp xat24cr x1lziwak x1vvkbs xtlvy1s x126k92a\">\n<div dir=\"auto\"><\/div>\n<div dir=\"auto\"><strong>M\u00ebngjesi:<\/strong> nj\u00eb fakt a dokument, ku e bazon korrupsionin<\/div>\n<\/div>\n<div class=\"x14z9mp xat24cr x1lziwak x1vvkbs xtlvy1s x126k92a\">\n<div dir=\"auto\"><strong>Balla<\/strong>: e mendoj k\u00ebshtu<\/div>\n<\/div>\n<div class=\"x14z9mp xat24cr x1lziwak x1vvkbs xtlvy1s x126k92a\">\n<div dir=\"auto\"><\/div>\n<div dir=\"auto\"><strong>Elsa Ulliri<\/strong>: pa menduar<\/div>\n<\/div>\n<div class=\"x14z9mp xat24cr x1lziwak x1vvkbs xtlvy1s x126k92a\">\n<div dir=\"auto\"><strong>Balla:<\/strong> Pa menduar se them dot. Jemi para nj\u00eb rasti se si nj\u00eb person i lidhur me person me pushtet publik, krijon kompani, marr\u00ebveshje, pasuri dhe i shkon pasuria personit me pushtet. Kam treguar fakte ae si nj\u00eb personi t\u00eb lidhur me pushtetin i kthehet prona brenda dit\u00ebs<\/div>\n<\/div>\n<div class=\"x14z9mp xat24cr x1lziwak x1vvkbs xtlvy1s x126k92a\">\n<div dir=\"auto\"><\/div>\n<div dir=\"auto\">M\u00ebngjesi: kush e privatizon, n\u00ebse ka qen\u00eb pron\u00eb e ushtris\u00eb, ndodhet n\u00eb tok\u00eb t\u00eb privatit dhe strukturat shtet\u00ebrore e nxjerrin n\u00eb privatizim, kush e privatizon?<\/div>\n<\/div>\n<div class=\"x14z9mp xat24cr x1lziwak x1vvkbs xtlvy1s x126k92a\">\n<div dir=\"auto\"><\/div>\n<div dir=\"auto\"><strong>Balla<\/strong>: Sht\u00ebpia qendrore e ushtris\u00eb ndodhet sot n\u00eb pran\u00eb private, pse si kthehet kjo pronarit t\u00eb truallit nd\u00ebrkoh\u00eb partizani i kthehet. Mendoj se ka favorizim. Personat e kall\u00ebzuar prej meje Berisha, Malltezi dhe persona t\u00eb tjer\u00eb e kan\u00eb mund\u00ebsuar privatizimin.<\/div>\n<\/div>\n<div class=\"x14z9mp xat24cr x1lziwak x1vvkbs xtlvy1s x126k92a\">\n<div dir=\"auto\"><\/div>\n<div dir=\"auto\"><strong>M\u00ebngjesi<\/strong>: Berisha dhe Malltezi \u00e7far\u00eb kan\u00eb b\u00ebr\u00eb nj\u00eb veprim konkret?<\/div>\n<\/div>\n<div class=\"x14z9mp xat24cr x1lziwak x1vvkbs xtlvy1s x126k92a\">\n<div dir=\"auto\"><strong>Balla<\/strong>: T\u00eb dh\u00ebnat q\u00eb kam patur i kam dh\u00ebn\u00eb n\u00eb kall\u00ebzim.<\/div>\n<\/div>\n<div class=\"x14z9mp xat24cr x1lziwak x1vvkbs xtlvy1s x126k92a\">\n<div dir=\"auto\">M\u00ebngjesi: Un\u00eb nuk di gj\u00eb nga kall\u00ebzimi, mund t\u00eb na e thuash<\/div>\n<\/div>\n","protected":false},"excerpt":{"rendered":"<p>Gjat\u00eb seanc\u00ebs s\u00eb sotme p\u00ebr dosjen \u201cPartizani\u201d denoncuesi Taulant Balla q\u00eb mashtroi ne pjes\u00ebn e par\u00eb t\u00eb d\u00ebshmis\u00eb pas pyetjeve te Malltezit, u \u00ebsht\u00eb p\u00ebrgjigjur edhe pyetjeve t\u00eb avokatit Sokol M\u00ebngjesi. Edhe n\u00eb k\u00ebto shpjegime ai nuk ka mundur q\u00eb t\u00eb sqaroj\u00eb se ku \u00ebsht\u00eb paligjshm\u00ebria n\u00eb t\u00eb gjith\u00eb k\u00ebt\u00eb \u00e7\u00ebshtje. K\u00ebrkes\u00ebs s\u00eb avokatit q\u00eb &hellip;<\/p>\n","protected":false},"author":3,"featured_media":141693,"comment_status":"closed","ping_status":"closed","sticky":false,"template":"","format":"standard","meta":{"footnotes":""},"categories":[37],"tags":[],"class_list":["post-141691","post","type-post","status-publish","format-standard","has-post-thumbnail","","category-politike"],"_links":{"self":[{"href":"https:\/\/rdnews.al\/index.php\/wp-json\/wp\/v2\/posts\/141691","targetHints":{"allow":["GET"]}}],"collection":[{"href":"https:\/\/rdnews.al\/index.php\/wp-json\/wp\/v2\/posts"}],"about":[{"href":"https:\/\/rdnews.al\/index.php\/wp-json\/wp\/v2\/types\/post"}],"author":[{"embeddable":true,"href":"https:\/\/rdnews.al\/index.php\/wp-json\/wp\/v2\/users\/3"}],"replies":[{"embeddable":true,"href":"https:\/\/rdnews.al\/index.php\/wp-json\/wp\/v2\/comments?post=141691"}],"version-history":[{"count":3,"href":"https:\/\/rdnews.al\/index.php\/wp-json\/wp\/v2\/posts\/141691\/revisions"}],"predecessor-version":[{"id":141701,"href":"https:\/\/rdnews.al\/index.php\/wp-json\/wp\/v2\/posts\/141691\/revisions\/141701"}],"wp:featuredmedia":[{"embeddable":true,"href":"https:\/\/rdnews.al\/index.php\/wp-json\/wp\/v2\/media\/141693"}],"wp:attachment":[{"href":"https:\/\/rdnews.al\/index.php\/wp-json\/wp\/v2\/media?parent=141691"}],"wp:term":[{"taxonomy":"category","embeddable":true,"href":"https:\/\/rdnews.al\/index.php\/wp-json\/wp\/v2\/categories?post=141691"},{"taxonomy":"post_tag","embeddable":true,"href":"https:\/\/rdnews.al\/index.php\/wp-json\/wp\/v2\/tags?post=141691"}],"curies":[{"name":"wp","href":"https:\/\/api.w.org\/{rel}","templated":true}]}}