{"id":141702,"date":"2026-04-30T20:22:24","date_gmt":"2026-04-30T20:22:24","guid":{"rendered":"https:\/\/rdnews.al\/?p=141702"},"modified":"2026-04-30T20:26:50","modified_gmt":"2026-04-30T20:26:50","slug":"perse-duhet-falenderuar-taulant-balla","status":"publish","type":"post","link":"https:\/\/rdnews.al\/index.php\/2026\/04\/30\/perse-duhet-falenderuar-taulant-balla\/","title":{"rendered":"P\u00ebrse duhet falenderuar Taulant Balla"},"content":{"rendered":"<p><strong>&#8220;RD&#8221;<\/strong><\/p>\n<p><strong>Sepse si nj\u00eb idiot i trembur pranoi sot publikisht para gjykat\u00ebs se \u00ebsht\u00eb keqp\u00ebrdorur nga shefi i tij p\u00ebr t\u00eb b\u00ebr\u00eb nj\u00eb denoncim ndaj Sali Berish\u00ebs dhe Jamarb\u00ebr Malltezit p\u00ebr t\u00eb cilin ai d\u00ebshmoi se nuk kishte asnj\u00eb informacion, ndon\u00ebse \u00ebsht\u00eb ai q\u00eb e ka b\u00ebr\u00eb denoncimin n\u00eb SPAK.<\/strong><\/p>\n<p><strong>Sepse si nj\u00eb frikacak mohoi q\u00eb t\u00eb ishte autori i dojes duke ekspozuar shefin e tij dhe duke dashur ta kaloj\u00eb barr\u00ebn e p\u00ebrgjegj\u00ebsis\u00eb p\u00ebr mashtrimin e b\u00ebr\u00eb me denoncimin tek Carlo i Edit.<\/strong><\/p>\n<p><strong>Sepse genjeu kur tha se denoncimin e ka b\u00ebr\u00eb si qytetar n\u00eb nj\u00eb koh\u00eb q\u00eb zyrtarisht ka deklaruar se denoncimin e ka b\u00ebr\u00eb si Kryetar i grupit parlamentar t\u00eb PS.\u00a0<\/strong><\/p>\n<p><strong>Sepse i tregoi, jo vet\u00ebm opinionit publik, por t\u00eb gjith\u00eb partner\u00ebve t\u00eb k\u00ebtij vendi se prokuror\u00eb t\u00eb SPAK jan\u00eb keqp\u00ebrdorur nga regjimi p\u00ebr procese politike ndaj opozit\u00ebs.<\/strong><\/p>\n<p><strong>Sepse me d\u00ebshmin\u00eb e tij duke deklaruar se i kishte dh\u00ebn\u00eb 10 detyra SPAK p\u00ebr k\u00ebt\u00eb dosje i tregoi t\u00eb gjith\u00ebve brenda dhe jasht\u00eb k\u00ebtij vendi se tutori i k\u00ebtyre prokuror\u00ebve \u00ebsht\u00eb kreu i regjimit.<\/strong><\/p>\n<p><strong>Sepse i tregoi edhe atyre q\u00eb ende kishin ndonj\u00eb dyshim, se drejt\u00ebisa n\u00eb Shqip\u00ebri \u00ebsht\u00eb n\u00eb duart e\u00a0 nj\u00eb grushti mercenar\u00ebsh politik\u00eb q\u00eb opozit\u00ebn e konsiderojn\u00eb si \u201carmikun e klas\u00ebs\u201d dhe jan\u00eb n\u00eb sh\u00ebrbim t\u00eb mbajtjes n\u00eb k\u00ebmb\u00eb t\u00eb regjimit m\u00eb kriminal q\u00eb Europa ka njohur n\u00eb dekad\u00ebn e fundit.<\/strong><\/p>\n<p><strong>Dhe mbi t\u00eb gjitha, se bindi k\u00ebdo n\u00eb pafaj\u00ebsin\u00eb e akuzuesve t\u00eb tij.<\/strong><\/p>\n","protected":false},"excerpt":{"rendered":"<p>&#8220;RD&#8221; Sepse si nj\u00eb idiot i trembur pranoi sot publikisht para gjykat\u00ebs se \u00ebsht\u00eb keqp\u00ebrdorur nga shefi i tij p\u00ebr t\u00eb b\u00ebr\u00eb nj\u00eb denoncim ndaj Sali Berish\u00ebs dhe Jamarb\u00ebr Malltezit p\u00ebr t\u00eb cilin ai d\u00ebshmoi se nuk kishte asnj\u00eb informacion, ndon\u00ebse \u00ebsht\u00eb ai q\u00eb e ka b\u00ebr\u00eb denoncimin n\u00eb SPAK. Sepse si nj\u00eb frikacak mohoi &hellip;<\/p>\n","protected":false},"author":3,"featured_media":141703,"comment_status":"closed","ping_status":"closed","sticky":false,"template":"","format":"standard","meta":{"footnotes":""},"categories":[37],"tags":[],"class_list":["post-141702","post","type-post","status-publish","format-standard","has-post-thumbnail","","category-politike"],"_links":{"self":[{"href":"https:\/\/rdnews.al\/index.php\/wp-json\/wp\/v2\/posts\/141702","targetHints":{"allow":["GET"]}}],"collection":[{"href":"https:\/\/rdnews.al\/index.php\/wp-json\/wp\/v2\/posts"}],"about":[{"href":"https:\/\/rdnews.al\/index.php\/wp-json\/wp\/v2\/types\/post"}],"author":[{"embeddable":true,"href":"https:\/\/rdnews.al\/index.php\/wp-json\/wp\/v2\/users\/3"}],"replies":[{"embeddable":true,"href":"https:\/\/rdnews.al\/index.php\/wp-json\/wp\/v2\/comments?post=141702"}],"version-history":[{"count":3,"href":"https:\/\/rdnews.al\/index.php\/wp-json\/wp\/v2\/posts\/141702\/revisions"}],"predecessor-version":[{"id":141706,"href":"https:\/\/rdnews.al\/index.php\/wp-json\/wp\/v2\/posts\/141702\/revisions\/141706"}],"wp:featuredmedia":[{"embeddable":true,"href":"https:\/\/rdnews.al\/index.php\/wp-json\/wp\/v2\/media\/141703"}],"wp:attachment":[{"href":"https:\/\/rdnews.al\/index.php\/wp-json\/wp\/v2\/media?parent=141702"}],"wp:term":[{"taxonomy":"category","embeddable":true,"href":"https:\/\/rdnews.al\/index.php\/wp-json\/wp\/v2\/categories?post=141702"},{"taxonomy":"post_tag","embeddable":true,"href":"https:\/\/rdnews.al\/index.php\/wp-json\/wp\/v2\/tags?post=141702"}],"curies":[{"name":"wp","href":"https:\/\/api.w.org\/{rel}","templated":true}]}}