{"id":141707,"date":"2026-04-30T20:37:46","date_gmt":"2026-04-30T20:37:46","guid":{"rendered":"https:\/\/rdnews.al\/?p=141707"},"modified":"2026-04-30T20:37:46","modified_gmt":"2026-04-30T20:37:46","slug":"drejtori-i-burgjeve-i-shkon-ne-qeli-metes","status":"publish","type":"post","link":"https:\/\/rdnews.al\/index.php\/2026\/04\/30\/drejtori-i-burgjeve-i-shkon-ne-qeli-metes\/","title":{"rendered":"Drejtori i Burgjeve i shkon n\u00eb qeli Met\u00ebs"},"content":{"rendered":"<p><strong>PYETJE: A ka probleme me trajtimin tuaj? Avokati i Popullit ka deklaruar se tek ju jan\u00eb shkelur t\u00eb drejtat normale t\u00eb \u00e7do personi n\u00eb izolim. A \u00ebsht\u00eb \u00e7do gj\u00eb ok?<\/strong><\/p>\n<p><strong>P\u00cbRGJIGJE<\/strong>: Besoj se konstatimet dhe rekomandimet e Avokatit t\u00eb Popullit kan\u00eb qen\u00eb t\u00eb qarta dhe publike p\u00ebr shkeljen e t\u00eb drejtave t\u00eb mia.<\/p>\n<p>S\u00eb fundmi, pata rastin t\u00eb vizitohesha n\u00eb ambientet e ajrimit nga Drejtori i P\u00ebrgjithsh\u00ebm i ri i Burgjeve, Z.\u00a0 Adriatik Kupi.<\/p>\n<p>Biseda ishte konstruktive dhe un\u00eb do t\u2019ia parashtroj me shkrim k\u00ebrkesat e mia q\u00eb bazohen vet\u00ebm n\u00eb t\u00eb drejtat kushtetuese dhe Konvent\u00ebs Europiane t\u00eb t\u00eb Drejtave t\u00eb Njeriut.<\/p>\n<p>Por \u00ebsht\u00eb fakt se q\u00eb nga 2 korriku 2025, kur un\u00eb iu p\u00ebrgjigja disa pyetjeve t\u00eb gazetares Znj. Aida Toncica, jo vet\u00ebm q\u00eb u d\u00ebnova me izolim ekstrem, por kurr\u00eb nuk mu dor\u00ebzua vendimi i d\u00ebnimit n\u00eb dor\u00eb (!!!).<\/p>\n<p>Po e drejta e ankimit a ekziston n\u00eb Republik\u00ebn ton\u00eb?<\/p>\n","protected":false},"excerpt":{"rendered":"<p>PYETJE: A ka probleme me trajtimin tuaj? Avokati i Popullit ka deklaruar se tek ju jan\u00eb shkelur t\u00eb drejtat normale t\u00eb \u00e7do personi n\u00eb izolim. A \u00ebsht\u00eb \u00e7do gj\u00eb ok? P\u00cbRGJIGJE: Besoj se konstatimet dhe rekomandimet e Avokatit t\u00eb Popullit kan\u00eb qen\u00eb t\u00eb qarta dhe publike p\u00ebr shkeljen e t\u00eb drejtave t\u00eb mia. S\u00eb fundmi, &hellip;<\/p>\n","protected":false},"author":3,"featured_media":141708,"comment_status":"closed","ping_status":"closed","sticky":false,"template":"","format":"standard","meta":{"footnotes":""},"categories":[37],"tags":[],"class_list":["post-141707","post","type-post","status-publish","format-standard","has-post-thumbnail","","category-politike"],"_links":{"self":[{"href":"https:\/\/rdnews.al\/index.php\/wp-json\/wp\/v2\/posts\/141707","targetHints":{"allow":["GET"]}}],"collection":[{"href":"https:\/\/rdnews.al\/index.php\/wp-json\/wp\/v2\/posts"}],"about":[{"href":"https:\/\/rdnews.al\/index.php\/wp-json\/wp\/v2\/types\/post"}],"author":[{"embeddable":true,"href":"https:\/\/rdnews.al\/index.php\/wp-json\/wp\/v2\/users\/3"}],"replies":[{"embeddable":true,"href":"https:\/\/rdnews.al\/index.php\/wp-json\/wp\/v2\/comments?post=141707"}],"version-history":[{"count":1,"href":"https:\/\/rdnews.al\/index.php\/wp-json\/wp\/v2\/posts\/141707\/revisions"}],"predecessor-version":[{"id":141709,"href":"https:\/\/rdnews.al\/index.php\/wp-json\/wp\/v2\/posts\/141707\/revisions\/141709"}],"wp:featuredmedia":[{"embeddable":true,"href":"https:\/\/rdnews.al\/index.php\/wp-json\/wp\/v2\/media\/141708"}],"wp:attachment":[{"href":"https:\/\/rdnews.al\/index.php\/wp-json\/wp\/v2\/media?parent=141707"}],"wp:term":[{"taxonomy":"category","embeddable":true,"href":"https:\/\/rdnews.al\/index.php\/wp-json\/wp\/v2\/categories?post=141707"},{"taxonomy":"post_tag","embeddable":true,"href":"https:\/\/rdnews.al\/index.php\/wp-json\/wp\/v2\/tags?post=141707"}],"curies":[{"name":"wp","href":"https:\/\/api.w.org\/{rel}","templated":true}]}}