{"id":141713,"date":"2026-04-30T21:32:45","date_gmt":"2026-04-30T21:32:45","guid":{"rendered":"https:\/\/rdnews.al\/?p=141713"},"modified":"2026-04-30T21:32:45","modified_gmt":"2026-04-30T21:32:45","slug":"levizje-brenda-socialisteve-malaj-e-mbeshtes-spiropalin-nese-ndahet-nga-rama","status":"publish","type":"post","link":"https:\/\/rdnews.al\/index.php\/2026\/04\/30\/levizje-brenda-socialisteve-malaj-e-mbeshtes-spiropalin-nese-ndahet-nga-rama\/","title":{"rendered":"L\u00ebvizje brenda socialist\u00ebve\/ Malaj: E mb\u00ebshtes Spiropalin n\u00ebse ndahet nga Rama"},"content":{"rendered":"<p>Ish-ministri i Financave Arben Malaj komentoi n\u00eb emisionin Now n\u00eb Euronews Albania debatet e brendshme n\u00eb Partin\u00eb Socialiste pas p\u00ebrplasjes mes kreut t\u00eb partis\u00eb, Edi Rama dhe deputetes Elisa Spiropali.<\/p>\n<p>Sipas tij, e ardhmja e Spiropalit nuk duhet t\u00eb vendoset se \u00e7far\u00eb do t\u00eb b\u00ebj\u00eb Rama me t\u00eb, por t\u00eb dal\u00eb nga grupi parlamentar p\u00ebr t\u00eb sjell\u00eb di\u00e7ka t\u00eb re dhe shpres\u00ebdh\u00ebn\u00ebse.<\/p>\n<p>\u201cJemi n\u00eb nj\u00eb kriz\u00eb t\u00eb lidershipit politik, PS po shkon drejt fatit t\u00eb PASOK, do shp\u00ebrb\u00ebhet, do shkoj\u00eb n\u00eb pik\u00ebn e saj m\u00eb t\u00eb ul\u00ebt dhe kjo do t\u00eb jet\u00eb p\u00ebrgjegj\u00ebsi e atyre q\u00eb kan\u00eb besim t\u00eb verb\u00ebr ndaj kryetarit. Rotacionet kan\u00eb ndodhur kur \u00ebsht\u00eb \u00e7ar\u00eb partia n\u00eb pushtet, k\u00ebshtu ka ndodhur edhe n\u00eb rotacionin shqiptar.<\/p>\n<p>P\u00ebr Spiropalin po kuptoj nj\u00eb gj\u00eb, Rama nuk do t\u00eb nxitoj\u00eb ta p\u00ebrjashtoj\u00eb se nuk do t\u2019i l\u00ebr\u00eb koh\u00eb t\u00eb organizohet, kjo \u00ebsht\u00eb sfida e Spiropalit, do dal\u00eb p\u00ebrball\u00eb si\u00e7 b\u00ebri lideri n\u00eb Hungari apo do pres\u00eb\u201d, tha Malaj.<\/p>\n","protected":false},"excerpt":{"rendered":"<p>Ish-ministri i Financave Arben Malaj komentoi n\u00eb emisionin Now n\u00eb Euronews Albania debatet e brendshme n\u00eb Partin\u00eb Socialiste pas p\u00ebrplasjes mes kreut t\u00eb partis\u00eb, Edi Rama dhe deputetes Elisa Spiropali. Sipas tij, e ardhmja e Spiropalit nuk duhet t\u00eb vendoset se \u00e7far\u00eb do t\u00eb b\u00ebj\u00eb Rama me t\u00eb, por t\u00eb dal\u00eb nga grupi parlamentar p\u00ebr &hellip;<\/p>\n","protected":false},"author":3,"featured_media":141714,"comment_status":"closed","ping_status":"closed","sticky":false,"template":"","format":"standard","meta":{"footnotes":""},"categories":[37],"tags":[],"class_list":["post-141713","post","type-post","status-publish","format-standard","has-post-thumbnail","","category-politike"],"_links":{"self":[{"href":"https:\/\/rdnews.al\/index.php\/wp-json\/wp\/v2\/posts\/141713","targetHints":{"allow":["GET"]}}],"collection":[{"href":"https:\/\/rdnews.al\/index.php\/wp-json\/wp\/v2\/posts"}],"about":[{"href":"https:\/\/rdnews.al\/index.php\/wp-json\/wp\/v2\/types\/post"}],"author":[{"embeddable":true,"href":"https:\/\/rdnews.al\/index.php\/wp-json\/wp\/v2\/users\/3"}],"replies":[{"embeddable":true,"href":"https:\/\/rdnews.al\/index.php\/wp-json\/wp\/v2\/comments?post=141713"}],"version-history":[{"count":1,"href":"https:\/\/rdnews.al\/index.php\/wp-json\/wp\/v2\/posts\/141713\/revisions"}],"predecessor-version":[{"id":141715,"href":"https:\/\/rdnews.al\/index.php\/wp-json\/wp\/v2\/posts\/141713\/revisions\/141715"}],"wp:featuredmedia":[{"embeddable":true,"href":"https:\/\/rdnews.al\/index.php\/wp-json\/wp\/v2\/media\/141714"}],"wp:attachment":[{"href":"https:\/\/rdnews.al\/index.php\/wp-json\/wp\/v2\/media?parent=141713"}],"wp:term":[{"taxonomy":"category","embeddable":true,"href":"https:\/\/rdnews.al\/index.php\/wp-json\/wp\/v2\/categories?post=141713"},{"taxonomy":"post_tag","embeddable":true,"href":"https:\/\/rdnews.al\/index.php\/wp-json\/wp\/v2\/tags?post=141713"}],"curies":[{"name":"wp","href":"https:\/\/api.w.org\/{rel}","templated":true}]}}