{"id":141725,"date":"2026-05-01T08:51:30","date_gmt":"2026-05-01T08:51:30","guid":{"rendered":"https:\/\/rdnews.al\/?p=141725"},"modified":"2026-05-01T08:51:30","modified_gmt":"2026-05-01T08:51:30","slug":"pano-ne-tirane-qytetaret-nuk-thithin-ajer-por-bloze-bashkia-e-pranon-qe-ndotja-eshte-14-here-mbi-normat-e-lejuara","status":"publish","type":"post","link":"https:\/\/rdnews.al\/index.php\/2026\/05\/01\/pano-ne-tirane-qytetaret-nuk-thithin-ajer-por-bloze-bashkia-e-pranon-qe-ndotja-eshte-14-here-mbi-normat-e-lejuara\/","title":{"rendered":"Pano: N\u00eb Tiran\u00eb qytetar\u00ebt nuk thithin aj\u00ebr, por bloz\u00eb! Bashkia e pranon q\u00eb ndotja \u00ebsht\u00eb 14 her\u00eb mbi normat e lejuara"},"content":{"rendered":"<p><strong>Deklarata e an\u00ebtarit t\u00eb K\u00ebshillit bashkiak t\u00eb Tiran\u00ebs, Jonathan Pano:<\/strong><\/p>\n<p>T\u00eb nderuar qytetar\u00eb,<\/p>\n<p>Prej vitesh, Partia Demokratike ka denoncuar nj\u00eb t\u00eb v\u00ebrtet\u00eb t\u00eb hidhur p\u00ebr Tiran\u00ebn: kryeqyteti yn\u00eb nuk po zhvillohet p\u00ebr qytetar\u00ebt, por po shfryt\u00ebzohet kund\u00ebr tyre.<\/p>\n<p>Prej vitesh kemi denoncuar betonizimin pa kriter, trafikun e r\u00ebnduar, kantieret pa kontroll, munges\u00ebn e transportit publik dhe shkat\u00ebrrimin e cil\u00ebsis\u00eb s\u00eb jet\u00ebs n\u00eb Tiran\u00eb.<\/p>\n<p>P\u00ebr vite me radh\u00eb, Bashkia i ka quajtur k\u00ebto denoncime \u2018politik\u00eb\u2019. Por sot nuk \u00ebsht\u00eb m\u00eb vet\u00ebm opozita q\u00eb flet.<\/p>\n<p>Sot flet vet\u00eb dokumenti i Bashkis\u00eb s\u00eb Tiran\u00ebs.<\/p>\n<p>Dhe e thot\u00eb qart\u00eb: Tirana nuk merr frym\u00eb, por aj\u00ebr t\u00eb ndotur, shum\u00eb her\u00eb mbi normat e lejuara.<\/p>\n<p>N\u00eb dokumentin e vet zyrtar, Bashkia pranon nivele alarmante t\u00eb PM10, PM2.5 dhe plumbit n\u00eb pika ky\u00e7e t\u00eb qytetit.<\/p>\n<p>Le ta themi thjesht, q\u00eb ta kuptoj\u00eb \u00e7do qytetar.<\/p>\n<p>PM10 \u00ebsht\u00eb pluhuri i im\u00ebt q\u00eb qytetar\u00ebt e thithin \u00e7do dit\u00eb nga trafiku, nga rrug\u00ebt e bllokuara, nga kantieret, nga nd\u00ebrtimet dhe nga qyteti i kthyer n\u00eb nj\u00eb kantier t\u00eb pafund. Sipas dokumentit, n\u00eb pika ky\u00e7e t\u00eb Tiran\u00ebs, PM10 arrin 102.8 mikrogram\u00eb p\u00ebr met\u00ebr kub. Norma nga OBSH \u00ebsht\u00eb 15 mikrogram\u00eb p\u00ebr met\u00ebr kub.<\/p>\n<p>Pra, PM10 del thuajse 7 her\u00eb mbi normat e OBSH.<\/p>\n<p>PM10 nuk \u00ebsht\u00eb thjesht pluhur q\u00eb ndot xhamat apo rrug\u00ebt. Ai futet n\u00eb rrug\u00ebt e frym\u00ebmarrjes dhe p\u00ebrkeq\u00ebson astm\u00ebn, bronkitin dhe s\u00ebmundjet respiratore.<\/p>\n<p>Pastaj kemi PM2.5, grimcat edhe m\u00eb t\u00eb rrezikshme. Ato jan\u00eb aq t\u00eb im\u00ebta sa futen thell\u00eb n\u00eb mushk\u00ebri dhe lidhen me probleme serioze t\u00eb frym\u00ebmarrjes dhe t\u00eb zemr\u00ebs.<\/p>\n<p>Sipas t\u00eb nj\u00ebjtit document, n\u00eb pika ky\u00e7e t\u00eb Tiran\u00ebs, PM2.5 arrin 70.7 mikrogram\u00eb p\u00ebr met\u00ebr kub. Norma vjetore \u00ebsht\u00eb 5 mikrogram\u00eb p\u00ebr met\u00ebr kub. Pra, PM2.5 del 14\u00a0 her\u00eb mbi norm\u00eb.<\/p>\n<p>Edhe m\u00eb alarmant \u00ebsht\u00eb plumbi. Plumbi n\u00eb aj\u00ebr \u00ebsht\u00eb nj\u00eb k\u00ebrc\u00ebnim serioz p\u00ebr sh\u00ebndetin publik, sidomos p\u00ebr f\u00ebmij\u00ebt. Ai lidhet me d\u00ebmtime t\u00eb sistemit nervor, probleme n\u00eb zhvillim dhe pasoja afatgjata p\u00ebr sh\u00ebndetin.<\/p>\n<p>Dhe \u00e7far\u00eb thot\u00eb dokumenti i Bashkis\u00eb? N\u00eb pika ky\u00e7e t\u00eb Tiran\u00ebs, niveli i plumbit arrin 3.51 mikrogram\u00eb p\u00ebr met\u00ebr kub. Norma \u00ebsht\u00eb 0.5 mikrogram\u00eb p\u00ebr met\u00ebr kub. Pra, 7 her\u00eb mbi norm\u00eb.<\/p>\n<p>Kjo nuk \u00ebsht\u00eb m\u00eb thjesht ndotje, por k\u00ebrc\u00ebnim p\u00ebr sh\u00ebndetin publik. Esht\u00eb kamban\u00eb alarmi p\u00ebr \u00e7do prind n\u00eb Tiran\u00eb.<\/p>\n<p>Kush mban p\u00ebrgjegj\u00ebsi?<\/p>\n<p>Kush e ka drejtuar Tiran\u00ebn k\u00ebto 12 vite?<\/p>\n<p>Kush i ka firmosur lejet e nd\u00ebrtimit?<\/p>\n<p>Kush e ka kthyer \u00e7do cep t\u00eb qytetit n\u00eb kantier?<\/p>\n<p>Kush i ka shtuar kullat, por nuk ka shtuar rrug\u00ebt?<\/p>\n<p>Kush ka folur p\u00ebr qytet t\u00eb gjelb\u00ebr?<\/p>\n<p>Kush premtoi transport publik modern, por la qytetar\u00ebt n\u00eb trafik, pluhur dhe aj\u00ebr t\u00eb ndotur?<\/p>\n<p>P\u00ebrgjegj\u00ebsia \u00ebsht\u00eb politike.<\/p>\n<p>Dhe p\u00ebrgjegj\u00ebsia i takon atyre q\u00eb kan\u00eb 12 vite q\u00eb drejtojn\u00eb Tiran\u00ebn.<\/p>\n<p>Prandaj sot, nga selia e Partis\u00eb Demokratike, k\u00ebrkojm\u00eb masa t\u00eb menj\u00ebhershme.<\/p>\n<p>S\u00eb pari, publikim t\u00eb p\u00ebrditsh\u00ebm t\u00eb cil\u00ebsis\u00eb s\u00eb ajrit n\u00eb \u00e7do zon\u00eb problematike t\u00eb Tiran\u00ebs.<\/p>\n<p>S\u00eb dyti, kontroll t\u00eb menj\u00ebhersh\u00ebm t\u00eb \u00e7do kantieri nd\u00ebrtimi.<\/p>\n<p>S\u00eb treti, hetim t\u00eb menj\u00ebhersh\u00ebm p\u00ebr burimet e plumbit n\u00eb aj\u00ebr.<\/p>\n<p>S\u00eb kat\u00ebrti, plan emergjent p\u00ebr trafikun dhe transportin publik.<\/p>\n<p>S\u00eb pesti, p\u00ebrgjegj\u00ebsi politike.<\/p>\n<p>Partia Demokratike nuk do ta l\u00ebr\u00eb k\u00ebt\u00eb \u00e7\u00ebshtje t\u00eb mbyllet me nj\u00eb raport.<\/p>\n<p>Ne do ta ndjekim n\u00eb K\u00ebshillin Bashkiak.<\/p>\n<p>Do ta ndjekim n\u00eb institucione.<\/p>\n<p>Do ta ndjekim publikisht, \u00e7do dit\u00eb.<\/p>\n","protected":false},"excerpt":{"rendered":"<p>Deklarata e an\u00ebtarit t\u00eb K\u00ebshillit bashkiak t\u00eb Tiran\u00ebs, Jonathan Pano: T\u00eb nderuar qytetar\u00eb, Prej vitesh, Partia Demokratike ka denoncuar nj\u00eb t\u00eb v\u00ebrtet\u00eb t\u00eb hidhur p\u00ebr Tiran\u00ebn: kryeqyteti yn\u00eb nuk po zhvillohet p\u00ebr qytetar\u00ebt, por po shfryt\u00ebzohet kund\u00ebr tyre. Prej vitesh kemi denoncuar betonizimin pa kriter, trafikun e r\u00ebnduar, kantieret pa kontroll, munges\u00ebn e transportit publik &hellip;<\/p>\n","protected":false},"author":4,"featured_media":141726,"comment_status":"closed","ping_status":"closed","sticky":false,"template":"","format":"standard","meta":{"footnotes":""},"categories":[37],"tags":[],"class_list":["post-141725","post","type-post","status-publish","format-standard","has-post-thumbnail","","category-politike"],"_links":{"self":[{"href":"https:\/\/rdnews.al\/index.php\/wp-json\/wp\/v2\/posts\/141725","targetHints":{"allow":["GET"]}}],"collection":[{"href":"https:\/\/rdnews.al\/index.php\/wp-json\/wp\/v2\/posts"}],"about":[{"href":"https:\/\/rdnews.al\/index.php\/wp-json\/wp\/v2\/types\/post"}],"author":[{"embeddable":true,"href":"https:\/\/rdnews.al\/index.php\/wp-json\/wp\/v2\/users\/4"}],"replies":[{"embeddable":true,"href":"https:\/\/rdnews.al\/index.php\/wp-json\/wp\/v2\/comments?post=141725"}],"version-history":[{"count":1,"href":"https:\/\/rdnews.al\/index.php\/wp-json\/wp\/v2\/posts\/141725\/revisions"}],"predecessor-version":[{"id":141727,"href":"https:\/\/rdnews.al\/index.php\/wp-json\/wp\/v2\/posts\/141725\/revisions\/141727"}],"wp:featuredmedia":[{"embeddable":true,"href":"https:\/\/rdnews.al\/index.php\/wp-json\/wp\/v2\/media\/141726"}],"wp:attachment":[{"href":"https:\/\/rdnews.al\/index.php\/wp-json\/wp\/v2\/media?parent=141725"}],"wp:term":[{"taxonomy":"category","embeddable":true,"href":"https:\/\/rdnews.al\/index.php\/wp-json\/wp\/v2\/categories?post=141725"},{"taxonomy":"post_tag","embeddable":true,"href":"https:\/\/rdnews.al\/index.php\/wp-json\/wp\/v2\/tags?post=141725"}],"curies":[{"name":"wp","href":"https:\/\/api.w.org\/{rel}","templated":true}]}}