{"id":141730,"date":"2026-05-01T09:36:51","date_gmt":"2026-05-01T09:36:51","guid":{"rendered":"https:\/\/rdnews.al\/?p=141730"},"modified":"2026-05-01T09:36:51","modified_gmt":"2026-05-01T09:36:51","slug":"ta-ruajme-partine-demokratike-nga-fenomeni-i-meremizimit","status":"publish","type":"post","link":"https:\/\/rdnews.al\/index.php\/2026\/05\/01\/ta-ruajme-partine-demokratike-nga-fenomeni-i-meremizimit\/","title":{"rendered":"Ta ruajm\u00eb Partin\u00eb Demokratike nga fenomeni i &#8220;meremizimit&#8221;!"},"content":{"rendered":"<p><strong>Nga Bislim AHMETAJ<\/strong><br class=\"html-br\" \/><br class=\"html-br\" \/><span class=\"html-span xexx8yu xyri2b x18d9i69 x1c1uobl x1hl2dhg x16tdsg8 x1vvkbs x3nfvp2 x1j61x8r x1fcty0u xdj266r xat24cr xm2jcoa x1mpyi22 xxymvpz xlup9mm x1kky2od\"><img loading=\"lazy\" decoding=\"async\" class=\"xz74otr x15mokao x1ga7v0g x16uus16 xbiv7yw\" src=\"https:\/\/static.xx.fbcdn.net\/images\/emoji.php\/v9\/tf3\/1\/16\/1f539.png\" alt=\"\ud83d\udd39\ufe0f\" width=\"16\" height=\"16\" \/><\/span>Ndoshta ka q\u00ebn\u00eb viti 2000 apo 2001, kur jam takuar n\u00eb zyr\u00ebn e tij me Profesor Ekrem Kryeziun, at\u00eb koh\u00eb Kryetar i Komun\u00ebs s\u00eb Prizrenit dhe N\u00ebn\/ Kryetar i LDK-s.<br class=\"html-br\" \/><span class=\"html-span xexx8yu xyri2b x18d9i69 x1c1uobl x1hl2dhg x16tdsg8 x1vvkbs x3nfvp2 x1j61x8r x1fcty0u xdj266r xat24cr xm2jcoa x1mpyi22 xxymvpz xlup9mm x1kky2od\"><img loading=\"lazy\" decoding=\"async\" class=\"xz74otr x15mokao x1ga7v0g x16uus16 xbiv7yw\" src=\"https:\/\/static.xx.fbcdn.net\/images\/emoji.php\/v9\/tf3\/1\/16\/1f539.png\" alt=\"\ud83d\udd39\ufe0f\" width=\"16\" height=\"16\" \/><\/span>Pasi shk\u00ebmbyem nderimet e rastit, nis\u00ebm nj\u00eb bised\u00eb t\u00eb shtruar p\u00ebr hallet e p\u00ebrbashk\u00ebta t\u00eb dy partive tona si motra.<br class=\"html-br\" \/>Bised\u00eb, q\u00eb jo rast\u00ebsisht mu kujtua sonte dhe po mundohem ta prodhoj thuajse n\u00eb m\u00ebnyr\u00eb autentike.<br class=\"html-br\" \/><span class=\"html-span xexx8yu xyri2b x18d9i69 x1c1uobl x1hl2dhg x16tdsg8 x1vvkbs x3nfvp2 x1j61x8r x1fcty0u xdj266r xat24cr xm2jcoa x1mpyi22 xxymvpz xlup9mm x1kky2od\"><img loading=\"lazy\" decoding=\"async\" class=\"xz74otr x15mokao x1ga7v0g x16uus16 xbiv7yw\" src=\"https:\/\/static.xx.fbcdn.net\/images\/emoji.php\/v9\/tf3\/1\/16\/1f539.png\" alt=\"\ud83d\udd39\ufe0f\" width=\"16\" height=\"16\" \/><\/span>Prof.Kryeziu -A ta d\u00ebgjon fjal\u00ebn Sali Berisha?<br class=\"html-br\" \/><span class=\"html-span xexx8yu xyri2b x18d9i69 x1c1uobl x1hl2dhg x16tdsg8 x1vvkbs x3nfvp2 x1j61x8r x1fcty0u xdj266r xat24cr xm2jcoa x1mpyi22 xxymvpz xlup9mm x1kky2od\"><img loading=\"lazy\" decoding=\"async\" class=\"xz74otr x15mokao x1ga7v0g x16uus16 xbiv7yw\" src=\"https:\/\/static.xx.fbcdn.net\/images\/emoji.php\/v9\/tf3\/1\/16\/1f539.png\" alt=\"\ud83d\udd39\ufe0f\" width=\"16\" height=\"16\" \/><\/span>Un\u00eb &#8211; Berisha si\u00e7 e dini edhe ju \u00ebsht\u00eb njeri q\u00eb d\u00ebgjon me shum\u00eb vemendje dhe respekt, por n\u00eb fund ban si di vet\u00eb.<br class=\"html-br\" \/><span class=\"html-span xexx8yu xyri2b x18d9i69 x1c1uobl x1hl2dhg x16tdsg8 x1vvkbs x3nfvp2 x1j61x8r x1fcty0u xdj266r xat24cr xm2jcoa x1mpyi22 xxymvpz xlup9mm x1kky2od\"><img loading=\"lazy\" decoding=\"async\" class=\"xz74otr x15mokao x1ga7v0g x16uus16 xbiv7yw\" src=\"https:\/\/static.xx.fbcdn.net\/images\/emoji.php\/v9\/tf3\/1\/16\/1f539.png\" alt=\"\ud83d\udd39\ufe0f\" width=\"16\" height=\"16\" \/><\/span>Prof. Kryeziu &#8211; Pash hatrin e Zotit thuaj nga ana ime, q\u00eb t\u00eb b\u00ebj \u00e7mos dhe ta ruaj Partin\u00eb Demokratike nga fenomeni i &#8220;ozganizimit&#8221;. Partin\u00eb Demokratike n\u00eb Shqip\u00ebri dhe Lidhjen Demokratike n\u00eb Kosov\u00eb i ndjekin dhe i votojn\u00eb qytetar\u00ebt e dy vendeve tona p\u00ebr ar\u00ebsyen e vetme, sepse ato udh\u00ebhiqen nga mendimi i elitave intelektuale. Po ra ky nivel dhe po ndryshoj ky kurs, dy partit\u00eb tona marrin fund&#8230;<br class=\"html-br\" \/><span class=\"html-span xexx8yu xyri2b x18d9i69 x1c1uobl x1hl2dhg x16tdsg8 x1vvkbs x3nfvp2 x1j61x8r x1fcty0u xdj266r xat24cr xm2jcoa x1mpyi22 xxymvpz xlup9mm x1kky2od\"><img loading=\"lazy\" decoding=\"async\" class=\"xz74otr x15mokao x1ga7v0g x16uus16 xbiv7yw\" src=\"https:\/\/static.xx.fbcdn.net\/images\/emoji.php\/v9\/tf3\/1\/16\/1f539.png\" alt=\"\ud83d\udd39\ufe0f\" width=\"16\" height=\"16\" \/><\/span>Biseda jon\u00eb at\u00eb koh\u00eb vazhdoj gjat\u00eb.<br class=\"html-br\" \/><span class=\"html-span xexx8yu xyri2b x18d9i69 x1c1uobl x1hl2dhg x16tdsg8 x1vvkbs x3nfvp2 x1j61x8r x1fcty0u xdj266r xat24cr xm2jcoa x1mpyi22 xxymvpz xlup9mm x1kky2od\"><img loading=\"lazy\" decoding=\"async\" class=\"xz74otr x15mokao x1ga7v0g x16uus16 xbiv7yw\" src=\"https:\/\/static.xx.fbcdn.net\/images\/emoji.php\/v9\/tf3\/1\/16\/1f539.png\" alt=\"\ud83d\udd39\ufe0f\" width=\"16\" height=\"16\" \/><\/span>Un\u00eb sigurisht q\u00eb ja p\u00ebrcolla Berish\u00ebs porosin\u00eb e profesorit.<br class=\"html-br\" \/><span class=\"html-span xexx8yu xyri2b x18d9i69 x1c1uobl x1hl2dhg x16tdsg8 x1vvkbs x3nfvp2 x1j61x8r x1fcty0u xdj266r xat24cr xm2jcoa x1mpyi22 xxymvpz xlup9mm x1kky2od\"><img loading=\"lazy\" decoding=\"async\" class=\"xz74otr x15mokao x1ga7v0g x16uus16 xbiv7yw\" src=\"https:\/\/static.xx.fbcdn.net\/images\/emoji.php\/v9\/tf3\/1\/16\/1f539.png\" alt=\"\ud83d\udd39\ufe0f\" width=\"16\" height=\"16\" \/><\/span>Me pas jemi takuar shpesh her\u00eb, por kemi folur m\u00eb shum\u00eb p\u00ebr let\u00ebrsi se sa p\u00ebr politik\u00eb.<br class=\"html-br\" \/><span class=\"html-span xexx8yu xyri2b x18d9i69 x1c1uobl x1hl2dhg x16tdsg8 x1vvkbs x3nfvp2 x1j61x8r x1fcty0u xdj266r xat24cr xm2jcoa x1mpyi22 xxymvpz xlup9mm x1kky2od\"><img loading=\"lazy\" decoding=\"async\" class=\"xz74otr x15mokao x1ga7v0g x16uus16 xbiv7yw\" src=\"https:\/\/static.xx.fbcdn.net\/images\/emoji.php\/v9\/tf1\/1\/16\/1f537.png\" alt=\"\ud83d\udd37\ufe0f\" width=\"16\" height=\"16\" \/><\/span>Sonte pas 26 vitesh, m\u00eb erdhi n\u00eb kujtes\u00eb ajo bised\u00eb, kur pash se po rishfaqet i nj\u00ebjti sindrom i vjet\u00ebr me emra t\u00eb rinj; fenomeni i &#8220;meremizimit&#8221; t\u00eb Partis\u00eb Demokratike.<br class=\"html-br\" \/><span class=\"html-span xexx8yu xyri2b x18d9i69 x1c1uobl x1hl2dhg x16tdsg8 x1vvkbs x3nfvp2 x1j61x8r x1fcty0u xdj266r xat24cr xm2jcoa x1mpyi22 xxymvpz xlup9mm x1kky2od\"><img loading=\"lazy\" decoding=\"async\" class=\"xz74otr x15mokao x1ga7v0g x16uus16 xbiv7yw\" src=\"https:\/\/static.xx.fbcdn.net\/images\/emoji.php\/v9\/tf1\/1\/16\/1f537.png\" alt=\"\ud83d\udd37\ufe0f\" width=\"16\" height=\"16\" \/><\/span>Kush ka hat\u00ebr dhe mund\u00ebsi duhet t\u00eb b\u00ebj \u00e7mos dhe ta ruaj forc\u00ebn m\u00eb t\u00eb madhe t\u00eb opozit\u00ebs nga &#8220;meremizimi&#8221;.<br class=\"html-br\" \/><span class=\"html-span xdj266r x14z9mp xat24cr x1lziwak xexx8yu xyri2b x18d9i69 x1c1uobl x1hl2dhg x16tdsg8 x1vvkbs\"><a class=\"x1i10hfl xjbqb8w x1ejq31n x18oe1m7 x1sy0etr xstzfhl x972fbf x10w94by x1qhh985 x14e42zd x9f619 x1ypdohk xt0psk2 x3ct3a4 xdj266r x14z9mp xat24cr x1lziwak xexx8yu xyri2b x18d9i69 x1c1uobl x16tdsg8 x1hl2dhg xggy1nq x1a2a7pz xkrqix3 x1sur9pj xzsf02u x1s688f\" tabindex=\"0\" role=\"link\" href=\"https:\/\/www.facebook.com\/hashtag\/i?__cft__[0]=AZbOVjYRuQXzvZu7Tp-juv-auHmV2eK2gufpjwDc932hZFUwYyNJ87pb3ZVolIR5OtZsxruaESI7dido2QqXLS16AQOq6Zlu9QxYpaYMCvb9R5Df-4mON8nDlvvApbKt2ozYHsDPtI4PL0Xce4hU2Mt0&amp;__tn__=*NK*F\" target=\"_blank\" rel=\"noopener\">#I<\/a><\/span>\u00a0pari vet Berisha,<br class=\"html-br\" \/><span class=\"html-span xdj266r x14z9mp xat24cr x1lziwak xexx8yu xyri2b x18d9i69 x1c1uobl x1hl2dhg x16tdsg8 x1vvkbs\"><a class=\"x1i10hfl xjbqb8w x1ejq31n x18oe1m7 x1sy0etr xstzfhl x972fbf x10w94by x1qhh985 x14e42zd x9f619 x1ypdohk xt0psk2 x3ct3a4 xdj266r x14z9mp xat24cr x1lziwak xexx8yu xyri2b x18d9i69 x1c1uobl x16tdsg8 x1hl2dhg xggy1nq x1a2a7pz xkrqix3 x1sur9pj xzsf02u x1s688f\" tabindex=\"0\" role=\"link\" href=\"https:\/\/www.facebook.com\/hashtag\/pastaj?__cft__[0]=AZbOVjYRuQXzvZu7Tp-juv-auHmV2eK2gufpjwDc932hZFUwYyNJ87pb3ZVolIR5OtZsxruaESI7dido2QqXLS16AQOq6Zlu9QxYpaYMCvb9R5Df-4mON8nDlvvApbKt2ozYHsDPtI4PL0Xce4hU2Mt0&amp;__tn__=*NK*F\" target=\"_blank\" rel=\"noopener\">#pastaj<\/a><\/span>\u00a0edhe ne t\u00eb tjer\u00ebt&#8230;<\/p>\n","protected":false},"excerpt":{"rendered":"<p>Nga Bislim AHMETAJNdoshta ka q\u00ebn\u00eb viti 2000 apo 2001, kur jam takuar n\u00eb zyr\u00ebn e tij me Profesor Ekrem Kryeziun, at\u00eb koh\u00eb Kryetar i Komun\u00ebs s\u00eb Prizrenit dhe N\u00ebn\/ Kryetar i LDK-s.Pasi shk\u00ebmbyem nderimet e rastit, nis\u00ebm nj\u00eb bised\u00eb t\u00eb shtruar p\u00ebr hallet e p\u00ebrbashk\u00ebta t\u00eb dy partive tona si motra.Bised\u00eb, q\u00eb jo rast\u00ebsisht mu &hellip;<\/p>\n","protected":false},"author":4,"featured_media":141731,"comment_status":"closed","ping_status":"closed","sticky":false,"template":"","format":"standard","meta":{"footnotes":""},"categories":[44],"tags":[],"class_list":["post-141730","post","type-post","status-publish","format-standard","has-post-thumbnail","","category-editorial"],"_links":{"self":[{"href":"https:\/\/rdnews.al\/index.php\/wp-json\/wp\/v2\/posts\/141730","targetHints":{"allow":["GET"]}}],"collection":[{"href":"https:\/\/rdnews.al\/index.php\/wp-json\/wp\/v2\/posts"}],"about":[{"href":"https:\/\/rdnews.al\/index.php\/wp-json\/wp\/v2\/types\/post"}],"author":[{"embeddable":true,"href":"https:\/\/rdnews.al\/index.php\/wp-json\/wp\/v2\/users\/4"}],"replies":[{"embeddable":true,"href":"https:\/\/rdnews.al\/index.php\/wp-json\/wp\/v2\/comments?post=141730"}],"version-history":[{"count":2,"href":"https:\/\/rdnews.al\/index.php\/wp-json\/wp\/v2\/posts\/141730\/revisions"}],"predecessor-version":[{"id":141733,"href":"https:\/\/rdnews.al\/index.php\/wp-json\/wp\/v2\/posts\/141730\/revisions\/141733"}],"wp:featuredmedia":[{"embeddable":true,"href":"https:\/\/rdnews.al\/index.php\/wp-json\/wp\/v2\/media\/141731"}],"wp:attachment":[{"href":"https:\/\/rdnews.al\/index.php\/wp-json\/wp\/v2\/media?parent=141730"}],"wp:term":[{"taxonomy":"category","embeddable":true,"href":"https:\/\/rdnews.al\/index.php\/wp-json\/wp\/v2\/categories?post=141730"},{"taxonomy":"post_tag","embeddable":true,"href":"https:\/\/rdnews.al\/index.php\/wp-json\/wp\/v2\/tags?post=141730"}],"curies":[{"name":"wp","href":"https:\/\/api.w.org\/{rel}","templated":true}]}}