{"id":141734,"date":"2026-05-01T09:48:52","date_gmt":"2026-05-01T09:48:52","guid":{"rendered":"https:\/\/rdnews.al\/?p=141734"},"modified":"2026-05-01T09:51:23","modified_gmt":"2026-05-01T09:51:23","slug":"berisha-harper-ne-zagreb-alarm-per-autokraci-elektorale-ne-shqiperi-dhe-mbeshtetje-e-plote-nga-idu-per-opoziten-shqiptare","status":"publish","type":"post","link":"https:\/\/rdnews.al\/index.php\/2026\/05\/01\/berisha-harper-ne-zagreb-alarm-per-autokraci-elektorale-ne-shqiperi-dhe-mbeshtetje-e-plote-nga-idu-per-opoziten-shqiptare\/","title":{"rendered":"Berisha\u2013Harper n\u00eb Zagreb: Alarm p\u00ebr \u2018autokraci elektorale\u2019 n\u00eb Shqip\u00ebri dhe mb\u00ebshtetje e plot\u00eb nga IDU p\u00ebr opozit\u00ebn shqiptare"},"content":{"rendered":"<p><strong>Delegacioni i PD dhe PR takon Presidentin e IDU, Stephen Harper, n\u00eb Zagreb<\/strong><\/p>\n<p>N\u00eb kuad\u00ebr t\u00eb Forumit t\u00eb International Democrat Union (IDU) n\u00eb Zagreb, nj\u00eb delegacion i Partis\u00eb Demokratike t\u00eb Shqip\u00ebris\u00eb, i kryesuar nga Kryetari Sali Berisha, dhe i Partis\u00eb Republikane, i kryesuar nga Fatmir Mediu, zhvilloi nj\u00eb takim me Presidentin e IDU, Stephen Harper.<\/p>\n<p><strong>Mir\u00ebnjohje dhe mb\u00ebshtetje institucionale<\/strong><\/p>\n<p>Kryetari Berisha shprehi mir\u00ebnjohjen p\u00ebr mb\u00ebshtetjen e vazhdueshme q\u00eb IDU i ka dh\u00ebn\u00eb Partis\u00eb Demokratike gjat\u00eb periudhave m\u00eb t\u00eb v\u00ebshtira politike n\u00eb Shqip\u00ebri.<\/p>\n<p><strong>Regres demokratik dhe shqet\u00ebsime t\u00eb r\u00ebnda<\/strong><\/p>\n<p>Berisha ngriti para Presidentit Harper nj\u00eb s\u00ebr\u00eb shqet\u00ebsimesh serioze lidhur me gjendjen demokratike n\u00eb Shqip\u00ebri, duke iu referuar vler\u00ebsimeve nd\u00ebrkomb\u00ebtare q\u00eb e klasifikojn\u00eb vendin si &#8216;autokraci elektorale&#8217;. N\u00eb fokus t\u00eb diskutimit ishin:<\/p>\n<p>&#8211; *Mbrojtja politike e korrupsionit* n\u00eb nivele t\u00eb larta, p\u00ebrfshir\u00eb rastin e Belinda Ballukut dhe refuzimin e shumic\u00ebs socialiste p\u00ebr t&#8217;i hequr imunitetin, duke penguar k\u00ebshtu arrestimin e saj;<br \/>\n&#8211; *Ndikimi i karteleve t\u00eb drog\u00ebs dhe i krimit t\u00eb organizuar* n\u00eb proceset politike dhe ekonomike t\u00eb vendit;<br \/>\n&#8211; *Shnd\u00ebrrimi i ekonomis\u00eb shqiptare* n\u00eb nj\u00eb &#8220;narco-ekonomi&#8221;, me tentakulat n\u00eb t\u00eb gjith\u00eb sektor\u00ebt, duke e kthyer Shqip\u00ebrin\u00eb n\u00eb nj\u00eb parajs\u00eb fiskale p\u00ebr pastrimin e t\u00eb ardhurave nga trafiku i drog\u00ebs dhe krimi i organizuar;<br \/>\n&#8211; *Persekutimi sistematik i opozit\u00ebs*, me theks t\u00eb ve\u00e7ant\u00eb n\u00eb keqtrajtimin e papranuesh\u00ebm t\u00eb ish-Presidentit Ilir Meta.<\/p>\n<p><strong>Emigrimi masiv dhe integrimi europian<\/strong><\/p>\n<p>Berisha n\u00ebnvizoi emigrimin masiv si nj\u00eb nga plag\u00ebt m\u00eb t\u00eb m\u00ebdha t\u00eb vendit, ku mbi 1.1 milion qytetar\u00eb, kryesisht t\u00eb rinj, jan\u00eb larguar drejt vendeve t\u00eb Bashkimit Europian. Ai theksoi se Shqip\u00ebria aktualisht p\u00ebrmbush kryesisht vet\u00ebm kriteret gjeostrategjike nd\u00ebrsa procesi i integrimit duhet t\u00eb bazohet n\u00eb merit\u00eb dhe n\u00eb p\u00ebrmbushjen reale t\u00eb standardeve demokratike. Sipas tij, ky proces mbetet i bllokuar p\u00ebr shkak t\u00eb kapjes s\u00eb shtetit nga qeverisja aktuale.<\/p>\n<p><strong>Reagimi i Presidentit Harper<\/strong><\/p>\n<p>Presidenti Stephen Harper vler\u00ebsoi si zhvillim pozitiv faktin q\u00eb qytetar\u00ebt shqiptar\u00eb mbeten fuqimishtdhe pro-NATO pavar\u00ebsisht politikave t\u00eb qeveris\u00eb n\u00eb fuqi. N\u00eb p\u00ebrfundim t\u00eb takimit, Harper rikonfirmoi mb\u00ebshtetjen e plot\u00eb t\u00eb IDU p\u00ebr Partin\u00eb Demokratike dhe forcat opozitare n\u00eb Shqip\u00ebri, si dhe p\u00ebr procesin e integrimit europian t\u00eb vendit.<\/p>\n<p><strong>P\u00ebrb\u00ebrja e delegacioneve<\/strong><\/p>\n<p>Delegacionin shqiptar e p\u00ebrb\u00ebnin: Kryetari i Partis\u00eb Republikane Fatmir Mediu, deputet\u00ebt Albana Vokshi dhe Belind K\u00eblli\u00e7i si dhe Sekretari p\u00ebr Marr\u00ebdh\u00ebniet Nd\u00ebrkomb\u00ebtare Enri \u00c7eno.<\/p>\n<p><img loading=\"lazy\" decoding=\"async\" class=\"alignnone size-medium wp-image-141738\" src=\"https:\/\/rdnews.al\/wp-content\/uploads\/2026\/05\/beri-300x200.jpg\" alt=\"\" width=\"300\" height=\"200\" srcset=\"https:\/\/rdnews.al\/wp-content\/uploads\/2026\/05\/beri-300x200.jpg 300w, https:\/\/rdnews.al\/wp-content\/uploads\/2026\/05\/beri-1024x682.jpg 1024w, https:\/\/rdnews.al\/wp-content\/uploads\/2026\/05\/beri-768x512.jpg 768w, https:\/\/rdnews.al\/wp-content\/uploads\/2026\/05\/beri-1536x1023.jpg 1536w, https:\/\/rdnews.al\/wp-content\/uploads\/2026\/05\/beri.jpg 1600w\" sizes=\"auto, (max-width: 300px) 100vw, 300px\" \/><\/p>\n","protected":false},"excerpt":{"rendered":"<p>Delegacioni i PD dhe PR takon Presidentin e IDU, Stephen Harper, n\u00eb Zagreb N\u00eb kuad\u00ebr t\u00eb Forumit t\u00eb International Democrat Union (IDU) n\u00eb Zagreb, nj\u00eb delegacion i Partis\u00eb Demokratike t\u00eb Shqip\u00ebris\u00eb, i kryesuar nga Kryetari Sali Berisha, dhe i Partis\u00eb Republikane, i kryesuar nga Fatmir Mediu, zhvilloi nj\u00eb takim me Presidentin e IDU, Stephen Harper. &hellip;<\/p>\n","protected":false},"author":4,"featured_media":141735,"comment_status":"closed","ping_status":"closed","sticky":false,"template":"","format":"standard","meta":{"footnotes":""},"categories":[37],"tags":[],"class_list":["post-141734","post","type-post","status-publish","format-standard","has-post-thumbnail","","category-politike"],"_links":{"self":[{"href":"https:\/\/rdnews.al\/index.php\/wp-json\/wp\/v2\/posts\/141734","targetHints":{"allow":["GET"]}}],"collection":[{"href":"https:\/\/rdnews.al\/index.php\/wp-json\/wp\/v2\/posts"}],"about":[{"href":"https:\/\/rdnews.al\/index.php\/wp-json\/wp\/v2\/types\/post"}],"author":[{"embeddable":true,"href":"https:\/\/rdnews.al\/index.php\/wp-json\/wp\/v2\/users\/4"}],"replies":[{"embeddable":true,"href":"https:\/\/rdnews.al\/index.php\/wp-json\/wp\/v2\/comments?post=141734"}],"version-history":[{"count":3,"href":"https:\/\/rdnews.al\/index.php\/wp-json\/wp\/v2\/posts\/141734\/revisions"}],"predecessor-version":[{"id":141739,"href":"https:\/\/rdnews.al\/index.php\/wp-json\/wp\/v2\/posts\/141734\/revisions\/141739"}],"wp:featuredmedia":[{"embeddable":true,"href":"https:\/\/rdnews.al\/index.php\/wp-json\/wp\/v2\/media\/141735"}],"wp:attachment":[{"href":"https:\/\/rdnews.al\/index.php\/wp-json\/wp\/v2\/media?parent=141734"}],"wp:term":[{"taxonomy":"category","embeddable":true,"href":"https:\/\/rdnews.al\/index.php\/wp-json\/wp\/v2\/categories?post=141734"},{"taxonomy":"post_tag","embeddable":true,"href":"https:\/\/rdnews.al\/index.php\/wp-json\/wp\/v2\/tags?post=141734"}],"curies":[{"name":"wp","href":"https:\/\/api.w.org\/{rel}","templated":true}]}}