{"id":141740,"date":"2026-05-01T10:46:41","date_gmt":"2026-05-01T10:46:41","guid":{"rendered":"https:\/\/rdnews.al\/?p=141740"},"modified":"2026-05-01T10:46:41","modified_gmt":"2026-05-01T10:46:41","slug":"takimi-berisha-mucunski-respektimi-i-komunitetit-shqiptar-ne-maqedonine-e-veriut-dhe-pershpejtimi-i-integrimit-europian-ne-fokus-strategjik","status":"publish","type":"post","link":"https:\/\/rdnews.al\/index.php\/2026\/05\/01\/takimi-berisha-mucunski-respektimi-i-komunitetit-shqiptar-ne-maqedonine-e-veriut-dhe-pershpejtimi-i-integrimit-europian-ne-fokus-strategjik\/","title":{"rendered":"Takimi Berisha-Mucunski: Respektimi i komunitetit shqiptar n\u00eb Maqedonin\u00eb e Veriut dhe p\u00ebrshpejtimi i integrimit europian n\u00eb fokus strategjik"},"content":{"rendered":"<p>Delegacioni i Partis\u00eb Demokratike dhe i Partis\u00eb Republikane, kryesuar nga kryetari i PD-s\u00eb, Prof. Dr. Sali Berisha, zhvilluan nj\u00eb takim me Ministrin e Jasht\u00ebm t\u00eb Maqedonis\u00eb s\u00eb Veriut, Tim\u00e7o Mucunski, n\u00eb kuad\u00ebr t\u00eb Forumit t\u00eb Internacionales Demokratike t\u00eb Qendr\u00ebs (IDU), q\u00eb po mbahet n\u00eb Zagreb.<\/p>\n<p>Biseda, e cil\u00ebsuar nga t\u00eb dyja pal\u00ebt si e hapur dhe konstruktive, u p\u00ebrqendrua n\u00eb \u00e7\u00ebshtje me r\u00ebnd\u00ebsi strategjike p\u00ebr t\u00eb dy vendet dhe p\u00ebr rajonin n\u00eb t\u00ebr\u00ebsi.<\/p>\n<p>Pal\u00ebt shpreh\u00ebn bindjen e p\u00ebrbashk\u00ebt se procesi i integrimit europian mbetet jetik p\u00ebr t\u00eb ardhmen e Shqip\u00ebris\u00eb dhe Maqedonis\u00eb s\u00eb Veriut. U theksua nevoja q\u00eb t\u00eb dy vendet t\u00eb p\u00ebrparojn\u00eb me ritme t\u00eb p\u00ebrshpejtuara, n\u00ebp\u00ebrmjet p\u00ebrmbushjes s\u00eb standardeve europiane dhe forcimit t\u00eb shtetit t\u00eb s\u00eb drejt\u00ebs.<\/p>\n<p>Kryetari i Partis\u00eb Demokratike, Prof. Dr. Sali Berisha vuri n\u00eb dukje r\u00ebnd\u00ebsin\u00eb e respektimit, mbrojtjes dhe avancimit t\u00eb t\u00eb drejtave t\u00eb komunitetit shqiptar n\u00eb Maqedonin\u00eb e Veriut, duke e cil\u00ebsuar k\u00ebt\u00eb \u00e7\u00ebshtje si element ky\u00e7 p\u00ebr stabilitetin e brendsh\u00ebm dhe funksionimin e nj\u00eb shteti demokratik e gjith\u00ebp\u00ebrfshir\u00ebs. Garantimi i barazis\u00eb reale, i p\u00ebrfaq\u00ebsimit t\u00eb drejt\u00eb dhe i zbatimit t\u00eb plot\u00eb t\u00eb marr\u00ebveshjeve ekzistuese u n\u00ebnvizua si kusht thelb\u00ebsor p\u00ebr bashk\u00ebjetes\u00eb t\u00eb q\u00ebndrueshme dhe besim nd\u00ebrkombetar mes komuniteteve.<\/p>\n<p>Pal\u00ebt i kushtuan nj\u00eb v\u00ebmendje t\u00eb ve\u00e7ant\u00eb thellimit t\u00eb bashk\u00ebpunimit ekonomik dhe rritjes s\u00eb shk\u00ebmbimeve tregtare. N\u00eb qend\u00ebr t\u00eb diskutimit u vendos Korridori 8, i konsideruar si nj\u00eb arterje infrastrukturore strategjike p\u00ebr lidhjen e rajonit me tregjet europiane, me potencial t\u00eb lart\u00eb p\u00ebr nxitjen e investimeve dhe krijimin e vendeve t\u00eb pun\u00ebs.<\/p>\n<p>Delegacionet diskutuan gjithashtu p\u00ebr zgjerimin e bashk\u00ebpunimit n\u00eb fusha si energjia, infrastruktura dhe siguria rajonale, si dhe koordinimin n\u00eb kuad\u00ebr t\u00eb organizatave nd\u00ebrkomb\u00ebtare. U theksua se nj\u00eb bashk\u00ebrendim m\u00eb i ngusht\u00eb mes dy vendeve \u00ebsht\u00eb i domosdosh\u00ebm p\u00ebr p\u00ebrballimin e sfidave t\u00eb p\u00ebrbashk\u00ebta.<\/p>\n<p>Partia Demokratike dhe Partia Republikane rikonfirmuan angazhimin e tyre p\u00ebr forcimin e marr\u00ebdh\u00ebnieve dypal\u00ebshe Shqip\u00ebri\u2013Maqedoni e Veriut dhe mb\u00ebshtetjen e \u00e7do iniciative q\u00eb kontribuon n\u00eb paqe, stabilitet dhe integrim europian t\u00eb rajonit.<\/p>\n","protected":false},"excerpt":{"rendered":"<p>Delegacioni i Partis\u00eb Demokratike dhe i Partis\u00eb Republikane, kryesuar nga kryetari i PD-s\u00eb, Prof. Dr. Sali Berisha, zhvilluan nj\u00eb takim me Ministrin e Jasht\u00ebm t\u00eb Maqedonis\u00eb s\u00eb Veriut, Tim\u00e7o Mucunski, n\u00eb kuad\u00ebr t\u00eb Forumit t\u00eb Internacionales Demokratike t\u00eb Qendr\u00ebs (IDU), q\u00eb po mbahet n\u00eb Zagreb. Biseda, e cil\u00ebsuar nga t\u00eb dyja pal\u00ebt si e hapur &hellip;<\/p>\n","protected":false},"author":4,"featured_media":141741,"comment_status":"closed","ping_status":"closed","sticky":false,"template":"","format":"standard","meta":{"footnotes":""},"categories":[37],"tags":[],"class_list":["post-141740","post","type-post","status-publish","format-standard","has-post-thumbnail","","category-politike"],"_links":{"self":[{"href":"https:\/\/rdnews.al\/index.php\/wp-json\/wp\/v2\/posts\/141740","targetHints":{"allow":["GET"]}}],"collection":[{"href":"https:\/\/rdnews.al\/index.php\/wp-json\/wp\/v2\/posts"}],"about":[{"href":"https:\/\/rdnews.al\/index.php\/wp-json\/wp\/v2\/types\/post"}],"author":[{"embeddable":true,"href":"https:\/\/rdnews.al\/index.php\/wp-json\/wp\/v2\/users\/4"}],"replies":[{"embeddable":true,"href":"https:\/\/rdnews.al\/index.php\/wp-json\/wp\/v2\/comments?post=141740"}],"version-history":[{"count":1,"href":"https:\/\/rdnews.al\/index.php\/wp-json\/wp\/v2\/posts\/141740\/revisions"}],"predecessor-version":[{"id":141742,"href":"https:\/\/rdnews.al\/index.php\/wp-json\/wp\/v2\/posts\/141740\/revisions\/141742"}],"wp:featuredmedia":[{"embeddable":true,"href":"https:\/\/rdnews.al\/index.php\/wp-json\/wp\/v2\/media\/141741"}],"wp:attachment":[{"href":"https:\/\/rdnews.al\/index.php\/wp-json\/wp\/v2\/media?parent=141740"}],"wp:term":[{"taxonomy":"category","embeddable":true,"href":"https:\/\/rdnews.al\/index.php\/wp-json\/wp\/v2\/categories?post=141740"},{"taxonomy":"post_tag","embeddable":true,"href":"https:\/\/rdnews.al\/index.php\/wp-json\/wp\/v2\/tags?post=141740"}],"curies":[{"name":"wp","href":"https:\/\/api.w.org\/{rel}","templated":true}]}}