{"id":141746,"date":"2026-05-01T11:33:50","date_gmt":"2026-05-01T11:33:50","guid":{"rendered":"https:\/\/rdnews.al\/?p=141746"},"modified":"2026-05-01T11:33:50","modified_gmt":"2026-05-01T11:33:50","slug":"partizanin-malltezi-taulanti-nuk-kishte-asnje-prove-bazohej-tek-zp-dhe-fjala-e-partise","status":"publish","type":"post","link":"https:\/\/rdnews.al\/index.php\/2026\/05\/01\/partizanin-malltezi-taulanti-nuk-kishte-asnje-prove-bazohej-tek-zp-dhe-fjala-e-partise\/","title":{"rendered":"&#8220;Partizanin&#8221;\/ Malltezi: Taulanti nuk kishte asnj\u00eb prov\u00eb, bazohej tek \u2018ZP\u2019 dhe fjala e partis\u00eb&#8230;"},"content":{"rendered":"<p>Nj\u00eb dit\u00eb pas gjyqit \u2018Partizani\u2019 ku d\u00ebshmoi Taulant Balla, ka reaguar s\u00ebrish Jamamb\u00ebr Malltezi lidhur me at\u00eb \u00e7far\u00eb \u2018u sajua\u2019 n\u00eb seanc\u00ebn gjyq\u00ebsore.<\/p>\n<p>N\u00eb nj\u00eb reagim n\u00eb rrjetet sociale, Malltezi shkruan se, Balla nuk kishte as fakte e as dokumente p\u00ebr t\u00eb bazuar kall\u00ebzimin e tij p\u00ebr \u2018Partizanin\u2019, por sipas tij, bazohej tek gazeta \u2018ZP\u2019 dhe tek fjala e partis\u00eb.<\/p>\n<p>\u201cTaulanti nuk kishte asnj\u00eb prov\u00eb, por tha se e di nga media. Kam hedhur n\u00eb gjyq p\u00ebr shpifje Isa Taren dhe Alfred Moisiun. Ata n\u00eb deklarat\u00ebn e mbrojtjes thon\u00eb: Nuk di gj\u00eb vet\u00eb, por e kam bazuar n\u00eb media dhe n\u00eb kall\u00ebzimin e kreut t\u00eb grupit parlamentar t\u00eb PS\u201d, shkruan Mallezi.<\/p>\n<p><img decoding=\"async\" src=\"https:\/\/www.syri.net\/uploads\/syri.net\/images\/2026\/May\/01\/auto_e491944b-8603-456f-a7e4-b051151ba8731777634120.jpg\" alt=\"Image\" \/><\/p>\n","protected":false},"excerpt":{"rendered":"<p>Nj\u00eb dit\u00eb pas gjyqit \u2018Partizani\u2019 ku d\u00ebshmoi Taulant Balla, ka reaguar s\u00ebrish Jamamb\u00ebr Malltezi lidhur me at\u00eb \u00e7far\u00eb \u2018u sajua\u2019 n\u00eb seanc\u00ebn gjyq\u00ebsore. N\u00eb nj\u00eb reagim n\u00eb rrjetet sociale, Malltezi shkruan se, Balla nuk kishte as fakte e as dokumente p\u00ebr t\u00eb bazuar kall\u00ebzimin e tij p\u00ebr \u2018Partizanin\u2019, por sipas tij, bazohej tek gazeta \u2018ZP\u2019 &hellip;<\/p>\n","protected":false},"author":4,"featured_media":118590,"comment_status":"closed","ping_status":"closed","sticky":false,"template":"","format":"standard","meta":{"footnotes":""},"categories":[37],"tags":[],"class_list":["post-141746","post","type-post","status-publish","format-standard","has-post-thumbnail","","category-politike"],"_links":{"self":[{"href":"https:\/\/rdnews.al\/index.php\/wp-json\/wp\/v2\/posts\/141746","targetHints":{"allow":["GET"]}}],"collection":[{"href":"https:\/\/rdnews.al\/index.php\/wp-json\/wp\/v2\/posts"}],"about":[{"href":"https:\/\/rdnews.al\/index.php\/wp-json\/wp\/v2\/types\/post"}],"author":[{"embeddable":true,"href":"https:\/\/rdnews.al\/index.php\/wp-json\/wp\/v2\/users\/4"}],"replies":[{"embeddable":true,"href":"https:\/\/rdnews.al\/index.php\/wp-json\/wp\/v2\/comments?post=141746"}],"version-history":[{"count":2,"href":"https:\/\/rdnews.al\/index.php\/wp-json\/wp\/v2\/posts\/141746\/revisions"}],"predecessor-version":[{"id":141748,"href":"https:\/\/rdnews.al\/index.php\/wp-json\/wp\/v2\/posts\/141746\/revisions\/141748"}],"wp:featuredmedia":[{"embeddable":true,"href":"https:\/\/rdnews.al\/index.php\/wp-json\/wp\/v2\/media\/118590"}],"wp:attachment":[{"href":"https:\/\/rdnews.al\/index.php\/wp-json\/wp\/v2\/media?parent=141746"}],"wp:term":[{"taxonomy":"category","embeddable":true,"href":"https:\/\/rdnews.al\/index.php\/wp-json\/wp\/v2\/categories?post=141746"},{"taxonomy":"post_tag","embeddable":true,"href":"https:\/\/rdnews.al\/index.php\/wp-json\/wp\/v2\/tags?post=141746"}],"curies":[{"name":"wp","href":"https:\/\/api.w.org\/{rel}","templated":true}]}}