{"id":141749,"date":"2026-05-01T16:53:26","date_gmt":"2026-05-01T16:53:26","guid":{"rendered":"https:\/\/rdnews.al\/?p=141749"},"modified":"2026-05-01T16:53:43","modified_gmt":"2026-05-01T16:53:43","slug":"kapadaiu-i-tiranes-qe-u-denigrua-ne-athine","status":"publish","type":"post","link":"https:\/\/rdnews.al\/index.php\/2026\/05\/01\/kapadaiu-i-tiranes-qe-u-denigrua-ne-athine\/","title":{"rendered":"Kapadaiu i Tiran\u00ebs q\u00eb u denigrua n\u00eb Athin\u00eb!"},"content":{"rendered":"<p>Nga\u00a0<strong>Boldnews.al<\/strong><\/p>\n<div class=\"jeg_ad jeg_ad_article jnews_content_inline_ads \">\n<div class=\"ads-wrapper align-center \">\n<div class=\"ads_code\">\u00c7\u00ebshtje or\u00ebsh p\u00ebsoi si gjithnj\u00eb ndryshim 360 grad\u00eb. Nuk \u00ebsht\u00eb hera e par\u00eb, por forma e tij e t\u00eb b\u00ebrit politik\u00eb, duke treguar dh\u00ebmb\u00ebt n\u00eb Shqip\u00ebri, por i n\u00ebnshtruar deri n\u00eb qesharak n\u00eb takimet jasht\u00eb vendit.<\/div>\n<\/div>\n<\/div>\n<p>N\u00eb vizit\u00ebn q\u00eb po vijon n\u00eb Greqi n\u00eb kuad\u00ebr t\u00eb Forumit Ekonomik t\u00eb Delfit, kryeministri Rama pati nj\u00eb takim me homologun grek Mitsotakis. I veshur shp\u00ebrq\u00ebndrueesh\u00ebm, pa etik\u00eb dhe protokoll, Rama shkoi me t\u00eb nj\u00ebt\u00ebn veshje q\u00eb mban kur takon fermer\u00ebt e Divjak\u00ebs, madje patronazhist\u00eb t\u00eb hequr si fermer\u00eb. Tej dukjes, ai tentoi t\u00eb zbus\u00eb situat\u00ebn me q\u00ebllimin e kapjes s\u00eb ndonj\u00eb lajmi; teksa k\u00ebrkoi ndjes\u00eb pasi protokolli i tij nuk e kishte informuar se takimi ishte n\u00eb kuadratin zyrtar q\u00eb p\u00ebrfshin edhe etik\u00ebn e veshjes.<\/p>\n<p>Kryeministri grek e kaloi leht\u00eb dhe t\u00ebr\u00ebsisht n\u00eb injorim k\u00ebt\u00eb \u201clajmin e madh\u201d q\u00eb donte n\u00eb nxirrte Rama. Djalli nuk fshihej n\u00eb detajet (poturet e zeza), por n\u00eb sjelljen politike kur shtrohen \u00e7\u00ebshtje t\u00eb marr\u00ebdh\u00ebnieve dypal\u00ebshe, drejt\u00ebsia e shantazhuar nga pushteti apo edhe integrimit dhe integritetit t\u00eb vendit.<\/p>\n<p>I pyetur nga gazetar\u00ebt p\u00ebr d\u00ebnimin e Fredi Belerit, kryeministri Rama dha nj\u00eb p\u00ebrgjigje n\u00eb dukje t\u00eb but\u00eb dhe me q\u00ebndrimin se n\u00eb Shqip\u00ebri sipas tij po ndodh di\u00e7ka serioze q\u00eb ka t\u00eb b\u00ebj\u00eb me \u201cdrejt\u00ebsin\u00eb e pavarur\u201d, e cila kjo drejt\u00ebsi po i d\u00ebnonte edhe njer\u00ebzit e tij politik.<\/p>\n<p>Duke iu referuar Belerit, Rama tha:\u00a0<em>\u201cPo pse duhet t\u2019i kthehemi, \u00ebsht\u00eb i lumtur \u00ebsht\u00eb eurodeputet. P\u00ebr t\u00eb \u00e7do gj\u00eb p\u00ebrfundoi n\u00eb t\u00eb till\u00eb m\u00ebnyr\u00eb sa \u00e7do kryetar bashkie q\u00eb \u00ebsht\u00eb \u00e7uar n\u00eb paraburgim do ta kishte \u00ebnd\u00ebrr, por vazhdojn\u00eb t\u00eb jen\u00eb n\u00eb burg. Sot kam prov\u00eb q\u00eb n\u00eb at\u00eb koh\u00eb dukej sikur ishte rast unik. Dhe jam p\u00ebrpjekur t\u2019ia shpjegoj mikut tim t\u00eb dashur Qirjakos q\u00eb kjo \u00ebsht\u00eb di\u00e7ka q\u00eb ka t\u00eb b\u00ebj\u00eb me nj\u00eb model n\u00eb vendin ton\u00eb pas reform\u00ebs n\u00eb drejt\u00ebsi q\u00eb po b\u00ebhet nj\u00eb problem\u201d<\/em>, tha Rama.<\/p>\n<p>P\u00ebr t\u00eb drejt\u00ebsia \u201c\u00ebsht\u00eb problem\u201d. Kjo u tha n\u00eb nj\u00eb vend q\u00eb \u00ebsht\u00eb an\u00ebtar i BE-s\u00eb dhe ka nj\u00eb tjet\u00ebr qasje n\u00eb raport me drejt\u00ebsin\u00eb. E tha gjithashtu n\u00eb nj\u00eb vend fqinj, q\u00eb jo gjithnj\u00eb ka qen\u00eb nj\u00eb \u201cfqinj i mir\u00eb\u201d p\u00ebr ne, n\u00eb koh\u00eb dhe rrethana.<\/p>\n<p>Kryeministri yn\u00eb foli ashtu si\u00e7 ishte veshur, si n\u00eb nj\u00eb takim me fermer\u00eb e blegtor\u00eb q\u00eb mbar\u00ebshtojn\u00eb dhi. Lirsh\u00ebm, pa teklif dhe n\u00eb p\u00ebrpjekje p\u00ebr tu duket lider i madh tha tre t\u00eb v\u00ebrteta q\u00eb nuk ishte vendi dhe koha p\u00ebr t\u2019i th\u00ebn\u00eb.<\/p>\n<p>Raporti me drejt\u00ebsin\u00eb sot i ka kushtuar Shqip\u00ebris\u00eb bllokim t\u00eb procesit t\u00eb integrimit n\u00eb BE, pa e kuptuar se drejt\u00ebsia \u00ebsht\u00eb llastik n\u00eb duart e tij dhe n\u00eb ndonj\u00eb moment q\u00eb nuk i p\u00eblqen vendimet e saj, Rama tregon forc\u00ebn. K\u00ebt\u00eb BE e di m\u00eb mir\u00eb se kushdo, ndaj Shqip\u00ebrin\u00eb e ka futur n\u00eb rrethin e kuq t\u00eb monitorimit t\u00eb rrept\u00eb. Po ashtu ai gjeti dit\u00ebn e gabuar p\u00ebr tu duket \u201clider interesant\u201d. Mali i Zi \u00ebsht\u00eb me nj\u00eb k\u00ebmb\u00eb n\u00eb Bashkimin Europian, nd\u00ebrsa Rama po na d\u00ebrgon n\u00eb nj\u00eb qend\u00ebr tjet\u00ebr \u201cintegruese\u201d q\u00eb nuk kap\u00ebrcen m\u00eb larg se Beogradi.<\/p>\n","protected":false},"excerpt":{"rendered":"<p>Nga\u00a0Boldnews.al \u00c7\u00ebshtje or\u00ebsh p\u00ebsoi si gjithnj\u00eb ndryshim 360 grad\u00eb. Nuk \u00ebsht\u00eb hera e par\u00eb, por forma e tij e t\u00eb b\u00ebrit politik\u00eb, duke treguar dh\u00ebmb\u00ebt n\u00eb Shqip\u00ebri, por i n\u00ebnshtruar deri n\u00eb qesharak n\u00eb takimet jasht\u00eb vendit. N\u00eb vizit\u00ebn q\u00eb po vijon n\u00eb Greqi n\u00eb kuad\u00ebr t\u00eb Forumit Ekonomik t\u00eb Delfit, kryeministri Rama pati nj\u00eb &hellip;<\/p>\n","protected":false},"author":4,"featured_media":118436,"comment_status":"closed","ping_status":"closed","sticky":false,"template":"","format":"standard","meta":{"footnotes":""},"categories":[37],"tags":[],"class_list":["post-141749","post","type-post","status-publish","format-standard","has-post-thumbnail","","category-politike"],"_links":{"self":[{"href":"https:\/\/rdnews.al\/index.php\/wp-json\/wp\/v2\/posts\/141749","targetHints":{"allow":["GET"]}}],"collection":[{"href":"https:\/\/rdnews.al\/index.php\/wp-json\/wp\/v2\/posts"}],"about":[{"href":"https:\/\/rdnews.al\/index.php\/wp-json\/wp\/v2\/types\/post"}],"author":[{"embeddable":true,"href":"https:\/\/rdnews.al\/index.php\/wp-json\/wp\/v2\/users\/4"}],"replies":[{"embeddable":true,"href":"https:\/\/rdnews.al\/index.php\/wp-json\/wp\/v2\/comments?post=141749"}],"version-history":[{"count":1,"href":"https:\/\/rdnews.al\/index.php\/wp-json\/wp\/v2\/posts\/141749\/revisions"}],"predecessor-version":[{"id":141750,"href":"https:\/\/rdnews.al\/index.php\/wp-json\/wp\/v2\/posts\/141749\/revisions\/141750"}],"wp:featuredmedia":[{"embeddable":true,"href":"https:\/\/rdnews.al\/index.php\/wp-json\/wp\/v2\/media\/118436"}],"wp:attachment":[{"href":"https:\/\/rdnews.al\/index.php\/wp-json\/wp\/v2\/media?parent=141749"}],"wp:term":[{"taxonomy":"category","embeddable":true,"href":"https:\/\/rdnews.al\/index.php\/wp-json\/wp\/v2\/categories?post=141749"},{"taxonomy":"post_tag","embeddable":true,"href":"https:\/\/rdnews.al\/index.php\/wp-json\/wp\/v2\/tags?post=141749"}],"curies":[{"name":"wp","href":"https:\/\/api.w.org\/{rel}","templated":true}]}}