{"id":141751,"date":"2026-05-01T16:57:58","date_gmt":"2026-05-01T16:57:58","guid":{"rendered":"https:\/\/rdnews.al\/?p=141751"},"modified":"2026-05-01T16:57:58","modified_gmt":"2026-05-01T16:57:58","slug":"noka-takime-ne-njesine-8-cdo-qytetar-qe-zgjedh-protesten-ndaj-regjimit-eshte-nje-opozite","status":"publish","type":"post","link":"https:\/\/rdnews.al\/index.php\/2026\/05\/01\/noka-takime-ne-njesine-8-cdo-qytetar-qe-zgjedh-protesten-ndaj-regjimit-eshte-nje-opozite\/","title":{"rendered":"Noka takime n\u00eb Nj\u00ebsin\u00eb 8: \u00c7do qytetar q\u00eb zgjedh protest\u00ebn ndaj regjimit \u00ebsht\u00eb nj\u00eb opozit\u00eb"},"content":{"rendered":"<p>Sekretari i P\u00ebrgjithsh\u00ebm i PD, Flamur Noka, zhvilloi sot nj\u00eb s\u00ebr\u00eb takimesh n\u00eb Nj\u00ebsin\u00eb 8 t\u00eb Tiran\u00ebs, duke ftuar qytetar\u00ebt q\u00eb t\u00eb b\u00ebhen pjes\u00eb e protest\u00ebs s\u00eb 8 Majit.<\/p>\n<p>Noka u drejtoi qytetar\u00ebve nj\u00eb mesazh t\u00eb fort\u00eb, duke theksuar se \u00e7do individ q\u00eb zgjedh t\u00eb dal\u00eb n\u00eb protest\u00eb p\u00ebrfaq\u00ebson vet\u00eb opozit\u00ebn.<\/p>\n<p>Sipas tij, regjimi aktual po p\u00ebrdor \u00e7do z\u00eb publik si mjet propagande, duke u p\u00ebrpjekur t\u00eb neutralizoj\u00eb \u00e7do form\u00eb kritike. Opozita dhe demokrat\u00ebt kan\u00eb si q\u00ebllim t&#8217;i japin z\u00eb \u2018shumic\u00ebs s\u00eb heshtur\u2019, \u00ebsht\u00eb shprehur Noka gjat\u00eb takimeve.<\/p>\n<p><strong>Postimi<\/strong><\/p>\n<p>Sot n\u00eb Nj\u00ebsin\u00eb 8 p\u00ebr 8 majin.<\/p>\n<p>\u00c7do qytetar q\u00eb zgjedh protest\u00ebn ndaj regjimit \u00ebsht\u00eb nj\u00eb opozit\u00eb.<\/p>\n<p>P\u00ebr t\u00eb mbijetuar, ky regjim \u00ebsht\u00eb gati ta kthej\u00eb \u00e7do z\u00eb publik n\u00eb megafon t\u00eb propagand\u00ebs s\u00eb vet, por ne do i japim z\u00eb asaj shumice t\u00eb heshtur e jo pak t\u00eb frik\u00ebsuar, t\u00eb mbroj\u00eb dinjitetin e emrit shqiptar.<\/p>\n<p><iframe loading=\"lazy\" src=\"https:\/\/www.facebook.com\/plugins\/post.php?href=https%3A%2F%2Fwww.facebook.com%2Fpermalink.php%3Fstory_fbid%3Dpfbid02wfN4HJuGSxX4hbmbFtN1JpvZPqC8HhBhomWkGkL7fcy28MPqk84ztiErGqGfizqul%26id%3D100063549317919&amp;show_text=true&amp;width=500\" width=\"500\" height=\"723\" frameborder=\"0\" scrolling=\"no\" allowfullscreen=\"allowfullscreen\" data-mce-fragment=\"1\"><\/iframe><\/p>\n","protected":false},"excerpt":{"rendered":"<p>Sekretari i P\u00ebrgjithsh\u00ebm i PD, Flamur Noka, zhvilloi sot nj\u00eb s\u00ebr\u00eb takimesh n\u00eb Nj\u00ebsin\u00eb 8 t\u00eb Tiran\u00ebs, duke ftuar qytetar\u00ebt q\u00eb t\u00eb b\u00ebhen pjes\u00eb e protest\u00ebs s\u00eb 8 Majit. Noka u drejtoi qytetar\u00ebve nj\u00eb mesazh t\u00eb fort\u00eb, duke theksuar se \u00e7do individ q\u00eb zgjedh t\u00eb dal\u00eb n\u00eb protest\u00eb p\u00ebrfaq\u00ebson vet\u00eb opozit\u00ebn. Sipas tij, regjimi aktual &hellip;<\/p>\n","protected":false},"author":4,"featured_media":141752,"comment_status":"closed","ping_status":"closed","sticky":false,"template":"","format":"standard","meta":{"footnotes":""},"categories":[37],"tags":[],"class_list":["post-141751","post","type-post","status-publish","format-standard","has-post-thumbnail","","category-politike"],"_links":{"self":[{"href":"https:\/\/rdnews.al\/index.php\/wp-json\/wp\/v2\/posts\/141751","targetHints":{"allow":["GET"]}}],"collection":[{"href":"https:\/\/rdnews.al\/index.php\/wp-json\/wp\/v2\/posts"}],"about":[{"href":"https:\/\/rdnews.al\/index.php\/wp-json\/wp\/v2\/types\/post"}],"author":[{"embeddable":true,"href":"https:\/\/rdnews.al\/index.php\/wp-json\/wp\/v2\/users\/4"}],"replies":[{"embeddable":true,"href":"https:\/\/rdnews.al\/index.php\/wp-json\/wp\/v2\/comments?post=141751"}],"version-history":[{"count":2,"href":"https:\/\/rdnews.al\/index.php\/wp-json\/wp\/v2\/posts\/141751\/revisions"}],"predecessor-version":[{"id":141754,"href":"https:\/\/rdnews.al\/index.php\/wp-json\/wp\/v2\/posts\/141751\/revisions\/141754"}],"wp:featuredmedia":[{"embeddable":true,"href":"https:\/\/rdnews.al\/index.php\/wp-json\/wp\/v2\/media\/141752"}],"wp:attachment":[{"href":"https:\/\/rdnews.al\/index.php\/wp-json\/wp\/v2\/media?parent=141751"}],"wp:term":[{"taxonomy":"category","embeddable":true,"href":"https:\/\/rdnews.al\/index.php\/wp-json\/wp\/v2\/categories?post=141751"},{"taxonomy":"post_tag","embeddable":true,"href":"https:\/\/rdnews.al\/index.php\/wp-json\/wp\/v2\/tags?post=141751"}],"curies":[{"name":"wp","href":"https:\/\/api.w.org\/{rel}","templated":true}]}}