{"id":141759,"date":"2026-05-01T17:12:52","date_gmt":"2026-05-01T17:12:52","guid":{"rendered":"https:\/\/rdnews.al\/?p=141759"},"modified":"2026-05-01T17:12:52","modified_gmt":"2026-05-01T17:12:52","slug":"berisha-takim-me-ish-presidentin-kroat-mesic-te-ndiqet-cdo-rruge-demokratike-per-tu-perballur-me-sfidat","status":"publish","type":"post","link":"https:\/\/rdnews.al\/index.php\/2026\/05\/01\/berisha-takim-me-ish-presidentin-kroat-mesic-te-ndiqet-cdo-rruge-demokratike-per-tu-perballur-me-sfidat\/","title":{"rendered":"Berisha takim me ish-Presidentin kroat, Mesi\u00e7: T\u00eb ndiqet \u00e7do rrug\u00eb demokratike p\u00ebr t\u2019u p\u00ebrballur me sfidat!"},"content":{"rendered":"<p>N\u00eb kuad\u00ebr t\u00eb vizit\u00ebs treditore n\u00eb Zagreb, si pjes\u00eb e Forumit t\u00eb International Democrat Union, delegacioni i Partis\u00eb Demokratike dhe Partis\u00eb Republikane t\u00eb Shqip\u00ebris\u00eb, i kryesuar nga kryetari i PD-s\u00eb, Sali Berisha, zhvilloi nj\u00eb takim me ish-Presidentin e Kroacis\u00eb, Stjepan Mesic.<\/p>\n<p>Gjat\u00eb takimit, Berisha dhe Mediu fal\u00ebnderuan Mesic, t\u00eb cilin e cil\u00ebsuan si nj\u00eb mik t\u00eb vjet\u00ebr t\u00eb tyre dhe t\u00eb shqiptar\u00ebve, p\u00ebr mb\u00ebshtetjen e vazhdueshme ndaj kombit shqiptar, ve\u00e7an\u00ebrisht p\u00ebr Pavar\u00ebsin\u00eb e Kosov\u00ebs dhe bashk\u00ebpunimin e tij, si dhe t\u00eb Kroacis\u00eb, n\u00eb procesin e an\u00ebtar\u00ebsimit t\u00eb Shqip\u00ebris\u00eb n\u00eb NATO.<\/p>\n<p>N\u00eb fjal\u00ebn e tij, Berisha u shpreh kritik ndaj situat\u00ebs aktuale n\u00eb Shqip\u00ebri, duke theksuar se ndryshe nga Kroacia, e cila tashm\u00eb \u00ebsht\u00eb vend an\u00ebtar i Bashkimit Evropian, Shqip\u00ebria ka sh\u00ebnuar regres. Sipas kryetarit t\u00eb PD-s\u00eb, korrupsioni, krimi i organizuar dhe mungesa e zgjedhjeve t\u00eb lira kan\u00eb ndikuar negativisht n\u00eb rrug\u00ebn europiane t\u00eb vendit.<\/p>\n<p>Nga ana tjet\u00ebr, ish-Presidenti Mesic theksoi se shqiptar\u00ebt duhet t\u00eb ndjekin \u00e7do rrug\u00eb demokratike p\u00ebr t\u2019u p\u00ebrballur me sfidat dhe p\u00ebr t\u00eb kap\u00ebrcyer situatat e v\u00ebshtira me t\u00eb cilat p\u00ebrballet vendi.<\/p>\n<p><img loading=\"lazy\" decoding=\"async\" class=\"alignnone size-medium wp-image-141761\" src=\"https:\/\/rdnews.al\/wp-content\/uploads\/2026\/05\/ber-300x200.jpeg\" alt=\"\" width=\"300\" height=\"200\" srcset=\"https:\/\/rdnews.al\/wp-content\/uploads\/2026\/05\/ber-300x200.jpeg 300w, https:\/\/rdnews.al\/wp-content\/uploads\/2026\/05\/ber-1024x683.jpeg 1024w, https:\/\/rdnews.al\/wp-content\/uploads\/2026\/05\/ber-768x512.jpeg 768w, https:\/\/rdnews.al\/wp-content\/uploads\/2026\/05\/ber.jpeg 1280w\" sizes=\"auto, (max-width: 300px) 100vw, 300px\" \/><\/p>\n","protected":false},"excerpt":{"rendered":"<p>N\u00eb kuad\u00ebr t\u00eb vizit\u00ebs treditore n\u00eb Zagreb, si pjes\u00eb e Forumit t\u00eb International Democrat Union, delegacioni i Partis\u00eb Demokratike dhe Partis\u00eb Republikane t\u00eb Shqip\u00ebris\u00eb, i kryesuar nga kryetari i PD-s\u00eb, Sali Berisha, zhvilloi nj\u00eb takim me ish-Presidentin e Kroacis\u00eb, Stjepan Mesic. Gjat\u00eb takimit, Berisha dhe Mediu fal\u00ebnderuan Mesic, t\u00eb cilin e cil\u00ebsuan si nj\u00eb mik &hellip;<\/p>\n","protected":false},"author":4,"featured_media":141760,"comment_status":"closed","ping_status":"closed","sticky":false,"template":"","format":"standard","meta":{"footnotes":""},"categories":[37],"tags":[],"class_list":["post-141759","post","type-post","status-publish","format-standard","has-post-thumbnail","","category-politike"],"_links":{"self":[{"href":"https:\/\/rdnews.al\/index.php\/wp-json\/wp\/v2\/posts\/141759","targetHints":{"allow":["GET"]}}],"collection":[{"href":"https:\/\/rdnews.al\/index.php\/wp-json\/wp\/v2\/posts"}],"about":[{"href":"https:\/\/rdnews.al\/index.php\/wp-json\/wp\/v2\/types\/post"}],"author":[{"embeddable":true,"href":"https:\/\/rdnews.al\/index.php\/wp-json\/wp\/v2\/users\/4"}],"replies":[{"embeddable":true,"href":"https:\/\/rdnews.al\/index.php\/wp-json\/wp\/v2\/comments?post=141759"}],"version-history":[{"count":2,"href":"https:\/\/rdnews.al\/index.php\/wp-json\/wp\/v2\/posts\/141759\/revisions"}],"predecessor-version":[{"id":141763,"href":"https:\/\/rdnews.al\/index.php\/wp-json\/wp\/v2\/posts\/141759\/revisions\/141763"}],"wp:featuredmedia":[{"embeddable":true,"href":"https:\/\/rdnews.al\/index.php\/wp-json\/wp\/v2\/media\/141760"}],"wp:attachment":[{"href":"https:\/\/rdnews.al\/index.php\/wp-json\/wp\/v2\/media?parent=141759"}],"wp:term":[{"taxonomy":"category","embeddable":true,"href":"https:\/\/rdnews.al\/index.php\/wp-json\/wp\/v2\/categories?post=141759"},{"taxonomy":"post_tag","embeddable":true,"href":"https:\/\/rdnews.al\/index.php\/wp-json\/wp\/v2\/tags?post=141759"}],"curies":[{"name":"wp","href":"https:\/\/api.w.org\/{rel}","templated":true}]}}