{"id":141767,"date":"2026-05-01T20:18:13","date_gmt":"2026-05-01T20:18:13","guid":{"rendered":"https:\/\/rdnews.al\/?p=141767"},"modified":"2026-05-01T20:38:27","modified_gmt":"2026-05-01T20:38:27","slug":"video-skandal-lul-berisha-me-banden-festojne-me-alkool-dhe-droge-ne-qeline-e-burgut-te-sigurise-se-larte","status":"publish","type":"post","link":"https:\/\/rdnews.al\/index.php\/2026\/05\/01\/video-skandal-lul-berisha-me-banden-festojne-me-alkool-dhe-droge-ne-qeline-e-burgut-te-sigurise-se-larte\/","title":{"rendered":"Haremi n\u00eb burgjet e siguris\u00eb s\u00eb lart\u00eb\/ Bandat e Ram\u00ebs festojn\u00eb me alkool dhe drog\u00eb"},"content":{"rendered":"<p>Nj\u00eb video-skandal brenda nj\u00eb burgu t\u00eb siguris\u00eb s\u00eb lart\u00eb \u00ebsht\u00eb publikuar s\u00eb fundmi ku d\u00ebshmohet edhe nj\u00eb her\u00eb d\u00ebshtimi i siguris\u00eb dhe disiplin\u00ebs n\u00eb burgjet e Shqip\u00ebris\u00eb s\u00eb Rilindur.<\/p>\n<p>Si\u00e7 shihet n\u00eb videon e publikuar n\u00eb podkastin \u201cMaShqip\u201d nga gazetari Flamur Vezaj, personazhe t\u00eb bot\u00ebs s\u00eb krimit si Lul Berisha, Fehmi Mziu, Islam Kasa alias Mitralozi, Astril Avdylaj, dhe t\u00eb \u201cbesuarit\u201d e Kel Arapit, etj, po festojn\u00eb n\u00eb qeli me telefon, alkool e l\u00ebnd\u00eb narkotike.<\/p>\n<p>Video e publikuar \u00ebsht\u00eb nj\u00eb tronditje e madhe p\u00ebr sigurin\u00eb n\u00eb ambientet e vuajtjes s\u00eb d\u00ebnimit.<\/p>\n<p>Institucionet e kategoris\u00eb s\u00eb siguris\u00eb s\u00eb lart\u00eb jan\u00eb vende ku personat me rrezikshm\u00ebri t\u00eb lart\u00eb mund t\u00eb mbahen n\u00ebn kontroll m\u00eb t\u00eb shtuar, por n\u00eb Shqip\u00ebri ndodh e kund\u00ebrta.<\/p>\n<p>Kriminel\u00ebt b\u00ebjn\u00eb ligjin, caktojn\u00eb drejtor\u00ebt \u201ct\u00eb bekuar\u201d edhe nga qeveria Rama, kthejn\u00eb qelin\u00eb n\u00eb nj\u00eb kafaz t\u00eb art\u00eb ku policia vihet n\u00eb sh\u00ebrbim t\u00eb \u201csheik\u00ebve\u201d t\u00eb d\u00ebnuar p\u00ebr krime nga m\u00eb t\u00eb ndryshmet.<\/p>\n<p><iframe loading=\"lazy\" src=\"https:\/\/www.facebook.com\/plugins\/video.php?height=476&amp;href=https%3A%2F%2Fwww.facebook.com%2Freel%2F1269837705352538%2F&amp;show_text=false&amp;width=267&amp;t=0\" width=\"267\" height=\"476\" frameborder=\"0\" scrolling=\"no\" allowfullscreen=\"allowfullscreen\" data-mce-fragment=\"1\"><\/iframe><\/p>\n<p>T\u00eb burgosurit shihet qart\u00eb se nuk e kan\u00eb aspak t\u00eb v\u00ebshtir\u00eb q\u00eb nga qelia luksoze e burgut t\u00eb porosisin krime t\u00eb tjera me \u201cbekimin\u201d e zyrtar\u00ebve t\u00eb lart\u00eb t\u00eb Rilindjes q\u00eb i ka vendosur n\u00eb krye.<\/p>\n<p>P\u00ebr k\u00ebt\u00eb rast duhet t\u00eb ket\u00eb nj\u00eb hetim t\u00eb thell\u00eb pasi ky skandal nuk mund t\u00eb kalohet vet\u00ebm me pezullim e polic\u00ebve, si\u00e7 ka ndodhur m\u00eb par\u00eb edhe n\u00eb rastin e killerit Nuredin Dumani i cili e kishte kthyer qelin\u00eb n\u00eb nj\u00eb \u2018dhom\u00eb hoteli luksoz\u2019.<\/p>\n<p>Gazetari Artan Hoxha e cil\u00ebsoi videon si nj\u00eb tregues t\u00eb qart\u00eb t\u00eb m\u00ebnyr\u00ebs si funksionon sistemi n\u00eb burgje, duke theksuar se kush ka para, siguron kushte dhe privilegje edhe brenda qelis\u00eb. Sipas tij, gjith\u00e7ka ka nj\u00eb \u00e7mim: telefonat futen me pages\u00eb, alkooli sigurohet me lek\u00eb, nd\u00ebrsa \u2018malli\u2019 hyn p\u00ebrmes rrug\u00ebve t\u00eb paligjshme dhe shpesh me \u00e7mime m\u00eb t\u00eb larta se jasht\u00eb. L\u00ebvizja nga nj\u00eb qeli n\u00eb tjetr\u00ebn nuk ndodh rast\u00ebsisht, por p\u00ebrmes marr\u00ebveshjeve dhe favoreve.<\/p>\n<p>Flamur Vezaj theksoi se video dyshohet t\u00eb jet\u00eb filmuar n\u00eb burgun e Peqinit dhe \u00ebsht\u00eb mbajtur p\u00ebr nj\u00eb periudh\u00eb p\u00ebr verifikim para publikimit. Sipas tij, pamjet tregojn\u00eb qart\u00eb se dera e qelis\u00eb duket e hapur dhe ka disa telefona n\u00eb p\u00ebrdorim.<\/p>\n<div class=\"jeg_video_container jeg_video_content\"><iframe loading=\"lazy\" title=\"#E21:Video-skandal n\u00eb qelin\u00eb e burgut t\u00eb siguris\u00eb s\u00eb lart\u00eb: Lul Berisha me \u201cband\u00ebn\u201d n\u00eb fest\u00eb...\" src=\"https:\/\/www.youtube.com\/embed\/zJdAAAVfVFI?feature=oembed\" width=\"500\" height=\"281\" frameborder=\"0\" allowfullscreen=\"allowfullscreen\" data-mce-fragment=\"1\"><\/iframe><\/div>\n<p><strong>P\u00ebr \u00e7far\u00eb akuzohen t\u00eb d\u00ebnuarit q\u00eb jetojn\u00eb si \u2018sheik\u00eb\u2019 n\u00eb qeli<\/strong><\/p>\n<p>Akuzat q\u00eb r\u00ebndojn\u00eb ndaj\u00a0<strong>Lulzim Berish\u00ebs<\/strong>\u00a0jan\u00eb ajo e vrasjes s\u00eb Klodian Saliut, por edhe vrasja e mbetur n\u00eb tentativ\u00eb e nj\u00eb shtetasi tjet\u00ebr q\u00eb po udh\u00ebtonte n\u00eb t\u00eb nj\u00ebjt\u00ebn makin\u00eb me viktim\u00ebn si dhe kryerje e veprimeve n\u00eb kuad\u00ebr t\u00eb grupit kriminal. Emri i 55-vje\u00e7arit u rr\u00ebfye nga i penduari i drejt\u00ebsis\u00eb Luftar Re\u00e7i, i cili ekspozoi edhe emrat e Viktor Ymerit dhe Emiliano Shullazit.<\/p>\n<p><strong>Islam Kasa alias Mitralozi<\/strong>, 53 vje\u00e7, \u00ebsht\u00eb arrestuar\u00a0pasi Gjykata e Apelit n\u00eb Bolonja, Itali, me vendimin e dat\u00ebs 18.06.2019, e ka d\u00ebnuar me 23 vjet, 1 muaj e 7 dit\u00eb burg, p\u00ebr vepr\u00ebn penale \u201cTrafikim i drogave\u201d, parashikuar nga Kodi Penal italian.<\/p>\n<div class=\"insertion-box\">\n<div class=\"mediajsnative\">\n<p>Administratori i klubi t\u00eb futbollit \u201cKorabi\u201d n\u00eb Dib\u00ebr,<strong>\u00a0Fehmi Meziu<\/strong>\u00a0(M\u00ebziu) u arrestua pasi\u00a0 Gjykata e Apelit n\u00eb Napoli e d\u00ebnoi me 13 vjet burg p\u00ebr veprat penale \u201cShfryt\u00ebzim prostitucioni\u201d dhe \u201cOrganizat\u00eb kriminale\u201d.<\/p>\n<p><strong>Astrit Avdylaj,<\/strong>\u00a0me nofk\u00ebn Ni\u00e7ja, njihet si kreu i band\u00ebs s\u00eb Shijakut dhe ndaj tij ka pasur akuza droge, vrasje, prostitucion, por edhe p\u00ebr lidhje t\u00eb forta politike, s\u00eb bashku me v\u00ebllan\u00eb e tij Altin Avdylaj.<\/p>\n<\/div>\n<\/div>\n","protected":false},"excerpt":{"rendered":"<p>Nj\u00eb video-skandal brenda nj\u00eb burgu t\u00eb siguris\u00eb s\u00eb lart\u00eb \u00ebsht\u00eb publikuar s\u00eb fundmi ku d\u00ebshmohet edhe nj\u00eb her\u00eb d\u00ebshtimi i siguris\u00eb dhe disiplin\u00ebs n\u00eb burgjet e Shqip\u00ebris\u00eb s\u00eb Rilindur. Si\u00e7 shihet n\u00eb videon e publikuar n\u00eb podkastin \u201cMaShqip\u201d nga gazetari Flamur Vezaj, personazhe t\u00eb bot\u00ebs s\u00eb krimit si Lul Berisha, Fehmi Mziu, Islam Kasa alias &hellip;<\/p>\n","protected":false},"author":4,"featured_media":141768,"comment_status":"closed","ping_status":"closed","sticky":false,"template":"","format":"standard","meta":{"footnotes":""},"categories":[37],"tags":[],"class_list":["post-141767","post","type-post","status-publish","format-standard","has-post-thumbnail","","category-politike"],"_links":{"self":[{"href":"https:\/\/rdnews.al\/index.php\/wp-json\/wp\/v2\/posts\/141767","targetHints":{"allow":["GET"]}}],"collection":[{"href":"https:\/\/rdnews.al\/index.php\/wp-json\/wp\/v2\/posts"}],"about":[{"href":"https:\/\/rdnews.al\/index.php\/wp-json\/wp\/v2\/types\/post"}],"author":[{"embeddable":true,"href":"https:\/\/rdnews.al\/index.php\/wp-json\/wp\/v2\/users\/4"}],"replies":[{"embeddable":true,"href":"https:\/\/rdnews.al\/index.php\/wp-json\/wp\/v2\/comments?post=141767"}],"version-history":[{"count":4,"href":"https:\/\/rdnews.al\/index.php\/wp-json\/wp\/v2\/posts\/141767\/revisions"}],"predecessor-version":[{"id":141772,"href":"https:\/\/rdnews.al\/index.php\/wp-json\/wp\/v2\/posts\/141767\/revisions\/141772"}],"wp:featuredmedia":[{"embeddable":true,"href":"https:\/\/rdnews.al\/index.php\/wp-json\/wp\/v2\/media\/141768"}],"wp:attachment":[{"href":"https:\/\/rdnews.al\/index.php\/wp-json\/wp\/v2\/media?parent=141767"}],"wp:term":[{"taxonomy":"category","embeddable":true,"href":"https:\/\/rdnews.al\/index.php\/wp-json\/wp\/v2\/categories?post=141767"},{"taxonomy":"post_tag","embeddable":true,"href":"https:\/\/rdnews.al\/index.php\/wp-json\/wp\/v2\/tags?post=141767"}],"curies":[{"name":"wp","href":"https:\/\/api.w.org\/{rel}","templated":true}]}}